{"id":581957,"date":"2025-12-06T10:59:12","date_gmt":"2025-12-06T10:59:12","guid":{"rendered":"https:\/\/www.europesays.com\/fr\/581957\/"},"modified":"2025-12-06T10:59:12","modified_gmt":"2025-12-06T10:59:12","slug":"people-raphael-quenard-est-en-dedicace-a-grenoble-ce-samedi","status":"publish","type":"post","link":"https:\/\/www.europesays.com\/fr\/581957\/","title":{"rendered":"People. Rapha\u00ebl Quenard est en d\u00e9dicace \u00e0 Grenoble ce samedi"},"content":{"rendered":"<p><a href=\"https:\/\/www.ledauphine.com\/p\/raphael-quenard\" target=\"_blank\" rel=\"nofollow noopener\">Rapha\u00ebl Quenard<\/a> est de retour en Is\u00e8re\u00a0!\u00a0Celui que l&rsquo;on conna\u00eet en tant qu&rsquo;acteur dans de nombreux films, comme Yannick ou encore Chien de la casse,\u00a0est devenu auteur.<\/p>\n<p>Pour l&rsquo;occasion, la nouvelle star du cin\u00e9ma fran\u00e7ais propose une s\u00e9ance de d\u00e9didace \u00e0 la Fnac de Grenoble Victor-Hugo, ce samedi 6 d\u00e9cembre, \u00e0 partir de 15 h 30.\u00a0Il y pr\u00e9sentera\u00a0son premier roman, Clamser \u00e0 Tataouine, qui parait aux \u00e9ditions Flammarion. <\/p>\n<p>Attention, beaucoup de monde est attendu sur place, veillez bien \u00e0 <a href=\"https:\/\/leclaireur.fnac.com\/evenement\/cp67007-raphael-quenard-en-seance-de-dedicaces-a-la-fnac-grenoble-victor-hugo-sur-inscription\/\" target=\"_blank\" rel=\"nofollow noopener\">r\u00e9server votre place<\/a>.\u00a0<\/p>\n<p>C\u00e9sar 2024 de la meilleure r\u00e9v\u00e9lation masculine pour son r\u00f4le dans le film\u00a0Chien de la casse, Rapha\u00ebl Quenard \u00e9voque souvent son attachement \u00e0 sa r\u00e9gion d&rsquo;origine. <a href=\"https:\/\/www.ledauphine.com\/culture-loisirs\/2025\/08\/19\/raphael-quenard-make-grenoble-great-again\" target=\"_blank\" rel=\"nofollow noopener\">Pour les 80 ans du journal<\/a>, l&rsquo;acteur confiait au Dauphin\u00e9 Lib\u00e9r\u00e9\u00a0: \u00ab\u00a0J\u2019y ai v\u00e9cu de mes 0 \u00e0 mes 21 ans, donc c\u2019est tout pour moi. C\u2019est un r\u00e9gal d\u2019\u00eatre l\u00e0\u00a0!\u00a0\u00bb<\/p>\n<p>Et pour ceux qui l&rsquo;auraient manqu\u00e9 \u00e0 Grenoble, Rapha\u00ebl Quenard <a href=\"https:\/\/www.ledauphine.com\/culture-loisirs\/2025\/12\/05\/raphael-quenard-de-retour-a-gieres-ce-samedi\" target=\"_blank\" rel=\"nofollow noopener\">sera\u00a0\u00e9galement pr\u00e9sent \u00e0 Gi\u00e8res<\/a>, sa commune d&rsquo;origine, ce samedi 6 d\u00e9cembre de 19\u200ah \u00e0 20\u200ah\u200a45,\u00a0pour une s\u00e9ance de d\u00e9dicace \u00e0 la biblioth\u00e8que Fran\u00e7ois-Mitterrand.<\/p>\n","protected":false},"excerpt":{"rendered":"Rapha\u00ebl Quenard est de retour en Is\u00e8re\u00a0!\u00a0Celui que l&rsquo;on conna\u00eet en tant qu&rsquo;acteur dans de nombreux films, comme&hellip;\n","protected":false},"author":2,"featured_media":581958,"comment_status":"","ping_status":"","sticky":false,"template":"","format":"standard","meta":{"footnotes":""},"categories":[9566],"tags":[1111,11,2430,650,1687,112,1777,674,107,1011,27,2731,108,2410,12,25,273,2205],"class_list":{"0":"post-581957","1":"post","2":"type-post","3":"status-publish","4":"format-standard","5":"has-post-thumbnail","7":"category-grenoble","8":"tag-actu","9":"tag-actualites","10":"tag-auvergne-rhone-alpes","11":"tag-cinema","12":"tag-culture-loisirs","13":"tag-edition-grenoble-agglomeration","14":"tag-eu","15":"tag-europe","16":"tag-fil-info","17":"tag-fr","18":"tag-france","19":"tag-grenoble","20":"tag-isere","21":"tag-livres-bd","22":"tag-news","23":"tag-republique-francaise","24":"tag-selection-de-la-redaction","25":"tag-television-medias"},"share_on_mastodon":{"url":"https:\/\/pubeurope.com\/@fr\/115672276278052989","error":""},"_links":{"self":[{"href":"https:\/\/www.europesays.com\/fr\/wp-json\/wp\/v2\/posts\/581957","targetHints":{"allow":["GET"]}}],"collection":[{"href":"https:\/\/www.europesays.com\/fr\/wp-json\/wp\/v2\/posts"}],"about":[{"href":"https:\/\/www.europesays.com\/fr\/wp-json\/wp\/v2\/types\/post"}],"author":[{"embeddable":true,"href":"https:\/\/www.europesays.com\/fr\/wp-json\/wp\/v2\/users\/2"}],"replies":[{"embeddable":true,"href":"https:\/\/www.europesays.com\/fr\/wp-json\/wp\/v2\/comments?post=581957"}],"version-history":[{"count":0,"href":"https:\/\/www.europesays.com\/fr\/wp-json\/wp\/v2\/posts\/581957\/revisions"}],"wp:featuredmedia":[{"embeddable":true,"href":"https:\/\/www.europesays.com\/fr\/wp-json\/wp\/v2\/media\/581958"}],"wp:attachment":[{"href":"https:\/\/www.europesays.com\/fr\/wp-json\/wp\/v2\/media?parent=581957"}],"wp:term":[{"taxonomy":"category","embeddable":true,"href":"https:\/\/www.europesays.com\/fr\/wp-json\/wp\/v2\/categories?post=581957"},{"taxonomy":"post_tag","embeddable":true,"href":"https:\/\/www.europesays.com\/fr\/wp-json\/wp\/v2\/tags?post=581957"}],"curies":[{"name":"wp","href":"https:\/\/api.w.org\/{rel}","templated":true}]}}