{"id":581959,"date":"2025-12-06T11:00:25","date_gmt":"2025-12-06T11:00:25","guid":{"rendered":"https:\/\/www.europesays.com\/fr\/581959\/"},"modified":"2025-12-06T11:00:25","modified_gmt":"2025-12-06T11:00:25","slug":"la-securite-simpose-comme-un-theme-central-de-la-campagne","status":"publish","type":"post","link":"https:\/\/www.europesays.com\/fr\/581959\/","title":{"rendered":"la s\u00e9curit\u00e9 s\u2019impose comme un th\u00e8me central de la campagne"},"content":{"rendered":"<p>                     <img loading=\"lazy\" decoding=\"async\" src=\"https:\/\/www.europesays.com\/fr\/wp-content\/uploads\/2025\/12\/79a9320_upload-1-xjampa4tgr4u-000-36xk7bq.jpg\" alt=\"A Grenoble, apr\u00e8s qu\u2019une grenade a \u00e9t\u00e9 lanc\u00e9e dans un bar, le 12\u00a0f\u00e9vrier\u00a02025.\"   width=\"664\" height=\"443\"\/>    A Grenoble, apr\u00e8s qu\u2019une grenade a \u00e9t\u00e9 lanc\u00e9e dans un bar, le 12\u00a0f\u00e9vrier\u00a02025.  MAXIME GRUSS\/AFP                 <\/p>\n<p class=\"article__paragraph  \">\u00ab\u00a0Stop \u00e0 l\u2019ins\u00e9curit\u00e9\u00a0\u00bb. Les lettres blanches s\u2019affichent en capitales sur fond bleu, dans les rues de Grenoble. Les affiches sont celles d\u2019Alain Carignon, candidat d\u00e9clar\u00e9 aux \u00e9lections municipales de mars\u00a02026 \u00e0 Grenoble. Ancien maire (RPR) de la ville de 1983 \u00e0 1995, condamn\u00e9 \u00e0 cinq ans de prison dont quatre ans ferme pour corruption dans les ann\u00e9es 1990, Alain Carignon a fait du th\u00e8me de la s\u00e9curit\u00e9 l\u2019une de ses priorit\u00e9s de campagne pour esp\u00e9rer rafler la mairie de Grenoble \u00e0 la gauche.<\/p>\n<p class=\"article__paragraph  \">Tout comme la plupart des candidats \u00e0 l\u2019\u00e9lection locale, tant le sujet s\u2019est impos\u00e9 m\u00e9diatiquement et politiquement \u00e0 Grenoble. \u00ab\u00a0Il faut que les forces de gauche s\u2019emparent de ces sujets-l\u00e0, pour \u00e9viter les d\u00e9bordements, la d\u00e9magogie et la caricature\u00a0\u00bb, s\u2019alarme Romain Gentil, candidat pour Place publique.<\/p>\n<p class=\"article__paragraph  \">La ville est marqu\u00e9e, depuis de longues ann\u00e9es, par des fusillades li\u00e9es au narcotrafic, et traumatis\u00e9e par <a href=\"https:\/\/www.lemonde.fr\/societe\/article\/2024\/09\/15\/a-grenoble-une-marche-blanche-en-hommage-a-lilian-dejean-employe-municipal-tue-par-balle_6318673_3224.html\" target=\"_blank\" rel=\"noopener\">la mort par balle, en septembre\u00a02024, d\u2019un agent de la propret\u00e9<\/a>, Lilian Dejean, tu\u00e9 en pleine rue apr\u00e8s s\u2019\u00eatre interpos\u00e9 dans un d\u00e9lit de fuite. In\u00e9vitablement, ces drames ont pos\u00e9 la question des comp\u00e9tences et de l\u2019action municipale en mati\u00e8re de s\u00e9curit\u00e9. Le maire \u00e9cologiste sortant, Eric Piolle, en a toujours appel\u00e9 \u00e0 l\u2019Etat pour le d\u00e9ploiement de policiers nationaux, et\u00a0a cr\u00e9\u00e9, \u00e0 l\u2019\u00e9t\u00e9 2024, une police de proximit\u00e9 op\u00e9rant dans deux quartiers sensibles de Grenoble. Il\u00a0s\u2019est toujours refus\u00e9 \u00e0 \u00e9quiper d\u2019armes l\u00e9tales ces agents municipaux (ceux-ci sont \u00e9quip\u00e9s \u00e0 Grenoble de pistolets \u00e0 impulsion \u00e9lectrique, de bombes lacrymog\u00e8nes et de b\u00e2tons t\u00e9lescopiques) et \u00e0 d\u00e9velopper davantage le parc de cam\u00e9ras.<\/p>\n<p class=\"reading-mode-only \"><strong>Il vous reste 69.03% de cet article \u00e0 lire. La suite est r\u00e9serv\u00e9e aux abonn\u00e9s.<\/strong><\/p>\n","protected":false},"excerpt":{"rendered":"A Grenoble, apr\u00e8s qu\u2019une grenade a \u00e9t\u00e9 lanc\u00e9e dans un bar, le 12\u00a0f\u00e9vrier\u00a02025. MAXIME GRUSS\/AFP \u00ab\u00a0Stop \u00e0 l\u2019ins\u00e9curit\u00e9\u00a0\u00bb.&hellip;\n","protected":false},"author":2,"featured_media":581960,"comment_status":"","ping_status":"","sticky":false,"template":"","format":"standard","meta":{"footnotes":""},"categories":[9566],"tags":[1111,11,2430,1777,674,1011,27,2731,12,25],"class_list":{"0":"post-581959","1":"post","2":"type-post","3":"status-publish","4":"format-standard","5":"has-post-thumbnail","7":"category-grenoble","8":"tag-actu","9":"tag-actualites","10":"tag-auvergne-rhone-alpes","11":"tag-eu","12":"tag-europe","13":"tag-fr","14":"tag-france","15":"tag-grenoble","16":"tag-news","17":"tag-republique-francaise"},"share_on_mastodon":{"url":"https:\/\/pubeurope.com\/@fr\/115672281056872979","error":""},"_links":{"self":[{"href":"https:\/\/www.europesays.com\/fr\/wp-json\/wp\/v2\/posts\/581959","targetHints":{"allow":["GET"]}}],"collection":[{"href":"https:\/\/www.europesays.com\/fr\/wp-json\/wp\/v2\/posts"}],"about":[{"href":"https:\/\/www.europesays.com\/fr\/wp-json\/wp\/v2\/types\/post"}],"author":[{"embeddable":true,"href":"https:\/\/www.europesays.com\/fr\/wp-json\/wp\/v2\/users\/2"}],"replies":[{"embeddable":true,"href":"https:\/\/www.europesays.com\/fr\/wp-json\/wp\/v2\/comments?post=581959"}],"version-history":[{"count":0,"href":"https:\/\/www.europesays.com\/fr\/wp-json\/wp\/v2\/posts\/581959\/revisions"}],"wp:featuredmedia":[{"embeddable":true,"href":"https:\/\/www.europesays.com\/fr\/wp-json\/wp\/v2\/media\/581960"}],"wp:attachment":[{"href":"https:\/\/www.europesays.com\/fr\/wp-json\/wp\/v2\/media?parent=581959"}],"wp:term":[{"taxonomy":"category","embeddable":true,"href":"https:\/\/www.europesays.com\/fr\/wp-json\/wp\/v2\/categories?post=581959"},{"taxonomy":"post_tag","embeddable":true,"href":"https:\/\/www.europesays.com\/fr\/wp-json\/wp\/v2\/tags?post=581959"}],"curies":[{"name":"wp","href":"https:\/\/api.w.org\/{rel}","templated":true}]}}