{"id":581965,"date":"2025-12-06T11:04:12","date_gmt":"2025-12-06T11:04:12","guid":{"rendered":"https:\/\/www.europesays.com\/fr\/581965\/"},"modified":"2025-12-06T11:04:12","modified_gmt":"2025-12-06T11:04:12","slug":"strasbourg-la-ligne-c-bloquee-dans-la-matinee-a-cause-dun-camion-embourbe-sur-les-voies-du-tram","status":"publish","type":"post","link":"https:\/\/www.europesays.com\/fr\/581965\/","title":{"rendered":"Strasbourg. La ligne C bloqu\u00e9e dans la matin\u00e9e \u00e0 cause d&rsquo;un camion embourb\u00e9 sur les voies du tram"},"content":{"rendered":"<p>Le trafic de la ligne C du tram a \u00e9t\u00e9 perturb\u00e9 ce samedi matin \u00e0 Strasbourg, \u00e0 partir de 7h15. Un camion s\u2019est en effet embourb\u00e9 sur la plateforme du tramway, rue de Ribeauvill\u00e9 peu apr\u00e8s l\u2019arr\u00eat Lyc\u00e9e Jean-Monnet en direction de Gravi\u00e8re, bloquant la circulation dans les deux sens.<\/p>\n<p>La circulation des trams a \u00e9t\u00e9 interrompue entre les arr\u00eats Jean-Jaur\u00e8s et Kibitzenau en attendant l\u2019intervention d\u2019un d\u00e9panneur. Des bus de remplacement ont \u00e9t\u00e9 d\u00e9ploy\u00e9s. La circulation des trams est revenue \u00e0 la normale en fin de matin\u00e9e.<\/p>\n","protected":false},"excerpt":{"rendered":"Le trafic de la ligne C du tram a \u00e9t\u00e9 perturb\u00e9 ce samedi matin \u00e0 Strasbourg, \u00e0 partir&hellip;\n","protected":false},"author":2,"featured_media":581966,"comment_status":"","ping_status":"","sticky":false,"template":"","format":"standard","meta":{"footnotes":""},"categories":[2820],"tags":[1111,11,2880,1777,674,274,107,1011,27,775,12,25,640,2803],"class_list":{"0":"post-581965","1":"post","2":"type-post","3":"status-publish","4":"format-standard","5":"has-post-thumbnail","7":"category-strasbourg","8":"tag-actu","9":"tag-actualites","10":"tag-edition-strasbourg","11":"tag-eu","12":"tag-europe","13":"tag-faits-divers-justice","14":"tag-fil-info","15":"tag-fr","16":"tag-france","17":"tag-grand-est","18":"tag-news","19":"tag-republique-francaise","20":"tag-strasbourg","21":"tag-transport"},"share_on_mastodon":{"url":"https:\/\/pubeurope.com\/@fr\/115672295934345236","error":""},"_links":{"self":[{"href":"https:\/\/www.europesays.com\/fr\/wp-json\/wp\/v2\/posts\/581965","targetHints":{"allow":["GET"]}}],"collection":[{"href":"https:\/\/www.europesays.com\/fr\/wp-json\/wp\/v2\/posts"}],"about":[{"href":"https:\/\/www.europesays.com\/fr\/wp-json\/wp\/v2\/types\/post"}],"author":[{"embeddable":true,"href":"https:\/\/www.europesays.com\/fr\/wp-json\/wp\/v2\/users\/2"}],"replies":[{"embeddable":true,"href":"https:\/\/www.europesays.com\/fr\/wp-json\/wp\/v2\/comments?post=581965"}],"version-history":[{"count":0,"href":"https:\/\/www.europesays.com\/fr\/wp-json\/wp\/v2\/posts\/581965\/revisions"}],"wp:featuredmedia":[{"embeddable":true,"href":"https:\/\/www.europesays.com\/fr\/wp-json\/wp\/v2\/media\/581966"}],"wp:attachment":[{"href":"https:\/\/www.europesays.com\/fr\/wp-json\/wp\/v2\/media?parent=581965"}],"wp:term":[{"taxonomy":"category","embeddable":true,"href":"https:\/\/www.europesays.com\/fr\/wp-json\/wp\/v2\/categories?post=581965"},{"taxonomy":"post_tag","embeddable":true,"href":"https:\/\/www.europesays.com\/fr\/wp-json\/wp\/v2\/tags?post=581965"}],"curies":[{"name":"wp","href":"https:\/\/api.w.org\/{rel}","templated":true}]}}