{"id":581967,"date":"2025-12-06T11:05:18","date_gmt":"2025-12-06T11:05:18","guid":{"rendered":"https:\/\/www.europesays.com\/fr\/581967\/"},"modified":"2025-12-06T11:05:18","modified_gmt":"2025-12-06T11:05:18","slug":"en-live-dans-la-musique-du-xx-e-siecle-lorchestre-universitaire-de-strasbourg-amene-lamateurisme-au-firmament","status":"publish","type":"post","link":"https:\/\/www.europesays.com\/fr\/581967\/","title":{"rendered":"En live. Dans la musique du XX e \u00a0si\u00e8cle, l\u2019Orchestre Universitaire de Strasbourg am\u00e8ne l\u2019amateurisme au firmament"},"content":{"rendered":"<p>Les concerts de l\u2019Orchestre universitaire de Strasbourg (OUS), plac\u00e9s sous la direction de l\u2019excellent jeune chef italien Mauro Mariani, se suivent et se ressemblent, aussi bien dans la qualit\u00e9 des prestations que dans l\u2019amplitude de leurs programmes. Ainsi, les six danses de Bart\u00f3k dat\u00e9es de 1923 et donn\u00e9es en ouverture, assez loin dans leur essence des inspirations populaires port\u00e9es souvent par leur cr\u00e9ateur, pr\u00e9sentent un langage savant complexe.<\/p>\n<p>Dans ce kal\u00e9idoscope g\u00e9nial et brillant, fort d\u2019une rythmicit\u00e9 omnipr\u00e9sente et d\u2019harmonies parfois proches du jazz, tous les musiciens s\u2019inscrivent dans une parfaite scansion du discours et se fondent avec une souplesse remarquable \u2013 pour ne pas dire professionnelle\u00a0! &#8211; dans la n\u00e9gociation des nombreux changements de tempi.<\/p>\n<p>  Le concerto en sol de Ravel en exergue<\/p>\n<p>Le c\u00e9l\u00e9brissime Concerto en sol de Ravel voit ensuite la pianiste russe Alexandra Sikorskaya occuper l\u2019avant-sc\u00e8ne, assez loin, compte tenu de l\u2019\u00e9troitesse du plateau, du podium du chef, ce qui ne l\u2019emp\u00eachera pas de s\u2019int\u00e9grer impeccablement au collectif. Dans le tr\u00e8s attendu adagio assai, elle offre un phras\u00e9 aux contours nettement d\u00e9tour\u00e9s\u00a0; et en surimpression progressive, cordes et bois s\u2019ajustent avec une exquise d\u00e9licatesse. Les mouvements rapides peuvent encore gagner, certes, en espi\u00e8glerie et en l\u00e9g\u00e8ret\u00e9, mais donnent \u00e0 entendre, malgr\u00e9 leur difficult\u00e9 ardue, un ensemble richement color\u00e9 et \u00e0 l\u2019\u00e9nergie toujours renouvel\u00e9e.<\/p>\n<p>Pour finir, l\u2019OUS c\u00e9l\u00e8bre l\u2019art solaire de Sibelius en jouant sa cinqui\u00e8me symphonie \u2013 pourtant \u00e9crite au moment de la Premi\u00e8re Guerre mondiale. Le bourdonnement des cordes liminaire impressionne par sa suggestivit\u00e9 et le clair sens de son mouvement ondulatoire. L\u2019apparition des cuivres, comme un rai \u00e0 travers la brume, saisit autant. On retrouve l\u2019\u00e9nergie bouillonnante des cordes, en pleine forme, dans un final dont le geste de Mariani r\u00e9v\u00e8le son ample lyrisme avec maestria, suivant un andante au cantabile superbe. Donn\u00e9s \u00e0 l\u2019issue d\u2019un semestre de travail, ces concerts illustrent l\u2019extraordinaire densit\u00e9 musicale de la jeunesse \u00e0 Strasbourg\u00a0!<\/p>\n<p class=\"note\">Le bis jou\u00e9 par Alexandra Sikorskaya mardi soir \u00e9tait Clair de lune extrait de la Suite bergamasque de Claude Debussy.<\/p>\n","protected":false},"excerpt":{"rendered":"Les concerts de l\u2019Orchestre universitaire de Strasbourg (OUS), plac\u00e9s sous la direction de l\u2019excellent jeune chef italien Mauro&hellip;\n","protected":false},"author":2,"featured_media":581968,"comment_status":"","ping_status":"","sticky":false,"template":"","format":"standard","meta":{"footnotes":""},"categories":[2820],"tags":[1111,11,2389,1687,2880,1777,674,107,1011,27,775,873,12,25,640,2879],"class_list":{"0":"post-581967","1":"post","2":"type-post","3":"status-publish","4":"format-standard","5":"has-post-thumbnail","7":"category-strasbourg","8":"tag-actu","9":"tag-actualites","10":"tag-alsace","11":"tag-culture-loisirs","12":"tag-edition-strasbourg","13":"tag-eu","14":"tag-europe","15":"tag-fil-info","16":"tag-fr","17":"tag-france","18":"tag-grand-est","19":"tag-musique","20":"tag-news","21":"tag-republique-francaise","22":"tag-strasbourg","23":"tag-strasbourg-ville"},"share_on_mastodon":{"url":"https:\/\/pubeurope.com\/@fr\/115672299927895418","error":""},"_links":{"self":[{"href":"https:\/\/www.europesays.com\/fr\/wp-json\/wp\/v2\/posts\/581967","targetHints":{"allow":["GET"]}}],"collection":[{"href":"https:\/\/www.europesays.com\/fr\/wp-json\/wp\/v2\/posts"}],"about":[{"href":"https:\/\/www.europesays.com\/fr\/wp-json\/wp\/v2\/types\/post"}],"author":[{"embeddable":true,"href":"https:\/\/www.europesays.com\/fr\/wp-json\/wp\/v2\/users\/2"}],"replies":[{"embeddable":true,"href":"https:\/\/www.europesays.com\/fr\/wp-json\/wp\/v2\/comments?post=581967"}],"version-history":[{"count":0,"href":"https:\/\/www.europesays.com\/fr\/wp-json\/wp\/v2\/posts\/581967\/revisions"}],"wp:featuredmedia":[{"embeddable":true,"href":"https:\/\/www.europesays.com\/fr\/wp-json\/wp\/v2\/media\/581968"}],"wp:attachment":[{"href":"https:\/\/www.europesays.com\/fr\/wp-json\/wp\/v2\/media?parent=581967"}],"wp:term":[{"taxonomy":"category","embeddable":true,"href":"https:\/\/www.europesays.com\/fr\/wp-json\/wp\/v2\/categories?post=581967"},{"taxonomy":"post_tag","embeddable":true,"href":"https:\/\/www.europesays.com\/fr\/wp-json\/wp\/v2\/tags?post=581967"}],"curies":[{"name":"wp","href":"https:\/\/api.w.org\/{rel}","templated":true}]}}