{"id":581987,"date":"2025-12-06T11:19:11","date_gmt":"2025-12-06T11:19:11","guid":{"rendered":"https:\/\/www.europesays.com\/fr\/581987\/"},"modified":"2025-12-06T11:19:11","modified_gmt":"2025-12-06T11:19:11","slug":"le-phenomene-ethan-mbappe-a-marque-les-esprits-face-a-lom","status":"publish","type":"post","link":"https:\/\/www.europesays.com\/fr\/581987\/","title":{"rendered":"le ph\u00e9nom\u00e8ne Ethan Mbapp\u00e9 a marqu\u00e9 les esprits face \u00e0 l\u2019OM"},"content":{"rendered":"<p>Lille a frapp\u00e9 un grand coup, vendredi soir, en ouverture de la 15e journ\u00e9e de <a href=\"https:\/\/www.footmercato.net\/france\/ligue-1\/\" target=\"_blank\" rel=\"noopener\">Ligue 1<\/a>. <a href=\"https:\/\/www.footmercato.net\/a777738648903739767-ligue-1-grace-a-ethan-mbappe-le-losc-dompte-un-om-decevant\" target=\"_blank\" rel=\"noopener\">Oppos\u00e9s \u00e0 l\u2019Olympique de Marseille<\/a>, contre qui les Nordistes n\u2019ont plus perdu depuis septembre 2022, les Dogues ont livr\u00e9 une prestation solide, aussi bien derri\u00e8re que dans l\u2019efficacit\u00e9 offensive. \u00c0 l\u2019image de l\u2019ouverture du score apr\u00e8s seulement neuf minutes de jeu. \u00c0 la suite d\u2019un long ballon de Nabil Bentaleb, <a href=\"https:\/\/www.footmercato.net\/joueur\/ethan-mbappe-lottin\/\" target=\"_blank\" rel=\"noopener\">Ethan Mbapp\u00e9<\/a> profitait d\u2019une mauvaise lecture de Ger\u00f3mino Rulli et de la d\u00e9fense olympienne pour s\u2019emmener le cuir et le loger au fond des filets entre les jambes d\u2019Aguerd (10e). Un seul but qui a suffi \u00e0 faire le bonheur de <a href=\"https:\/\/www.footmercato.net\/club\/losc\/\" target=\"_blank\" rel=\"noopener\">Lille<\/a> (victoire, 1-0) et du jeune fr\u00e8re de Kylian.<\/p>\n<p>            La suite apr\u00e8s cette publicit\u00e9<\/p>\n<p>Arriv\u00e9 \u00e0 l\u2019\u00e9t\u00e9 2024 dans le Nord de la France, Ethan Mbapp\u00e9 a connu une premi\u00e8re saison lilloise tr\u00e8s compliqu\u00e9e, marqu\u00e9e par plusieurs p\u00e9pins physiques. La saison pass\u00e9e, le natif de Montreuil a manqu\u00e9 plus d\u2019une trentaine de matchs suite \u00e0 des blessures aux adducteurs, \u00e0 la cuisse ou au genou, freinant ainsi sa progression (14 matchs, 327 minutes jou\u00e9es toutes comp\u00e9titions confondues). Malgr\u00e9 cela, <a href=\"https:\/\/www.footmercato.net\/entraineur\/bruno-genesio\" target=\"_blank\" rel=\"noopener\">Bruno<\/a> Genesio a gard\u00e9 confiance en lui, et l\u2019ex-technicien lyonnais et rennais le lui montre parfaitement. S\u2019il n\u2019a pas \u00e9t\u00e9 \u00e9pargn\u00e9 par les g\u00eanes musculaires lors du d\u00e9but de cet exercice 2025-2026, il a tout de m\u00eame su gratter du temps de jeu, en sortie de banc. Comme face \u00e0 Toulouse (2-1, le 14 septembre), o\u00f9 il signe le but de la victoire dans le temps additionnel. Ce fut \u00e9galement le cas, aussi, trois semaines plus tard, lors de la r\u00e9ception du PSG, sous les yeux d\u2019un Kylian tout \u00e9bloui par la rentr\u00e9e de son fr\u00e8re (1-1, le 5 octobre).\u00a0<\/p>\n<p>            La suite apr\u00e8s cette publicit\u00e9<\/p>\n<p>        Une mont\u00e9e en puissance salu\u00e9e par Genesio<\/p>\n<p>Impliqu\u00e9 sur le but d\u2019Igamane au Havre le week-end dernier, Ethan Mbapp\u00e9 a \u00e9t\u00e9 r\u00e9compens\u00e9 par Bruno Genesio avec une premi\u00e8re titularisation cette saison. Align\u00e9 c\u00f4t\u00e9 droit, le jeune ailier a livr\u00e9 une prestation pleine, notamment dans l\u2019investissement d\u00e9fensif (36 ballons touch\u00e9s, huit r\u00e9cup\u00e9rations, quatre duels gagn\u00e9s sur cinq). \u00ab On conna\u00eet ses qualit\u00e9s, on n\u2019est pas surpris. Il a un gros caract\u00e8re et travaille \u00e9norm\u00e9ment \u00e0 l\u2019entra\u00eenement. Ce qui lui arrive est m\u00e9rit\u00e9 \u00bb, a soulign\u00e9 A\u00efssa Mandi en zone mixte, autant impressionn\u00e9 par son abn\u00e9gation et que par son intensit\u00e9.<\/p>\n<p>Preuve que sa mont\u00e9e en puissance ne passe pas inaper\u00e7ue en interne, Bruno Genesio n\u2019a d\u2019ailleurs pas tari d\u2019\u00e9loges apr\u00e8s la rencontre. \u00ab Son profil est diff\u00e9rent des autres attaquants sur le c\u00f4t\u00e9, il va tr\u00e8s vite et se cr\u00e9e des occasions, fait marquer ou marque \u00e0 chaque match. De quoi renforcer l\u2019id\u00e9e que le cadet de la fratrie Mbapp\u00e9 est en train de franchir un cap. \u00bb\u00a0Alors que Fernandez-Pardo traverse une p\u00e9riode plus d\u00e9licate, Mbapp\u00e9 continue de grappiller des points aux yeux de Genesio. Si, pour le moment, il est cantonn\u00e9 \u00e0 un r\u00f4le de joker, celui qui f\u00eatera bient\u00f4t ses 19 ans (le 29 d\u00e9cembre) prend de plus en plus de galon \u00e0 Lille. M\u00eame s\u2019il lui reste encore des axes d\u2019am\u00e9liorations. \u00ab Il doit encore se renforcer musculairement et on doit g\u00e9rer sa charge de la meilleure mani\u00e8re. Mais j\u2019esp\u00e8re qu\u2019il va continuer \u00e0 pouvoir progresser et s\u2019entra\u00eener sans p\u00e9pin, car c\u2019est vraiment un joueur int\u00e9ressant \u00bb, a soulign\u00e9 Genesio. \u00c0 voir d\u00e9sormais sur la dur\u00e9e\u2026<\/p>\n<p>\n    Pub. le 06\/12\/2025 12:00<br \/>\n            &#8211; MAJ le 06\/12\/2025 12:18\n    <\/p>\n","protected":false},"excerpt":{"rendered":"Lille a frapp\u00e9 un grand coup, vendredi soir, en ouverture de la 15e journ\u00e9e de Ligue 1. Oppos\u00e9s&hellip;\n","protected":false},"author":2,"featured_media":581988,"comment_status":"","ping_status":"","sticky":false,"template":"","format":"standard","meta":{"footnotes":""},"categories":[2815],"tags":[1111,11,1777,674,1011,27,811,1307,12,25],"class_list":{"0":"post-581987","1":"post","2":"type-post","3":"status-publish","4":"format-standard","5":"has-post-thumbnail","7":"category-lille","8":"tag-actu","9":"tag-actualites","10":"tag-eu","11":"tag-europe","12":"tag-fr","13":"tag-france","14":"tag-hauts-de-france","15":"tag-lille","16":"tag-news","17":"tag-republique-francaise"},"share_on_mastodon":{"url":"https:\/\/pubeurope.com\/@fr\/115672355050843591","error":""},"_links":{"self":[{"href":"https:\/\/www.europesays.com\/fr\/wp-json\/wp\/v2\/posts\/581987","targetHints":{"allow":["GET"]}}],"collection":[{"href":"https:\/\/www.europesays.com\/fr\/wp-json\/wp\/v2\/posts"}],"about":[{"href":"https:\/\/www.europesays.com\/fr\/wp-json\/wp\/v2\/types\/post"}],"author":[{"embeddable":true,"href":"https:\/\/www.europesays.com\/fr\/wp-json\/wp\/v2\/users\/2"}],"replies":[{"embeddable":true,"href":"https:\/\/www.europesays.com\/fr\/wp-json\/wp\/v2\/comments?post=581987"}],"version-history":[{"count":0,"href":"https:\/\/www.europesays.com\/fr\/wp-json\/wp\/v2\/posts\/581987\/revisions"}],"wp:featuredmedia":[{"embeddable":true,"href":"https:\/\/www.europesays.com\/fr\/wp-json\/wp\/v2\/media\/581988"}],"wp:attachment":[{"href":"https:\/\/www.europesays.com\/fr\/wp-json\/wp\/v2\/media?parent=581987"}],"wp:term":[{"taxonomy":"category","embeddable":true,"href":"https:\/\/www.europesays.com\/fr\/wp-json\/wp\/v2\/categories?post=581987"},{"taxonomy":"post_tag","embeddable":true,"href":"https:\/\/www.europesays.com\/fr\/wp-json\/wp\/v2\/tags?post=581987"}],"curies":[{"name":"wp","href":"https:\/\/api.w.org\/{rel}","templated":true}]}}