{"id":581989,"date":"2025-12-06T11:20:17","date_gmt":"2025-12-06T11:20:17","guid":{"rendered":"https:\/\/www.europesays.com\/fr\/581989\/"},"modified":"2025-12-06T11:20:17","modified_gmt":"2025-12-06T11:20:17","slug":"nos-lecteurs-temoignent-de-leur-rencontre-avec-olivier-marchal","status":"publish","type":"post","link":"https:\/\/www.europesays.com\/fr\/581989\/","title":{"rendered":"nos lecteurs t\u00e9moignent de leur rencontre avec Olivier Marchal"},"content":{"rendered":"<p>Souvent admirateurs de la premi\u00e8re heure du cin\u00e9ma d\u2019Olivier Marchal, une dizaine de nos lecteurs ont eu la chance de participer \u00e0 un \u00e9change convivial et en toute libert\u00e9 avec l\u2019ancien inspecteur de police devenu cin\u00e9aste. Choix artistiques, t\u00e9moignages sur le m\u00e9tier de policier, conditions de vie dans les quartiers, anecdotes, tous les sujets ont \u00e9t\u00e9 abord\u00e9s durant une heure, \u00e0 l\u2019exception bien s\u00fbr de l\u2019intrigue de <a href=\"https:\/\/www.laprovence.com\/article\/culture-loisirs\/3253154025948314\/tournage-de-la-saison-2-de-pax-massilia-j-adore-marseille-assure-le-realisateur-olivier-marchal\" target=\"_blank\" rel=\"noopener\">la saison 2, qui sera en ligne le 9\u00a0d\u00e9cembre sur Netflix<\/a>.<\/p>\n<p>R\u00e9gis Messonier, habitant de la cit\u00e9 La Castellane, \u00e0 Marseille, et coordinateur dans un Centre de formation d\u2019apprentissage (CFA), appr\u00e9cie beaucoup la s\u00e9rie et l\u2019image qu\u2019elle donne des quartiers populaires. \u00ab\u00a0Dans nos quartiers, il y a une pax Massilia : nous, les habitants, nous cohabitons avec les trafics, ce sont deux mondes qui se c\u00f4toient, t\u00e9moigne-t-il. Dans la plupart des films, les habitants des cit\u00e9s sont montr\u00e9s comme des voyous, ce n\u2019est pas le cas dans <a href=\"https:\/\/www.laprovence.com\/article\/culture-loisirs\/1897009467389414\/aix-vs-marseille-cinema-et-series-marseille-creve-lecran-tres-loin-devant-aix-en-provence\" target=\"_blank\" rel=\"noopener\">la s\u00e9rie <\/a><a href=\"https:\/\/www.laprovence.com\/article\/culture-loisirs\/1897009467389414\/aix-vs-marseille-cinema-et-series-marseille-creve-lecran-tres-loin-devant-aix-en-provence\" target=\"_blank\" rel=\"noopener\">Pax Massilia<\/a>.\u00a0\u00bb Il appr\u00e9cie en particulier le personnage de l\u2019\u00e9ducateur de foot, figure de la saison 1, et se demande si le point de vue des habitants sera \u00e9galement montr\u00e9 \u00e0 l\u2019\u00e9cran dans la saison 2 qu\u2019il a h\u00e2te de d\u00e9couvrir.<\/p>\n","protected":false},"excerpt":{"rendered":"Souvent admirateurs de la premi\u00e8re heure du cin\u00e9ma d\u2019Olivier Marchal, une dizaine de nos lecteurs ont eu la&hellip;\n","protected":false},"author":2,"featured_media":581990,"comment_status":"","ping_status":"","sticky":false,"template":"","format":"standard","meta":{"footnotes":""},"categories":[2814],"tags":[17,1111,11,251,1446,1777,674,1011,27,884,3741,12,852,69582,882,5116,25,96],"class_list":{"0":"post-581989","1":"post","2":"type-post","3":"status-publish","4":"format-standard","5":"has-post-thumbnail","7":"category-marseille","8":"tag-17","9":"tag-actu","10":"tag-actualites","11":"tag-culture","12":"tag-dans","13":"tag-eu","14":"tag-europe","15":"tag-fr","16":"tag-france","17":"tag-marseille","18":"tag-massilia","19":"tag-news","20":"tag-nos","21":"tag-pax","22":"tag-provence-alpes-cote-dazur","23":"tag-quartiers","24":"tag-republique-francaise","25":"tag-une"},"share_on_mastodon":{"url":"https:\/\/pubeurope.com\/@fr\/115672358932080532","error":""},"_links":{"self":[{"href":"https:\/\/www.europesays.com\/fr\/wp-json\/wp\/v2\/posts\/581989","targetHints":{"allow":["GET"]}}],"collection":[{"href":"https:\/\/www.europesays.com\/fr\/wp-json\/wp\/v2\/posts"}],"about":[{"href":"https:\/\/www.europesays.com\/fr\/wp-json\/wp\/v2\/types\/post"}],"author":[{"embeddable":true,"href":"https:\/\/www.europesays.com\/fr\/wp-json\/wp\/v2\/users\/2"}],"replies":[{"embeddable":true,"href":"https:\/\/www.europesays.com\/fr\/wp-json\/wp\/v2\/comments?post=581989"}],"version-history":[{"count":0,"href":"https:\/\/www.europesays.com\/fr\/wp-json\/wp\/v2\/posts\/581989\/revisions"}],"wp:featuredmedia":[{"embeddable":true,"href":"https:\/\/www.europesays.com\/fr\/wp-json\/wp\/v2\/media\/581990"}],"wp:attachment":[{"href":"https:\/\/www.europesays.com\/fr\/wp-json\/wp\/v2\/media?parent=581989"}],"wp:term":[{"taxonomy":"category","embeddable":true,"href":"https:\/\/www.europesays.com\/fr\/wp-json\/wp\/v2\/categories?post=581989"},{"taxonomy":"post_tag","embeddable":true,"href":"https:\/\/www.europesays.com\/fr\/wp-json\/wp\/v2\/tags?post=581989"}],"curies":[{"name":"wp","href":"https:\/\/api.w.org\/{rel}","templated":true}]}}