{"id":581991,"date":"2025-12-06T11:21:14","date_gmt":"2025-12-06T11:21:14","guid":{"rendered":"https:\/\/www.europesays.com\/fr\/581991\/"},"modified":"2025-12-06T11:21:14","modified_gmt":"2025-12-06T11:21:14","slug":"marseille-un-incendie-ravage-plusieurs-etages-dun-immeuble-un-blesse-a-lhopital","status":"publish","type":"post","link":"https:\/\/www.europesays.com\/fr\/581991\/","title":{"rendered":"Marseille. Un incendie ravage plusieurs \u00e9tages d&rsquo;un immeuble, un bless\u00e9 \u00e0 l&rsquo;h\u00f4pital"},"content":{"rendered":"<p>                    Par<br \/>\n        <strong><br \/>\n            <a href=\"https:\/\/actu.fr\/auteur\/fabien-binacchi\" title=\"Consulter tous les articles de Fabien Binacchi\" target=\"_blank\" rel=\"noopener\">Fabien Binacchi<\/a><br \/>\n                    <\/strong><\/p>\n<p>        Publi\u00e9 le<\/p>\n<p>            6 d\u00e9c. 2025 \u00e0 12h00        <\/p>\n<p>Un v\u00e9ritable brasier. <strong>De tr\u00e8s importants moyens ont \u00e9t\u00e9 mobilis\u00e9s<\/strong> dans la soir\u00e9e du vendredi 5\u00a0d\u00e9cembre 2025 pour venir \u00e0 bout d\u2019un incendie qui a ravag\u00e9 plusieurs \u00e9tages d\u2019un immeuble dans le 3e arrondissement de <a href=\"https:\/\/actu.fr\/marseille\/\" target=\"_blank\" rel=\"noopener\">Marseille,<\/a> apprend-on des <a href=\"https:\/\/actu.fr\/tag\/marin-pompier\" target=\"_blank\" rel=\"noopener\">marins-pompiers.<\/a><\/p>\n<p class=\" wall-content\">Un homme, bless\u00e9, a \u00e9t\u00e9 transport\u00e9 \u00e0 l\u2019h\u00f4pital.<\/p>\n<p>Un feu au 3e \u00e9tage qui s\u2019est propag\u00e9 au 4e<\/p>\n<p class=\" wall-content\">L\u2019alerte a \u00e9t\u00e9 donn\u00e9e un peu apr\u00e8s 21h vendredi soir. <strong>Rue de Crim\u00e9e, dans le quartier Saint-Lazare,<\/strong> \u00e0 quelques centaines de m\u00e8tres de la gare Saint-Charles, un incendie vient de se d\u00e9clarer dans un appartement, au 3e \u00e9tage.<\/p>\n<p>    <a href=\"https:\/\/www.google.com\/maps\/embed?pb=!1m18!1m12!1m3!1d10564.995755822652!2d5.369531521151161!3d43.30502067548461!2m3!1f0!2f0!3f0!3m2!1i1024!2i768!4f13.1!3m3!1m2!1s0x12c9c0919602197f%3A0x2e9e6a4d3be0f6e9!2sRue%20de%20Crim%C3%A9e%2C%2013003%20Marseille!5e1!3m2!1sfr!2sfr!4v1765018225656!5m2!1sfr!2sfr\" title=\"Ouvrie le lien\" target=\"_blank\" rel=\"noopener\">Cliquez ici pour visualiser le contenu<\/a><\/p>\n<p class=\" wall-content\">\u00c0 l\u2019arriv\u00e9e des marins-pompiers, ils constatent \u00ab\u2009un feu virulent qui se propage au 4e\u2009\u00bb, indique le bataillon. De lourds moyens sont engag\u00e9s\u2009: <strong>pr\u00e8s de 50 militaires et 18 engins<\/strong> sont sur place pour venir \u00e0 bout des flammes.<\/p>\n<p>Une victime de 44\u00a0ans<\/p>\n<p class=\" wall-content\">Le sinistre est finalement circonscrit apr\u00e8s une intense lutte. \u00ab\u2009L\u2019intervention des pompiers a permis d\u2019emp\u00eacher la propagation aux immeubles adjacents\u2009\u00bb, indiquent-ils.<\/p>\n<p class=\" wall-content\">\n<p class=\" wall-content\">Les d\u00e9g\u00e2ts sont importants. <strong>Des appartements sont d\u00e9truits.<\/strong><\/p>\n<p>Votre r\u00e9gion, votre actu !<\/p>\n<p>Recevez chaque jour les infos qui comptent pour vous.<\/p>\n<p>\t<a href=\"https:\/\/actu.fr\/newsletter\" class=\"ac-btn ac-btn--corner ac-btn--medium ac-btn--blue800\" target=\"_blank\" rel=\"noopener\">S&rsquo;incrire<\/a><\/p>\n<p class=\" wall-content\">Et un bless\u00e9 est \u00e0 d\u00e9plorer. Un homme de 44\u00a0ans a \u00e9t\u00e9 transport\u00e9 \u00e0 h\u00f4pital, pr\u00e9cisent encore les marins-pompiers, sans plus de pr\u00e9cision \u00e0 ce stade sur son \u00e9tat de sant\u00e9.<\/p>\n<p class=\" wall-content\">Une enqu\u00eate devra pr\u00e9ciser <strong>les origines du d\u00e9part du feu.<\/strong><\/p>\n<p class=\" wall-content\">Personnalisez votre actualit\u00e9 en ajoutant vos villes et m\u00e9dias en favori avec <a href=\"https:\/\/moncompte.actu.fr\" title=\"D\u00e9couvez Mon Actu\" rel=\"nofollow noopener\" data-trk=\"{&quot;cta&quot;:{&quot;action&quot;:&quot;https:\\\/\\\/moncompte.actu.fr&quot;,&quot;category&quot;:&quot;mon compte&quot;,&quot;from&quot;:&quot;article footer&quot;,&quot;name&quot;:&quot;Mon actu&quot;,&quot;type&quot;:&quot;cta&quot;}}\" target=\"_blank\">Mon Actu<\/a>.<\/p>\n","protected":false},"excerpt":{"rendered":"Par Fabien Binacchi Publi\u00e9 le 6 d\u00e9c. 2025 \u00e0 12h00 Un v\u00e9ritable brasier. De tr\u00e8s importants moyens ont&hellip;\n","protected":false},"author":2,"featured_media":581992,"comment_status":"","ping_status":"","sticky":false,"template":"","format":"standard","meta":{"footnotes":""},"categories":[2814],"tags":[1111,11,1777,674,118,1011,27,1310,17289,884,12,882,25],"class_list":{"0":"post-581991","1":"post","2":"type-post","3":"status-publish","4":"format-standard","5":"has-post-thumbnail","7":"category-marseille","8":"tag-actu","9":"tag-actualites","10":"tag-eu","11":"tag-europe","12":"tag-faits-divers","13":"tag-fr","14":"tag-france","15":"tag-incendie","16":"tag-marin-pompier","17":"tag-marseille","18":"tag-news","19":"tag-provence-alpes-cote-dazur","20":"tag-republique-francaise"},"share_on_mastodon":{"url":"https:\/\/pubeurope.com\/@fr\/115672362774277627","error":""},"_links":{"self":[{"href":"https:\/\/www.europesays.com\/fr\/wp-json\/wp\/v2\/posts\/581991","targetHints":{"allow":["GET"]}}],"collection":[{"href":"https:\/\/www.europesays.com\/fr\/wp-json\/wp\/v2\/posts"}],"about":[{"href":"https:\/\/www.europesays.com\/fr\/wp-json\/wp\/v2\/types\/post"}],"author":[{"embeddable":true,"href":"https:\/\/www.europesays.com\/fr\/wp-json\/wp\/v2\/users\/2"}],"replies":[{"embeddable":true,"href":"https:\/\/www.europesays.com\/fr\/wp-json\/wp\/v2\/comments?post=581991"}],"version-history":[{"count":0,"href":"https:\/\/www.europesays.com\/fr\/wp-json\/wp\/v2\/posts\/581991\/revisions"}],"wp:featuredmedia":[{"embeddable":true,"href":"https:\/\/www.europesays.com\/fr\/wp-json\/wp\/v2\/media\/581992"}],"wp:attachment":[{"href":"https:\/\/www.europesays.com\/fr\/wp-json\/wp\/v2\/media?parent=581991"}],"wp:term":[{"taxonomy":"category","embeddable":true,"href":"https:\/\/www.europesays.com\/fr\/wp-json\/wp\/v2\/categories?post=581991"},{"taxonomy":"post_tag","embeddable":true,"href":"https:\/\/www.europesays.com\/fr\/wp-json\/wp\/v2\/tags?post=581991"}],"curies":[{"name":"wp","href":"https:\/\/api.w.org\/{rel}","templated":true}]}}