{"id":581993,"date":"2025-12-06T11:22:11","date_gmt":"2025-12-06T11:22:11","guid":{"rendered":"https:\/\/www.europesays.com\/fr\/581993\/"},"modified":"2025-12-06T11:22:11","modified_gmt":"2025-12-06T11:22:11","slug":"comment-des-faux-livreurs-ont-piege-des-dizaines-de-personnes-agees","status":"publish","type":"post","link":"https:\/\/www.europesays.com\/fr\/581993\/","title":{"rendered":"comment des faux livreurs ont pi\u00e9g\u00e9 des dizaines de personnes \u00e2g\u00e9es"},"content":{"rendered":"<p itemprop=\"description\"><strong><br \/>&#13;<br \/>\nDepuis f\u00e9vrier 2025, une s\u00e9rie d\u2019escroqueries inqui\u00e9tait l\u2019Ouest lyonnais.<br \/>&#13;<br \/>\n<\/strong><\/p>\n<p>Plusieurs individus, \u00ab\u00a0se faisant passer pour des livreurs de colis\u00a0\u00bb, sont suspect\u00e9s d\u2019avoir commis\u00a054 vols et escroqueries\u00a0dans diff\u00e9rentes communes du ressort de la compagnie de L\u2019Arbresle, ciblant principalement des personnes \u00e2g\u00e9es, indique la gendarmerie du Rh\u00f4ne.<\/p>\n<p>Le mode op\u00e9ratoire \u00e9tait r\u00f4d\u00e9. V\u00eatus de\u00a0gilets fluorescents, les suspects se pr\u00e9sentaient au domicile de seniors, \u00e9voquaient un\u00a0\u00ab\u00a0petit\u00a0paiement &lsquo;urgent'\u00a0\u00bb et r\u00e9cup\u00e9raient le\u00a0\u00ab\u00a0code bancaire via un faux terminal\u00a0\u00bb, avant de prendre la fuite.\u00a0Le pr\u00e9judice total d\u00e9passe\u00a032 000 \u20ac, selon les militaires.<\/p>\n<p>Un \u00ab\u00a0important travail d\u2019enqu\u00eate\u00a0\u00bb a permis aux enqu\u00eateurs de la brigade de recherches de L\u2019Arbresle\u00a0d\u2019identifier, interpeller et d\u00e9f\u00e9rer\u00a0les mis en cause, parmi lesquels figure un mineur.<\/p>\n<p>Ce mercredi 3 d\u00e9cembre, la gendarmerie pr\u00e9cise que \u00ab\u00a0deux d\u2019entre eux ont \u00e9t\u00e9 plac\u00e9s en d\u00e9tention provisoire, deux autres ont \u00e9t\u00e9 plac\u00e9s sous contr\u00f4le judiciaire.\u00a0\u00bb\u00a0Elle appelle \u00e9galement \u00e0 la vigilance : \u00ab\u00a0Ne communiquez jamais votre code bancaire et signalez imm\u00e9diatement tout comportement suspect au 17.\u00a0\u00bb<\/p>\n","protected":false},"excerpt":{"rendered":"&#13; Depuis f\u00e9vrier 2025, une s\u00e9rie d\u2019escroqueries inqui\u00e9tait l\u2019Ouest lyonnais.&#13; Plusieurs individus, \u00ab\u00a0se faisant passer pour des livreurs&hellip;\n","protected":false},"author":2,"featured_media":581994,"comment_status":"","ping_status":"","sticky":false,"template":"","format":"standard","meta":{"footnotes":""},"categories":[1889],"tags":[1111,11,2813,2190,2430,1109,251,1112,2811,1777,674,118,1011,27,1922,1110,1114,2428,2810,12,241,316,25,2812,517,800],"class_list":{"0":"post-581993","1":"post","2":"type-post","3":"status-publish","4":"format-standard","5":"has-post-thumbnail","7":"category-lyon","8":"tag-actu","9":"tag-actualites","10":"tag-article","11":"tag-asvel","12":"tag-auvergne-rhone-alpes","13":"tag-breves","14":"tag-culture","15":"tag-depeches","16":"tag-economique","17":"tag-eu","18":"tag-europe","19":"tag-faits-divers","20":"tag-fr","21":"tag-france","22":"tag-info","23":"tag-informations","24":"tag-infos","25":"tag-lyon","26":"tag-lyonmag","27":"tag-news","28":"tag-ol","29":"tag-politique","30":"tag-republique-francaise","31":"tag-sociale","32":"tag-sport","33":"tag-transports"},"share_on_mastodon":{"url":"https:\/\/pubeurope.com\/@fr\/115672366885388179","error":""},"_links":{"self":[{"href":"https:\/\/www.europesays.com\/fr\/wp-json\/wp\/v2\/posts\/581993","targetHints":{"allow":["GET"]}}],"collection":[{"href":"https:\/\/www.europesays.com\/fr\/wp-json\/wp\/v2\/posts"}],"about":[{"href":"https:\/\/www.europesays.com\/fr\/wp-json\/wp\/v2\/types\/post"}],"author":[{"embeddable":true,"href":"https:\/\/www.europesays.com\/fr\/wp-json\/wp\/v2\/users\/2"}],"replies":[{"embeddable":true,"href":"https:\/\/www.europesays.com\/fr\/wp-json\/wp\/v2\/comments?post=581993"}],"version-history":[{"count":0,"href":"https:\/\/www.europesays.com\/fr\/wp-json\/wp\/v2\/posts\/581993\/revisions"}],"wp:featuredmedia":[{"embeddable":true,"href":"https:\/\/www.europesays.com\/fr\/wp-json\/wp\/v2\/media\/581994"}],"wp:attachment":[{"href":"https:\/\/www.europesays.com\/fr\/wp-json\/wp\/v2\/media?parent=581993"}],"wp:term":[{"taxonomy":"category","embeddable":true,"href":"https:\/\/www.europesays.com\/fr\/wp-json\/wp\/v2\/categories?post=581993"},{"taxonomy":"post_tag","embeddable":true,"href":"https:\/\/www.europesays.com\/fr\/wp-json\/wp\/v2\/tags?post=581993"}],"curies":[{"name":"wp","href":"https:\/\/api.w.org\/{rel}","templated":true}]}}