{"id":581995,"date":"2025-12-06T11:23:11","date_gmt":"2025-12-06T11:23:11","guid":{"rendered":"https:\/\/www.europesays.com\/fr\/581995\/"},"modified":"2025-12-06T11:23:11","modified_gmt":"2025-12-06T11:23:11","slug":"lextreme-droite-a-deteste-cette-illumination-voici-pourquoi","status":"publish","type":"post","link":"https:\/\/www.europesays.com\/fr\/581995\/","title":{"rendered":"l&rsquo;extr\u00eame droite a d\u00e9test\u00e9 cette illumination, voici pourquoi"},"content":{"rendered":"<p>                    Par<br \/>\n        <strong><br \/>\n            <a href=\"https:\/\/actu.fr\/auteur\/nicolas-zaugra\" title=\"Consulter tous les articles de Nicolas Zaugra\" target=\"_blank\" rel=\"noopener\">Nicolas Zaugra<\/a><br \/>\n                    <\/strong><\/p>\n<p>        Publi\u00e9 le<\/p>\n<p>            6 d\u00e9c. 2025 \u00e0 12h10        <\/p>\n<p>C\u2019est une oeuvre du <a href=\"https:\/\/actu.fr\/auvergne-rhone-alpes\/lyon_69123\/fete-des-lumieres-2025-a-lyon-decouvrez-le-programme-complet-des-illuminations_63395646.html\" target=\"_blank\" rel=\"noopener\">programme de la F\u00eate des Lumi\u00e8res 2025<\/a> de <a href=\"https:\/\/actu.fr\/lyon\/\" target=\"_blank\" rel=\"noopener\">Lyon<\/a> qui ne pla\u00eet pas du tout \u00e0 l\u2019extr\u00eame droite locale et nationale.<\/p>\n<p class=\" wall-content\">Plusieurs personnalit\u00e9s de la droite identitaire ou du Rassemblement national ont pris pour cible vendredi <strong>l\u2019oeuvre projet\u00e9e sur la place des Terreaux<\/strong> qui est cens\u00e9e rendre hommage \u00e0 la gastronomie lyonnaise. Le son et lumi\u00e8re d\u00e9cal\u00e9 et plein de second degr\u00e9 fait des clins d\u2019oeil \u00e0 la cuisine locale mais plus g\u00e9n\u00e9ralement \u00e0 l\u2019alimentation. La r\u00e9f\u00e9rence au couscous ne passe pas pour eux. Le maire \u00e9cologiste de Lyon <a href=\"https:\/\/actu.fr\/auvergne-rhone-alpes\/lyon_69123\/lyon-le-maire-gregory-doucet-victime-d-un-malaise-l-elu-pris-en-charge-a-l-hopital_63520968.html\" target=\"_blank\" rel=\"noopener\">Gr\u00e9gory Doucet<\/a> quant \u00e0 lui d\u00e9fend l\u2019oeuvre.\u00a0<\/p>\n<p>L\u2019oeuvre de la place des Terreaux cibl\u00e9e<\/p>\n<p class=\" wall-content\">\u00ab\u00a0F\u00eate des Lumi\u00e8res \u00e0 Lyon : promotion g\u00e9ante du Couscous sur la place de l\u2019h\u00f4tel de ville. On se demande bien le rapport avec la Vierge Marie ou la culture lyonnaise\u2026\u00a0\u00bb, attaque l\u2019influenceur identitaire <a href=\"https:\/\/actu.fr\/auvergne-rhone-alpes\/lyon_69123\/karim-benzema-perd-son-proces-contre-le-militant-d-extreme-droite-damien-rieu_60101096.html\" target=\"_blank\" rel=\"noopener\">Damien Rieu<\/a> sur X qui a lanc\u00e9 la pol\u00e9mique avec un post d\u00e9j\u00e0 viral.\u00a0<\/p>\n<p class=\" wall-content\">\n<p class=\" wall-content\">Le candidat UDR-RN aux municipales 2026 de Lyon <a href=\"https:\/\/actu.fr\/auvergne-rhone-alpes\/lyon_69123\/municipales-2026-a-lyon-alexandre-dupalais-udr-rn-propose-la-gratuite-du-stationnement_63216429.html\" target=\"_blank\" rel=\"noopener\">Alexandre Dupalais<\/a> remet une pi\u00e8ce dans la machine : \u00ab\u00a0On savait M. Doucet tr\u00e8s mal \u00e0 l\u2019aise avec les traditions lyonnaises\u2026 mais l\u00e0, on touche le fond ! Tant les Lyonnais que les millions de visiteurs qui viennent du monde entier m\u00e9ritent une f\u00eate des Lumi\u00e8re qui magnifie notre ville, son histoire et ses traditions !\u00a0\u00bb, \u00e9crit-il \u00e9galement sur X.<\/p>\n<p class=\" wall-content\">Pour la d\u00e9put\u00e9e RN du Rh\u00f4ne Tiffany Joncour : \u00ab\u00a0Rendez-nous le 8 d\u00e9cembre\u00a0\u00bb, crie-t-elle.<\/p>\n<p class=\" wall-content\">Pas class\u00e9 \u00e0 l\u2019extr\u00eame droite et soutien du candidat \u00e0 la mairie <a href=\"https:\/\/actu.fr\/auvergne-rhone-alpes\/lyon_69123\/lyon-jean-michel-aulas-l-interview-evenement-ses-promesses-exclusives-s-il-est-maire_63489342.html\" target=\"_blank\" rel=\"noopener\">Jean-Michel Aulas<\/a>, Edouard Hoffmann n\u2019a pas aim\u00e9 non plus ces r\u00e9f\u00e9rences culinaires aux raviolis, \u00e0 la saucisse ou encore au couscous.\u00a0<\/p>\n<p class=\" wall-content\">\n<p>La r\u00e9f\u00e9rence au couscous critiqu\u00e9e par l\u2019extr\u00eame droite<\/p>\n<p class=\" wall-content\">Des centaines de posts sur X mais aussi des commentaires sur Facebook, pour beaucoup \u00e9crits ou relay\u00e9s par l\u2019extr\u00eame droite, pointe la r\u00e9f\u00e9rence au couscous qui n\u2019est pas une r\u00e9f\u00e9rence \u00e0 la gastronomie lyonnaise. Certains n\u2019ont pas non plus aim\u00e9 l\u2019usage de musique orientale pendant la s\u00e9quence.<\/p>\n<p>Votre r\u00e9gion, votre actu !<\/p>\n<p>Recevez chaque jour les infos qui comptent pour vous.<\/p>\n<p>\t<a href=\"https:\/\/actu.fr\/newsletter\" class=\"ac-btn ac-btn--corner ac-btn--medium ac-btn--blue800\" target=\"_blank\" rel=\"noopener\">S&rsquo;incrire<\/a><\/p>\n<p class=\" wall-content\">L\u2019oeuvre projet\u00e9e sur la fa\u00e7ade de l\u2019h\u00f4tel de ville et du Mus\u00e9e des Beaux-arts, intitul\u00e9e \u00ab\u00a0Le lundi c\u2019est raviolis !\u00a0\u00bb, propose selon sa description officielle : \u00ab\u00a0place au partage et \u00e0 la tradition, au concert de couleurs et de formes, aux saveurs d\u2019ici et d\u2019ailleurs, aux \u00e9motions culinaires.\u00a0\u00bb<\/p>\n<p class=\" wall-content\">Durant le spectacle d\u2019environ 8 minutes, les spectateurs ont aussi pu apercevoir des l\u00e9gumes, de la quenelle de brochet (un plat lyonnais), des haricots, du couscous, des bo\u00eetes de raviolis, des saucisses.<\/p>\n<p>    <img   decoding=\"async\" loading=\"lazy\" src=\"https:\/\/www.europesays.com\/fr\/wp-content\/uploads\/2025\/12\/fete-des-lumieres-lyon-2025-terreaux-960x640.jpeg\" alt=\"Les illuminations de la place des Terreaux pour cette \u00e9dition 2025.\" width=\"960\" height=\"640\"\/><br \/>\n    Les illuminations de la place des Terreaux pour cette \u00e9dition 2025. On peut voir des saucisses et d\u2019autres plats sur les fa\u00e7ades (\u00a9Julien Damboise\/ actu Lyon)Le maire de Lyon appr\u00e9cie l\u2019oeuvre, des r\u00e9ponses \u00e0 l\u2019extr\u00eame droite<\/p>\n<p class=\" wall-content\">Pour Gr\u00e9gory Doucet, c\u2019est en tout cas une oeuvre satisfaisante. Au micro d\u2019actu Lyon vendredi soir, le maire de Lyon a d\u00e9fendu le travail de l\u2019artiste.\u00a0<\/p>\n<p class=\" wall-content\">\n<p class=\" wall-content\">Certains sur les r\u00e9seaux, comme X, ont r\u00e9pondu aux attaques de l\u2019extr\u00eame droite d\u00e9non\u00e7ant une \u00ab\u00a0tentative de pol\u00e9mique raciste\u00a0\u00bb.<\/p>\n<p class=\" wall-content\">\n<p class=\" wall-content\">\n<p class=\" wall-content\">Personnalisez votre actualit\u00e9 en ajoutant vos villes et m\u00e9dias en favori avec <a href=\"https:\/\/moncompte.actu.fr\" title=\"D\u00e9couvez Mon Actu\" rel=\"nofollow noopener\" data-trk=\"{&quot;cta&quot;:{&quot;action&quot;:&quot;https:\\\/\\\/moncompte.actu.fr&quot;,&quot;category&quot;:&quot;mon compte&quot;,&quot;from&quot;:&quot;article footer&quot;,&quot;name&quot;:&quot;Mon actu&quot;,&quot;type&quot;:&quot;cta&quot;}}\" target=\"_blank\">Mon Actu<\/a>.<\/p>\n","protected":false},"excerpt":{"rendered":"Par Nicolas Zaugra Publi\u00e9 le 6 d\u00e9c. 2025 \u00e0 12h10 C\u2019est une oeuvre du programme de la F\u00eate&hellip;\n","protected":false},"author":2,"featured_media":581996,"comment_status":"","ping_status":"","sticky":false,"template":"","format":"standard","meta":{"footnotes":""},"categories":[1889],"tags":[1111,11,2430,1777,674,1076,48837,1011,27,2428,12,316,2556,25],"class_list":{"0":"post-581995","1":"post","2":"type-post","3":"status-publish","4":"format-standard","5":"has-post-thumbnail","7":"category-lyon","8":"tag-actu","9":"tag-actualites","10":"tag-auvergne-rhone-alpes","11":"tag-eu","12":"tag-europe","13":"tag-extreme-droite","14":"tag-fete-des-lumieres-de-lyon","15":"tag-fr","16":"tag-france","17":"tag-lyon","18":"tag-news","19":"tag-politique","20":"tag-rassemblement-national-rn","21":"tag-republique-francaise"},"share_on_mastodon":{"url":"https:\/\/pubeurope.com\/@fr\/115672371626493541","error":""},"_links":{"self":[{"href":"https:\/\/www.europesays.com\/fr\/wp-json\/wp\/v2\/posts\/581995","targetHints":{"allow":["GET"]}}],"collection":[{"href":"https:\/\/www.europesays.com\/fr\/wp-json\/wp\/v2\/posts"}],"about":[{"href":"https:\/\/www.europesays.com\/fr\/wp-json\/wp\/v2\/types\/post"}],"author":[{"embeddable":true,"href":"https:\/\/www.europesays.com\/fr\/wp-json\/wp\/v2\/users\/2"}],"replies":[{"embeddable":true,"href":"https:\/\/www.europesays.com\/fr\/wp-json\/wp\/v2\/comments?post=581995"}],"version-history":[{"count":0,"href":"https:\/\/www.europesays.com\/fr\/wp-json\/wp\/v2\/posts\/581995\/revisions"}],"wp:featuredmedia":[{"embeddable":true,"href":"https:\/\/www.europesays.com\/fr\/wp-json\/wp\/v2\/media\/581996"}],"wp:attachment":[{"href":"https:\/\/www.europesays.com\/fr\/wp-json\/wp\/v2\/media?parent=581995"}],"wp:term":[{"taxonomy":"category","embeddable":true,"href":"https:\/\/www.europesays.com\/fr\/wp-json\/wp\/v2\/categories?post=581995"},{"taxonomy":"post_tag","embeddable":true,"href":"https:\/\/www.europesays.com\/fr\/wp-json\/wp\/v2\/tags?post=581995"}],"curies":[{"name":"wp","href":"https:\/\/api.w.org\/{rel}","templated":true}]}}