{"id":582009,"date":"2025-12-06T11:31:19","date_gmt":"2025-12-06T11:31:19","guid":{"rendered":"https:\/\/www.europesays.com\/fr\/582009\/"},"modified":"2025-12-06T11:31:19","modified_gmt":"2025-12-06T11:31:19","slug":"guerre-en-ukraine-larche-de-protection-de-la-centrale-de-tchernobyl-a-perdu-ses-capacites-de-confinement-apres-lattaque-dun-drone-contenant-des-charges-explosives","status":"publish","type":"post","link":"https:\/\/www.europesays.com\/fr\/582009\/","title":{"rendered":"Guerre en Ukraine\u00a0: l\u2019arche de protection de la centrale de Tchernobyl a perdu \u00ab\u00a0ses capacit\u00e9s de confinement\u00a0\u00bb apr\u00e8s l\u2019attaque d\u2019un drone contenant des charges explosives"},"content":{"rendered":"<p>\n                                                                La protection du r\u00e9acteur de Tchernobyl est compromise apr\u00e8s des dommages caus\u00e9s par un drone. L\u2019AIEA confirme la perte de fonctions de s\u00e9curit\u00e9 essentielles. Kiev accuse Moscou, qui d\u00e9ment toute implication.\n                            <\/p>\n<p>L\u2019arche qui prot\u00e8ge le r\u00e9acteur endommag\u00e9 de la centrale nucl\u00e9aire de Tchernobyl en Ukraine n\u2019est plus en mesure d\u2019assurer sa fonction de protection en raison des d\u00e9g\u00e2ts caus\u00e9s par un drone, a d\u00e9clar\u00e9 ce vendredi 5\u00a0d\u00e9cembre 2025 l\u2019Agence internationale de l\u2019\u00e9nergie atomique (AIEA).<\/p>\n<p>L\u2019AIEA a indiqu\u00e9 qu\u2019une inspection avait d\u00e9termin\u00e9 que les d\u00e9g\u00e2ts caus\u00e9s \u00e0 la structure, d\u00e9couverts en f\u00e9vrier dernier, l\u2019avaient d\u00e9t\u00e9rior\u00e9.<\/p>\n<p>Le directeur de l\u2019agence onusienne, Rafael Grossi, a dit dans un communiqu\u00e9 que la mission d\u2019inspection \u00ab\u00a0avait confirm\u00e9 que (l\u2019arche) avait perdu ses fonctions premi\u00e8res de s\u00e9curit\u00e9, notamment ses capacit\u00e9s de confinement\u00a0\u00bb.<\/p>\n<p>\u00ab\u00a0(La mission) a toutefois conclu qu\u2019aucun d\u00e9g\u00e2t permanent n\u2019avait \u00e9t\u00e9 caus\u00e9 \u00e0 ses structures porteuses et aux syst\u00e8mes de surveillance.\u00a0\u00bb<\/p>\n<p>Kiev accuse, Moscou nie<\/p>\n<p>L\u2019Onu a annonc\u00e9 le 14\u00a0f\u00e9vrier dernier que les autorit\u00e9s ukrainiennes avaient d\u00e9clar\u00e9 qu\u2019un drone transportant une charge explosive avait frapp\u00e9 le site, provoquant un incendie et endommageant l\u2019arche de la centrale nucl\u00e9aire.<\/p>\n<p>Les autorit\u00e9s ukrainiennes ont affirm\u00e9 que le drone avait \u00e9t\u00e9 lanc\u00e9 par la Russie. Moscou nie avoir attaqu\u00e9 la centrale.<\/p>\n<p>L\u2019AIEA avait d\u00e9clar\u00e9 en f\u00e9vrier que les niveaux de radiation \u00e9taient rest\u00e9s stables apr\u00e8s l\u2019incident.<\/p>\n<p>Tchernobyl a \u00e9t\u00e9 le site de la plus grave catastrophe nucl\u00e9aire jamais survenue \u00e0 ce jour, lorsqu\u2019un accident survenu en 1986 a conduit \u00e0 la fusion du c\u0153ur du r\u00e9acteur de la centrale.<\/p>\n<p>Ce r\u00e9acteur est d\u00e9sormais prot\u00e9g\u00e9 par une structure m\u00e9tallique en forme d\u2019arche, \u00e9galement appel\u00e9e \u00ab\u00a0sarcophage\u00a0\u00bb, construite pour recouvrir un abri datant de l\u2019\u00e9poque sovi\u00e9tique et devenu obsol\u00e8te.<\/p>\n","protected":false},"excerpt":{"rendered":"La protection du r\u00e9acteur de Tchernobyl est compromise apr\u00e8s des dommages caus\u00e9s par un drone. L\u2019AIEA confirme la&hellip;\n","protected":false},"author":2,"featured_media":582010,"comment_status":"","ping_status":"","sticky":false,"template":"","format":"standard","meta":{"footnotes":""},"categories":[1590],"tags":[1111,11,1777,674,131,14,12,220],"class_list":{"0":"post-582009","1":"post","2":"type-post","3":"status-publish","4":"format-standard","5":"has-post-thumbnail","7":"category-ukraine","8":"tag-actu","9":"tag-actualites","10":"tag-eu","11":"tag-europe","12":"tag-guerre-en-ukraine","13":"tag-international","14":"tag-news","15":"tag-ukraine"},"share_on_mastodon":{"url":"https:\/\/pubeurope.com\/@fr\/115672402173788110","error":""},"_links":{"self":[{"href":"https:\/\/www.europesays.com\/fr\/wp-json\/wp\/v2\/posts\/582009","targetHints":{"allow":["GET"]}}],"collection":[{"href":"https:\/\/www.europesays.com\/fr\/wp-json\/wp\/v2\/posts"}],"about":[{"href":"https:\/\/www.europesays.com\/fr\/wp-json\/wp\/v2\/types\/post"}],"author":[{"embeddable":true,"href":"https:\/\/www.europesays.com\/fr\/wp-json\/wp\/v2\/users\/2"}],"replies":[{"embeddable":true,"href":"https:\/\/www.europesays.com\/fr\/wp-json\/wp\/v2\/comments?post=582009"}],"version-history":[{"count":0,"href":"https:\/\/www.europesays.com\/fr\/wp-json\/wp\/v2\/posts\/582009\/revisions"}],"wp:featuredmedia":[{"embeddable":true,"href":"https:\/\/www.europesays.com\/fr\/wp-json\/wp\/v2\/media\/582010"}],"wp:attachment":[{"href":"https:\/\/www.europesays.com\/fr\/wp-json\/wp\/v2\/media?parent=582009"}],"wp:term":[{"taxonomy":"category","embeddable":true,"href":"https:\/\/www.europesays.com\/fr\/wp-json\/wp\/v2\/categories?post=582009"},{"taxonomy":"post_tag","embeddable":true,"href":"https:\/\/www.europesays.com\/fr\/wp-json\/wp\/v2\/tags?post=582009"}],"curies":[{"name":"wp","href":"https:\/\/api.w.org\/{rel}","templated":true}]}}