{"id":582013,"date":"2025-12-06T11:33:17","date_gmt":"2025-12-06T11:33:17","guid":{"rendered":"https:\/\/www.europesays.com\/fr\/582013\/"},"modified":"2025-12-06T11:33:17","modified_gmt":"2025-12-06T11:33:17","slug":"des-privileges-exorbitants-vent-de-fronde-contre-la-famille-royale-britannique","status":"publish","type":"post","link":"https:\/\/www.europesays.com\/fr\/582013\/","title":{"rendered":"\u00ab\u00a0Des privil\u00e8ges exorbitants\u00a0\u00bb\u00a0: vent de fronde contre la famille royale britannique"},"content":{"rendered":"<p class=\"paragraph text_align_left lp-f-body-02\">Ch\u00e2teau de Windsor, janvier 2022. <a href=\"https:\/\/www.leparisien.fr\/reine-elizabeth\/\" target=\"_self\" rel=\"noopener\">Elizabeth II,<\/a> boulevers\u00e9e, se pr\u00e9pare \u00e0 annoncer \u00e0 son fils Andrew, l\u2019humiliante d\u00e9cision \u00e0 laquelle elle s\u2019est r\u00e9solue. <a href=\"https:\/\/www.leparisien.fr\/faits-divers\/affaire-epstein-accuse-dagressions-sexuelles-le-prince-andrew-demande-un-proces-au-civil-a-new-york-26-01-2022-3MKLKQX26BDY5BPX2HCVSL37WQ.php\" target=\"_self\" rel=\"noopener\">Accus\u00e9 de viol outre-Atlantique, le cadet des Windsor <\/a>va perdre ses titres royaux et militaires. C\u2019en est fini de \u00ab son Altesse royale \u00bb pour le prince Andrew. Pour ce douloureux t\u00eate-\u00e0-t\u00eate, la reine veut choisir ses mots, mais deux hauts fonctionnaires vont l\u2019en emp\u00eacher.<\/p>\n<p class=\"paragraph text_align_left lp-f-body-02\">Des \u00ab hommes en gris \u00bb comme on surnomme ces bureaucrates de la couronne, qui s\u2019incrustent dans le salon royal, au c\u0153ur de cette r\u00e9union m\u00e8re-fils : \u00ab Le palais \u00e9tait parfaitement conscient de l\u2019importance du moment \u00bb, r\u00e9v\u00e8le aujourd\u2019hui le journaliste Robert Jobson, auteur de \u00ab L\u2019h\u00e9ritage des Windsor \u00bb. \u00ab Il fallait des t\u00e9moins, s\u2019assurer que ce qui allait \u00eatre dit respecte la loi \u00bb.<\/p>\n<p class=\"paragraph text_align_left lp-f-body-02\">Officiellement, Andrew a toujours jur\u00e9 qu\u2019il n\u2019a jamais rencontr\u00e9 <a href=\"https:\/\/www.leparisien.fr\/faits-divers\/suicide-de-virginia-giuffre-laccusatrice-du-prince-andrew-dans-laffaire-epstein-ce-que-lon-sait-26-04-2025-ZMTC3HPREVFDBFVL4OZXCAL44I.php\" target=\"_self\" rel=\"noopener\">Virginia Roberts-Giuffre<\/a>, l\u2019Am\u00e9ricaine qui l\u2019accuse de viol, en d\u00e9pit de l\u2019existence d\u2019une photo ou tous les deux sont enlac\u00e9s.<\/p>\n<p>\u00ab Comme une plaie qui suinte et ne veut pas gu\u00e9rir \u00bb<\/p>\n<p class=\"paragraph text_align_left lp-f-body-02\">Officiellement, la reine le croit. Et c\u2019est elle qui r\u00e9dige un ch\u00e8que de 12 millions de livres pour que Virginia Roberts renonce aux poursuites judiciaires, esp\u00e9rant voir ainsi le scandale se dissiper. Mais l\u2019affaire Andrew n\u2019a jamais disparu, \u00ab comme une plaie qui suinte et ne veut pas gu\u00e9rir \u00bb, d\u00e9crit Jobson. Elle revient hanter les Windsor et m\u00eame entacher la figure aur\u00e9ol\u00e9e de la reine. \u00ab Les hommes en gris \u00bb ont-ils soup\u00e7onn\u00e9 la souveraine de 95 ans de vouloir prot\u00e9ger son fils pr\u00e9f\u00e9r\u00e9 ?<\/p>\n<p class=\"paragraph text_align_left lp-f-body-02\">Aujourd\u2019hui, les Britanniques se posent la m\u00eame question. Et bien d\u2019autres encore. O\u00f9 sont pass\u00e9s les carnets des officiers de protection d\u2019Andrew dans lesquels chaque rencontre, chaque rendez-vous, doit \u00eatre consign\u00e9 et transmis \u00e0 Scotland Yard ? \u00ab Ces hommes sont pay\u00e9s par le contribuable, pourquoi ne pas les interroger ? \u00bb questionne Robert Jobson.<\/p>\n<p class=\"paragraph text_align_left lp-f-body-02\">D\u00e9mis de ses fonctions, <a href=\"https:\/\/www.leparisien.fr\/international\/empetre-dans-laffaire-epstein-le-prince-andrew-perd-son-titre-de-prince-et-va-devoir-quitter-le-royal-lodge-30-10-2025-SARLEQU2BZDSTNRLD66XRSEBNQ.php\" target=\"_self\" rel=\"noopener\">de son titre de duc puis de prince<\/a>, Andrew devenu M. Mountbatten-Windsor, n\u2019a jamais r\u00e9pondu \u00e0 aucune des sollicitations des victimes <a href=\"https:\/\/www.leparisien.fr\/international\/etats-unis\/affaire-epstein-le-congres-americain-publie-plus-de-33-000-pages-de-documents-lies-au-delinquant-sexuel-03-09-2025-EPMAAM4VSBAYXA52QGTKNC2LZQ.php\" target=\"_self\" rel=\"noopener\">du dossier Epstein <\/a>ni \u00e0 l\u2019invitation \u00e0 t\u00e9moigner devant le congr\u00e8s am\u00e9ricain. Aucune enqu\u00eate n\u2019a \u00e9t\u00e9 ouverte dans son propre pays. Une impunit\u00e9 qui scandalise l\u2019opinion britannique. Mais si personne ne peut obliger un membre de la famille royale \u00e0 parler, il est possible d\u00e9sormais de s\u2019en prendre \u00e0 son porte-monnaie !<\/p>\n<p class=\"paragraph text_align_left lp-f-body-02\">Sous la pression du public, les d\u00e9put\u00e9s ont os\u00e9 ce qui aurait \u00e9t\u00e9 impensable du vivant d\u2019<a href=\"https:\/\/www.leparisien.fr\/international\/elizabeth-ii-la-reine-eternelle-est-morte-08-09-2022-BB6E5DTYFFFZBHOQTYIPLKNFNI.php\" target=\"_self\" rel=\"noopener\">Elizabeth II<\/a>. La commission parlementaire des finances publiques a vot\u00e9 ce mardi le lancement d\u2019une enqu\u00eate sur les comptes du Crown Estate, cette entit\u00e9 qui g\u00e8re le portefeuille de propri\u00e9t\u00e9s des Windsor, soit la bagatelle de 15 milliards de livres.<\/p>\n<p class=\"paragraph text_align_left lp-f-body-02\">Les r\u00e9v\u00e9lations du montant du loyer symbolique pay\u00e9 par Andrew pour sa demeure de 30 pi\u00e8ces \u00e0 Windsor, vite devenu le scandale du <a href=\"https:\/\/www.leparisien.fr\/international\/le-prince-andrew-empetre-dans-les-scandales-presse-de-quitter-royal-lodge-26-10-2025-Z5OKGZNLUVHVLG5LGZIISMFWSQ.php\" target=\"_self\" rel=\"noopener\">Royal lodge<\/a>, ont choqu\u00e9. Depuis, les Britanniques ont appris que son fr\u00e8re Edward b\u00e9n\u00e9ficie lui aussi de conditions particuli\u00e8rement avantageuses. Figure de proue de cette campagne contre l\u2019opacit\u00e9 du syst\u00e8me, le d\u00e9put\u00e9 Norman Baker d\u00e9nonce les \u00ab privil\u00e8ges exorbitants \u00bb accord\u00e9e \u00e0 la Firme.<\/p>\n<p>\u00ab La famille royale co\u00fbte 10 fois plus que n\u2019importe quelle autre monarchie europ\u00e9enne \u00bb<\/p>\n<p class=\"paragraph text_align_left lp-f-body-02\">Non contrainte d\u2019appliquer les lois sur la parit\u00e9, la diversit\u00e9 ou le harc\u00e8lement et, surtout exempt\u00e9e d\u2019imp\u00f4ts. \u00ab La famille royale co\u00fbte environ un demi-milliard de livres par an, soit plus de dix fois celle de n\u2019importe quelle autre monarchie europ\u00e9enne \u00bb, ass\u00e8ne Baker. <a href=\"https:\/\/www.leparisien.fr\/international\/roi-charles-iii\/\" target=\"_self\" rel=\"noopener\">Charles III est le seul roi milliardaire.<\/a><\/p>\n<p class=\"paragraph text_align_left lp-f-body-02\">Impensable aussi ce documentaire diffus\u00e9 en ce moment <a href=\"https:\/\/www.bbc.co.uk\/programmes\/m002n21h\" target=\"_self\" rel=\"noopener\">sur la BBC, intitul\u00e9 \u00ab A quoi sert la monarchie ? \u00bb.<\/a> Un audit t\u00e9l\u00e9vis\u00e9 de trois \u00e9pisodes en forme de point d\u2019interrogation et qui pourrait s\u2019appeler \u00ab Tout ce que vous ignorez sur la monarchie \u00bb : en somme, une institution qui consid\u00e8re qu\u2019elle n\u2019a pas de comptes \u00e0 rendre sur ses finances, sa communication ou sa diplomatie et avec \u00e0 sa t\u00eate, \u00ab un chef d\u2019\u00c9tat que personne n\u2019a \u00e9lu \u00bb.<\/p>\n<p class=\"paragraph text_align_left lp-f-body-02\">\u00ab C\u2019est vrai que c\u2019est une fa\u00e7on irrationnelle de diriger un pays, reconna\u00eet Robert Hardman, c\u00e9l\u00e8bre biographe de la famille royale. Et ils en ont conscience \u00bb. Et le biographe d\u2019ajouter : \u00ab Imaginez si on devait cr\u00e9er un nouveau pays aujourd\u2019hui. On prendrait une famille, qu\u2019on mettrait dans un ch\u00e2teau et on lui donnerait absolument tout ce qu\u2019elle veut, pareil pour ses enfants et les enfants de ses enfants\u2026 \u00e7a ne viendrait \u00e0 l\u2019id\u00e9e de personne de faire \u00e7a ! Et pourtant, c\u2019est un syst\u00e8me qui fonctionne \u00bb.<\/p>\n<p>La royaut\u00e9 d\u00e9gringole dans les sondages<\/p>\n<p class=\"paragraph text_align_left lp-f-body-02\">Mais elle fonctionne de moins en moins selon les Britanniques. L\u2019\u00e9rosion est lente mais r\u00e9elle. Dans les ann\u00e9es 1980, pr\u00e8s de 90 % de la population jugeait la royaut\u00e9 \u00ab importante \u00bb, ils sont tout juste 51 % aujourd\u2019hui. \u00ab Clamer que la monarchie va durer \u00e9ternellement est tout simplement arrogant \u00bb, estime Robert Jobson. \u00ab Les jeunes g\u00e9n\u00e9rations ne s\u2019int\u00e9ressent pas \u00e0 la monarchie ou alors, ils la remettent en question. C\u2019est eux que William et Kate doivent s\u00e9duire \u00bb.<\/p>\n<p class=\"paragraph text_align_left lp-f-body-02\">Un quadrag\u00e9naire qui se d\u00e9place en trottinette sur son lieu de travail : c\u2019est ainsi que le<a href=\"https:\/\/www.leparisien.fr\/international\/william\/\" target=\"_self\" rel=\"noopener\"> prince William<\/a> d\u00e9ambule dans les all\u00e9es de Windsor dans un r\u00e9cent documentaire diffus\u00e9 sur Apple et consacr\u00e9 \u00e0 la monarchie. Une op\u00e9ration de communication bien rod\u00e9e, o\u00f9 le fils de Charles III joue les ch\u00e2telains et se pose en futur \u00ab r\u00e9formateur \u00bb de l\u2019institution.<\/p>\n<p>La r\u00e9volution William se pr\u00e9pare<\/p>\n<p class=\"paragraph text_align_left lp-f-body-02\">\u00ab Le changement est \u00e0 mon programme, un changement durable. Et je n\u2019en ai pas peur \u00bb, assure le prince de Galles, avec roulements de tambour. Selon le tablo\u00efd am\u00e9ricain le New York Post, c\u2019est m\u00eame en \u00e9lagueur que William s\u2019imagine. Tandis que le Post lui pr\u00eate le projet de r\u00e9duire le personnel de moiti\u00e9\u2026 -adieu les \u00ab hommes en gris \u00bb- et de supprimer titres et duch\u00e9s inutiles\u2026 Hello Harry Mounbatten-Windsor ! \u00c0 la cave donc, manteaux d\u2019hermine et sceptre de 20 kg. Promis, on ne verra pas William en kilt\u2026<\/p>\n<p class=\"paragraph text_align_left lp-f-body-02\">\u00ab On verra \u00e7a quand il r\u00e9gnera \u00bb relativise Robert Jobson. C\u2019est toujours facile de fourmiller d\u2019id\u00e9es quand on n\u2019est pas sur le tr\u00f4ne \u00bb. La presse britannique rappelle que William, inspir\u00e9 par les mod\u00e8les de royaut\u00e9 scandinave fond\u00e9s sur la transparence, est celui dont les finances figurent parmi les plus inaccessibles de la Couronne. Quels que soient les changements envisag\u00e9s par le prince, l\u2019avenir de la monarchie n\u2019appartient pas \u00e0 la famille royale, mais au peuple. C\u2019est la le\u00e7on que l\u2019affaire Andrew est venue rappeler.<\/p>\n","protected":false},"excerpt":{"rendered":"Ch\u00e2teau de Windsor, janvier 2022. Elizabeth II, boulevers\u00e9e, se pr\u00e9pare \u00e0 annoncer \u00e0 son fils Andrew, l\u2019humiliante d\u00e9cision&hellip;\n","protected":false},"author":2,"featured_media":582014,"comment_status":"","ping_status":"","sticky":false,"template":"","format":"standard","meta":{"footnotes":""},"categories":[1588],"tags":[11,1777,674,14,12,473,1853,1851,1850,1852],"class_list":{"0":"post-582013","1":"post","2":"type-post","3":"status-publish","4":"format-standard","5":"has-post-thumbnail","7":"category-royaume-uni","8":"tag-actualites","9":"tag-eu","10":"tag-europe","11":"tag-international","12":"tag-news","13":"tag-royaume-uni","14":"tag-royaume-uni-de-grande-bretagne-et-dirlande-du-nord","15":"tag-uk","16":"tag-united-kingdom","17":"tag-united-kingdom-of-great-britain-and-northern-ireland"},"share_on_mastodon":{"url":"https:\/\/pubeurope.com\/@fr\/115672409992905180","error":""},"_links":{"self":[{"href":"https:\/\/www.europesays.com\/fr\/wp-json\/wp\/v2\/posts\/582013","targetHints":{"allow":["GET"]}}],"collection":[{"href":"https:\/\/www.europesays.com\/fr\/wp-json\/wp\/v2\/posts"}],"about":[{"href":"https:\/\/www.europesays.com\/fr\/wp-json\/wp\/v2\/types\/post"}],"author":[{"embeddable":true,"href":"https:\/\/www.europesays.com\/fr\/wp-json\/wp\/v2\/users\/2"}],"replies":[{"embeddable":true,"href":"https:\/\/www.europesays.com\/fr\/wp-json\/wp\/v2\/comments?post=582013"}],"version-history":[{"count":0,"href":"https:\/\/www.europesays.com\/fr\/wp-json\/wp\/v2\/posts\/582013\/revisions"}],"wp:featuredmedia":[{"embeddable":true,"href":"https:\/\/www.europesays.com\/fr\/wp-json\/wp\/v2\/media\/582014"}],"wp:attachment":[{"href":"https:\/\/www.europesays.com\/fr\/wp-json\/wp\/v2\/media?parent=582013"}],"wp:term":[{"taxonomy":"category","embeddable":true,"href":"https:\/\/www.europesays.com\/fr\/wp-json\/wp\/v2\/categories?post=582013"},{"taxonomy":"post_tag","embeddable":true,"href":"https:\/\/www.europesays.com\/fr\/wp-json\/wp\/v2\/tags?post=582013"}],"curies":[{"name":"wp","href":"https:\/\/api.w.org\/{rel}","templated":true}]}}