{"id":582019,"date":"2025-12-06T11:36:14","date_gmt":"2025-12-06T11:36:14","guid":{"rendered":"https:\/\/www.europesays.com\/fr\/582019\/"},"modified":"2025-12-06T11:36:14","modified_gmt":"2025-12-06T11:36:14","slug":"washington-reste-le-plus-grand-allie-de-leurope-dit-kaja-kallas","status":"publish","type":"post","link":"https:\/\/www.europesays.com\/fr\/582019\/","title":{"rendered":"Washington reste le plus \u00ab\u00a0grand alli\u00e9\u00a0\u00bb de l\u2019Europe, dit Kaja Kallas"},"content":{"rendered":"<p>Les \u00c9tats-Unis restent \u00ab\u00a0le plus grand alli\u00e9\u00a0\u00bb de <a target=\"_self\" href=\"https:\/\/www.lanouvellerepublique.fr\/a-la-une\/union-europeenne-les-deputes-s-accordent-pour-interdire-le-gaz-russe-a-l-automne-2027-1764744120\" rel=\"noopener\">l\u2019Union europ\u00e9enne<\/a>, a affirm\u00e9 samedi 6\u00a0d\u00e9cembre 2025 la cheffe de la diplomatie europ\u00e9enne, Kaja Kallas, apr\u00e8s la publication de la nouvelle strat\u00e9gie de s\u00e9curit\u00e9 am\u00e9ricaine, r\u00e9solument nationaliste, anticipant l&rsquo;\u00ab\u00a0effacement civilisationnel\u00a0\u00bb de l\u2019Europe.<\/p>\n<p>\u00ab\u00a0Bien s\u00fbr, il y a beaucoup de critiques, mais je pense que certaines d\u2019entre elles sont \u00e9galement fond\u00e9es\u00a0\u00bb, a d\u00e9clar\u00e9 Kaja Kallas, interrog\u00e9e sur ce document lors d\u2019une conf\u00e9rence \u00e0 Doha, au Qatar. \u00ab\u00a0Les \u00c9tats-Unis restent notre plus grand alli\u00e9 [\u2026] nous n\u2019avons pas toujours \u00e9t\u00e9 d\u2019accord sur diff\u00e9rents sujets mais je pense que le principe g\u00e9n\u00e9ral reste le m\u00eame. Nous sommes les plus grands alli\u00e9s et nous devons rester unis\u00a0\u00bb, a-t-elle ajout\u00e9.<\/p>\n<p>Une strat\u00e9gie qui soutient les affirmations de l\u2019extr\u00eame droite<\/p>\n<p>L\u2019administration Trump a publi\u00e9 vendredi un document qui red\u00e9finit sa \u00ab\u00a0Strat\u00e9gie de s\u00e9curit\u00e9 nationale\u00a0\u00bb en ligne avec l\u2019approche du pr\u00e9sident am\u00e9ricain consistant \u00e0 mettre \u00ab\u00a0l\u2019Am\u00e9rique d\u2019abord\u00a0\u00bb. Le document s\u2019en prend vivement aux Europ\u00e9ens, <a target=\"_self\" href=\"https:\/\/www.lanouvellerepublique.fr\/a-la-une\/guerre-en-ukraine-a-munich-le-double-discours-americain-1739558825\" rel=\"noopener\">soutenant les affirmations de l\u2019extr\u00eame droite<\/a> selon lesquelles le Vieux continent est confront\u00e9 \u00e0 un \u00ab\u00a0effacement civilisationnel\u00a0\u00bb d\u00fb \u00e0 l\u2019immigration. Il met aussi en cause \u00ab\u00a0son obsession infructueuse pour l\u2019asphyxie r\u00e9glementaire\u00a0\u00bb.<\/p>\n<p>Le document promet \u00e9galement qu\u2019il n\u2019y aura pas d\u2019\u00e9largissement de l\u2019Otan, an\u00e9antissant une fois de plus les espoirs de l\u2019Ukraine qui subit l\u2019invasion russe. \u00ab\u00a0L\u2019Europe a sous-estim\u00e9 son propre pouvoir. Vis-\u00e0-vis de la Russie, par exemple [\u2026] nous devrions avoir davantage confiance en nous\u00a0\u00bb, a affirm\u00e9 Kaja Kallas.<\/p>\n<p>Responsables ukrainiens et am\u00e9ricains se retrouvent samedi \u00e0 Miami pour une <a target=\"_self\" href=\"https:\/\/www.lanouvellerepublique.fr\/a-la-une\/guerre-en-ukraine-ukrainiens-et-americains-poursuivent-leurs-discussions-en-floride-1765006539\" rel=\"noopener\">troisi\u00e8me journ\u00e9e cons\u00e9cutive de pourparlers<\/a> visant \u00e0 mettre fin \u00e0 plus de trois ans de guerre avec la Russie. \u00ab\u00a0Imposer des restrictions et des contraintes \u00e0 l\u2019Ukraine ne nous apportera pas une paix durable\u00a0\u00bb, a mis en garde la responsable europ\u00e9enne. \u00ab\u00a0Si l\u2019agression est r\u00e9compens\u00e9e, elle se reproduira, <a target=\"_self\" href=\"https:\/\/www.lanouvellerepublique.fr\/a-la-une\/guerre-a-gaza-la-commission-europeenne-propose-des-sanctions-inedites-contre-israel-mais-redoute-qu-elles-n-aboutissent-pas-1758117033\" rel=\"noopener\">non seulement en Ukraine ou \u00e0 Gaza<\/a>, mais partout dans le monde\u00a0\u00bb, a-t-elle ajout\u00e9.<\/p>\n<p>Quelques points de la Strat\u00e9gie nationale d\u00e9voil\u00e9e par Trump<\/p>\n<p>&gt;\u00a0Washington d\u00e9nonce p\u00eale-m\u00eale les d\u00e9cisions europ\u00e9ennes qui \u00ab\u00a0sapent la libert\u00e9 politique et la souverainet\u00e9, les politiques migratoires qui transforment le continent et cr\u00e9ent des tensions, la censure de la libert\u00e9 d\u2019expression et la r\u00e9pression de l\u2019opposition politique, la chute des taux de natalit\u00e9, ainsi que la perte des identit\u00e9s nationales\u00a0\u00bb.<\/p>\n<p>&gt;\u00a0Soulignant les efforts pour accro\u00eetre l\u2019approvisionnement \u00e9nerg\u00e9tique am\u00e9ricain, le texte estime que \u00ab\u00a0la raison historique de l\u2019Am\u00e9rique de se concentrer sur le Moyen-Orient va diminuer\u00a0\u00bb.<\/p>\n<p>&gt;\u00a0Il appelle \u00e0 \u00ab\u00a0restaurer la supr\u00e9matie am\u00e9ricaine\u00a0\u00bb en Am\u00e9rique latine et annonce un \u00ab\u00a0r\u00e9ajustement\u00a0\u00bb de la pr\u00e9sence militaire am\u00e9ricaine dans le monde. Il recommande aussi \u00ab\u00a0un \u00e9loignement des th\u00e9\u00e2tres dont l\u2019importance relative pour la s\u00e9curit\u00e9 nationale am\u00e9ricaine a diminu\u00e9\u00a0\u00bb.<\/p>\n<p>&gt;\u00a0Concernant la Chine, la strat\u00e9gie r\u00e9it\u00e8re les appels pour une r\u00e9gion Asie-Pacifique \u00ab\u00a0libre et ouverte\u00a0\u00bb, mais met davantage l\u2019accent sur la concurrence \u00e9conomique. Le Japon et la Cor\u00e9e du Sud sont appel\u00e9s \u00e0 faire davantage pour soutenir Ta\u00efwan face \u00e0 P\u00e9kin.<\/p>\n<p>&gt;\u00a0Par ailleurs, \u00ab\u00a0l\u2019\u00e8re des migrations de masse doit prendre fin. La s\u00e9curit\u00e9 des fronti\u00e8res est l\u2019\u00e9l\u00e9ment principal de la s\u00e9curit\u00e9 nationale\u00a0\u00bb, affirme ce document.<\/p>\n","protected":false},"excerpt":{"rendered":"Les \u00c9tats-Unis restent \u00ab\u00a0le plus grand alli\u00e9\u00a0\u00bb de l\u2019Union europ\u00e9enne, a affirm\u00e9 samedi 6\u00a0d\u00e9cembre 2025 la cheffe de&hellip;\n","protected":false},"author":2,"featured_media":582020,"comment_status":"","ping_status":"","sticky":false,"template":"","format":"standard","meta":{"footnotes":""},"categories":[1586],"tags":[328,11,73,1777,674,1779,1011,27,329,74,12,25,1778,364],"class_list":{"0":"post-582019","1":"post","2":"type-post","3":"status-publish","4":"format-standard","5":"has-post-thumbnail","7":"category-europe","8":"tag-a-la-une","9":"tag-actualites","10":"tag-etats-unis","11":"tag-eu","12":"tag-europe","13":"tag-european-union","14":"tag-fr","15":"tag-france","16":"tag-france-monde","17":"tag-monde","18":"tag-news","19":"tag-republique-francaise","20":"tag-ue","21":"tag-union-europeenne"},"share_on_mastodon":{"url":"https:\/\/pubeurope.com\/@fr\/115672421794368962","error":""},"_links":{"self":[{"href":"https:\/\/www.europesays.com\/fr\/wp-json\/wp\/v2\/posts\/582019","targetHints":{"allow":["GET"]}}],"collection":[{"href":"https:\/\/www.europesays.com\/fr\/wp-json\/wp\/v2\/posts"}],"about":[{"href":"https:\/\/www.europesays.com\/fr\/wp-json\/wp\/v2\/types\/post"}],"author":[{"embeddable":true,"href":"https:\/\/www.europesays.com\/fr\/wp-json\/wp\/v2\/users\/2"}],"replies":[{"embeddable":true,"href":"https:\/\/www.europesays.com\/fr\/wp-json\/wp\/v2\/comments?post=582019"}],"version-history":[{"count":0,"href":"https:\/\/www.europesays.com\/fr\/wp-json\/wp\/v2\/posts\/582019\/revisions"}],"wp:featuredmedia":[{"embeddable":true,"href":"https:\/\/www.europesays.com\/fr\/wp-json\/wp\/v2\/media\/582020"}],"wp:attachment":[{"href":"https:\/\/www.europesays.com\/fr\/wp-json\/wp\/v2\/media?parent=582019"}],"wp:term":[{"taxonomy":"category","embeddable":true,"href":"https:\/\/www.europesays.com\/fr\/wp-json\/wp\/v2\/categories?post=582019"},{"taxonomy":"post_tag","embeddable":true,"href":"https:\/\/www.europesays.com\/fr\/wp-json\/wp\/v2\/tags?post=582019"}],"curies":[{"name":"wp","href":"https:\/\/api.w.org\/{rel}","templated":true}]}}