{"id":582031,"date":"2025-12-06T11:48:15","date_gmt":"2025-12-06T11:48:15","guid":{"rendered":"https:\/\/www.europesays.com\/fr\/582031\/"},"modified":"2025-12-06T11:48:15","modified_gmt":"2025-12-06T11:48:15","slug":"cyclisme-politique-thibaut-pinot-tacle-la-ministre-de-lagriculture-annie-genevard","status":"publish","type":"post","link":"https:\/\/www.europesays.com\/fr\/582031\/","title":{"rendered":"Cyclisme. Politique &#8211; Thibaut Pinot tacle la ministre de l&rsquo;Agriculture Annie Genevard"},"content":{"rendered":"<p>L\u2019abattage sous tension d\u2019un troupeau dans le Doubs a fait r\u00e9agir&#8230;\u00a0<strong><a href=\"https:\/\/www.cyclismactu.net\/..\/news-route-lenny-martinez-j-aimerais-progresser-sur-classements-generaux-90866.html\" target=\"_blank\" rel=\"noopener\">Thibaut Pinot<\/a><\/strong>. L\u2019ancien coureur de la\u00a0<strong><a href=\"https:\/\/www.cyclismactu.net\/..\/news-transfert-route-la-formation-groupama-fdj-united-a-promu-un-jeune-francais-de-20-ans-90987.html\" target=\"_blank\" rel=\"noopener\">Groupama-FDJ<\/a><\/strong> a s\u00e8chement interpell\u00e9 la ministre de l\u2019Agriculture dans un tweet.\u00a0Depuis l\u2019\u00e9t\u00e9 2025, la dermatose nodulaire contagieuse (DNC) frappe de nombreux \u00e9levages fran\u00e7ais. Mardi 2 d\u00e9cembre, un nouveau troupeau de 83 bovins a \u00e9t\u00e9 abattu dans le Doubs. Malgr\u00e9 une vaccination datant de plus d\u2019un mois, un cas a \u00e9t\u00e9 d\u00e9tect\u00e9, d\u00e9clenchant une op\u00e9ration de \u00ab\u00a0d\u00e9peuplement\u00a0\u00bb. L\u2019intervention, particuli\u00e8rement tendue, a mobilis\u00e9 pr\u00e8s de 500 personnes autour de l\u2019exploitation de Pouilley-Fran\u00e7ais, pr\u00e8s de Saint-Vit. Environ 175 gendarmes ont d\u00fb recourir au gaz lacrymog\u00e8ne et aux tirs de LBD pour disperser les manifestants.<\/p>\n<p>Vid\u00e9o &#8211; Thibaut Pinot avait pris sa retraite en octobre 2023 Lire la suite de l&rsquo;article&#13;<\/p>\n<p>\u00a0<\/p>\n<p>&#13;<br \/>\nThibaut Pinot s&rsquo;allie aux agriculteurs&#13;<\/p>\n<p>Quelques heures avant cette euthanasie \u00e0 laquelle s\u2019opposaient les agriculteurs du <strong>EARL de Lhomme<\/strong>, <strong>Annie Genevard<\/strong>, ministre de l\u2019Agriculture, se f\u00e9licitait le 1er d\u00e9cembre sur X de la lev\u00e9e d\u2019une troisi\u00e8me zone r\u00e9glement\u00e9e dans l\u2019Ain. \u00ab\u00a0Nos efforts continuent de payer\u00a0\u00bb, \u00e9crivait-elle. Un message qui a aussit\u00f4t fait r\u00e9agir <strong>Thibaut Pinot<\/strong>, d\u00e9fenseur assum\u00e9 de la cause animale.<\/p>\n<p>&#13;<\/p>\n<p>L\u2019ancien champion en a profit\u00e9 pour recadrer la ministre. Rebondissant sur \u00ab\u00a0les efforts\u00a0\u00bb \u00e9voqu\u00e9s par <strong>Annie Genevard<\/strong>, il a r\u00e9pondu sous sa publication : \u00ab\u00a0Voici le r\u00e9sultat de vos &lsquo;efforts'\u00a0\u00bb. Il y joignait une vid\u00e9o de France 3 Franche-Comt\u00e9 montrant les affrontements entre forces de l\u2019ordre et manifestants oppos\u00e9s \u00e0 l\u2019abattage des bovins \u00e0 Pouilley-Fran\u00e7ais. Sur ces images, on voit notamment une charge des gendarmes et l\u2019usage de gaz lacrymog\u00e8ne. La pr\u00e9fecture du Doubs a rappel\u00e9 en fin de journ\u00e9e que cet abattage \u00e9tait indispensable face au risque \u00e9lev\u00e9 de contagion.<\/p>\n<p>&#13;<\/p>\n<p>Install\u00e9 \u00e0 M\u00e9lisey en Haute-Sa\u00f4ne,<strong> Thibaut Pinot <\/strong>a toujours affich\u00e9 sa sensibilit\u00e9 \u00e0 la cause animale. En France comme en Europe, la strat\u00e9gie actuelle consiste \u00e0 \u00e9liminer tout troupeau touch\u00e9 par la DNC, une politique vivement critiqu\u00e9e par la Conf\u00e9d\u00e9ration paysanne et la Coordination rurale, qui la jugent \u00ab\u00a0inhumaine\u00a0\u00bb. Avec son \u00ab\u00a0Voil\u00e0 le r\u00e9sultat de vos &lsquo;efforts'\u00a0\u00bb, <strong>Pinot<\/strong>, pourtant discret depuis sa retraite sportive en octobre 2023, s\u2019aligne sur la col\u00e8re d\u2019un grand nombre d\u2019\u00e9leveurs, d\u2019agriculteurs et de syndicats face \u00e0 la gestion de cette crise sanitaire.<\/p>\n","protected":false},"excerpt":{"rendered":"L\u2019abattage sous tension d\u2019un troupeau dans le Doubs a fait r\u00e9agir&#8230;\u00a0Thibaut Pinot. L\u2019ancien coureur de la\u00a0Groupama-FDJ a s\u00e8chement&hellip;\n","protected":false},"author":2,"featured_media":582032,"comment_status":"","ping_status":"","sticky":false,"template":"","format":"standard","meta":{"footnotes":""},"categories":[1411],"tags":[1154,207,211,1011,27,316,209,60,210,212,208,213],"class_list":{"0":"post-582031","1":"post","2":"type-post","3":"status-publish","4":"format-standard","5":"has-post-thumbnail","7":"category-cyclisme","8":"tag-cycling","9":"tag-cyclisme","10":"tag-ffc","11":"tag-fr","12":"tag-france","13":"tag-politique","14":"tag-route","15":"tag-sports","16":"tag-tour-de-france","17":"tag-uci","18":"tag-velo","19":"tag-world-tour"},"share_on_mastodon":{"url":"https:\/\/pubeurope.com\/@fr\/115672469061022094","error":""},"_links":{"self":[{"href":"https:\/\/www.europesays.com\/fr\/wp-json\/wp\/v2\/posts\/582031","targetHints":{"allow":["GET"]}}],"collection":[{"href":"https:\/\/www.europesays.com\/fr\/wp-json\/wp\/v2\/posts"}],"about":[{"href":"https:\/\/www.europesays.com\/fr\/wp-json\/wp\/v2\/types\/post"}],"author":[{"embeddable":true,"href":"https:\/\/www.europesays.com\/fr\/wp-json\/wp\/v2\/users\/2"}],"replies":[{"embeddable":true,"href":"https:\/\/www.europesays.com\/fr\/wp-json\/wp\/v2\/comments?post=582031"}],"version-history":[{"count":0,"href":"https:\/\/www.europesays.com\/fr\/wp-json\/wp\/v2\/posts\/582031\/revisions"}],"wp:featuredmedia":[{"embeddable":true,"href":"https:\/\/www.europesays.com\/fr\/wp-json\/wp\/v2\/media\/582032"}],"wp:attachment":[{"href":"https:\/\/www.europesays.com\/fr\/wp-json\/wp\/v2\/media?parent=582031"}],"wp:term":[{"taxonomy":"category","embeddable":true,"href":"https:\/\/www.europesays.com\/fr\/wp-json\/wp\/v2\/categories?post=582031"},{"taxonomy":"post_tag","embeddable":true,"href":"https:\/\/www.europesays.com\/fr\/wp-json\/wp\/v2\/tags?post=582031"}],"curies":[{"name":"wp","href":"https:\/\/api.w.org\/{rel}","templated":true}]}}