{"id":582033,"date":"2025-12-06T11:49:12","date_gmt":"2025-12-06T11:49:12","guid":{"rendered":"https:\/\/www.europesays.com\/fr\/582033\/"},"modified":"2025-12-06T11:49:12","modified_gmt":"2025-12-06T11:49:12","slug":"club-kvara-enfin-sur-le-chemin-de-la-forme","status":"publish","type":"post","link":"https:\/\/www.europesays.com\/fr\/582033\/","title":{"rendered":"Club : Kvara enfin sur le chemin de la forme ?"},"content":{"rendered":"<p>Auteur d&rsquo;un d\u00e9but de saison au mieux moyen, Khicha Kvaratskhelia serait toutefois sur le chemin d&rsquo;une forme physique un peu meilleure, ce qui doit lui permettre d&rsquo;enfin devenir performant.<\/p>\n<p>La finale de la Ligue des Champions contre l&rsquo;Inter Milan (5-0) \u00e9tait il y a maintenant plus de six\u00a0mois mais le Kvara flamboyant de Munich, auteur du quatri\u00e8me but, ne semble pas encore \u00eatre de retour au PSG. Apr\u00e8s avoir travers\u00e9 comme une ombre la Coupe du monde des clubs, le G\u00e9orgien a sign\u00e9 un d\u00e9but de saison moyen, en Champions League, et m\u00eame carr\u00e9ment m\u00e9diocre en Ligue 1 avec un seul but marqu\u00e9 en douze matches et bon nombre de prestations d\u00e9cevantes.<\/p>\n<p>Luis Enrique continue de le faire jouer, notamment car les absents sont nombreux dans la ligne offensive, et Kvara semble aller mieux depuis quelques semaines, avec une impression visuelle un peu plus positive en termes d&rsquo;explosivit\u00e9 et de jus. Son entourage a confirm\u00e9 \u00e0 L&rsquo;Equipe que la saison pass\u00e9e tr\u00e8s longue a pes\u00e9 sur le G\u00e9orgien au d\u00e9but de l&rsquo;actuelle :\u00a0\u00ab La dimension athl\u00e9tique est importante. Il a des premiers appuis tr\u00e8s rapides, il est puissant et sur la dur\u00e9e, \u00e7a peut s&rsquo;alt\u00e9rer. Quand on ne remplit pas assez le r\u00e9servoir en d\u00e9but de saison, il peut y avoir des sautes de performance. \u00bb<\/p>\n<p>Des donn\u00e9es physiques meilleures<\/p>\n<p>Au sein du PSG, on a \u00e9videmment not\u00e9 que l&rsquo;ailier gauche, qui a beaucoup d\u00fb jouer \u00e0 droite o\u00f9 il est naturellement moins performant, est un cran en-de\u00e7\u00e0 de ce qu&rsquo;il a pu faire la saison pass\u00e9e. Pas de quoi inqui\u00e9ter particuli\u00e8rement Luis Enrique pour autant, l&rsquo;entra\u00eeneur r\u00e9p\u00e9tant \u00e0 propos de tous ses joueurs qu&rsquo;ils peuvent avoir \u00ab des hauts et des bas \u00bb au cours d&rsquo;une saison. Le bas a longtemps dur\u00e9, mais le haut n&rsquo;est pas forc\u00e9ment tr\u00e8s loin.<\/p>\n<p>Kvara a \u00e9t\u00e9 bless\u00e9 comme les autres en ce d\u00e9but de saison, vers la fin septembre, mais L&rsquo;Equipe annonce de bonnes nouvelles concernant sa forme physique puisque, selon le journal sportif, \u00ab \u00e0 en croire les donn\u00e9es GPS dont dispose le staff, le G\u00e9orgien serait malgr\u00e9 tout sur une courbe ascendante apr\u00e8s un d\u00e9but de saison en dedans. \u00bb\u00a0Face \u00e0 une \u00e9quipe de Rennes en pleine forme, il serait de bon ton de r\u00e9ussir enfin un gros match de Ligue 1.<\/p>\n<blockquote class=\"twitter-tweet\">\n<p dir=\"ltr\" lang=\"fr\">Les compositions de <a href=\"https:\/\/twitter.com\/hashtag\/PSG?src=hash&amp;ref_src=twsrc%5Etfw\" target=\"_blank\" rel=\"noopener\">#PSG<\/a>\/Rennes selon la presse <a href=\"https:\/\/t.co\/rrnr3IKXP2\">https:\/\/t.co\/rrnr3IKXP2<\/a><\/p>\n<p>\u2014 CulturePSG (@CulturePSG) <a href=\"https:\/\/twitter.com\/CulturePSG\/status\/1997200607900516588?ref_src=twsrc%5Etfw\" target=\"_blank\" rel=\"noopener\">December 6, 2025<\/a><\/p><\/blockquote>\n<p><script async src=\"https:\/\/platform.twitter.com\/widgets.js\" charset=\"utf-8\"><\/script><\/p>\n","protected":false},"excerpt":{"rendered":"Auteur d&rsquo;un d\u00e9but de saison au mieux moyen, Khicha Kvaratskhelia serait toutefois sur le chemin d&rsquo;une forme physique&hellip;\n","protected":false},"author":2,"featured_media":582034,"comment_status":"","ping_status":"","sticky":false,"template":"","format":"standard","meta":{"footnotes":""},"categories":[1410],"tags":[63,1011,27,60],"class_list":{"0":"post-582033","1":"post","2":"type-post","3":"status-publish","4":"format-standard","5":"has-post-thumbnail","7":"category-football","8":"tag-football","9":"tag-fr","10":"tag-france","11":"tag-sports"},"share_on_mastodon":{"url":"https:\/\/pubeurope.com\/@fr\/115672472988259339","error":""},"_links":{"self":[{"href":"https:\/\/www.europesays.com\/fr\/wp-json\/wp\/v2\/posts\/582033","targetHints":{"allow":["GET"]}}],"collection":[{"href":"https:\/\/www.europesays.com\/fr\/wp-json\/wp\/v2\/posts"}],"about":[{"href":"https:\/\/www.europesays.com\/fr\/wp-json\/wp\/v2\/types\/post"}],"author":[{"embeddable":true,"href":"https:\/\/www.europesays.com\/fr\/wp-json\/wp\/v2\/users\/2"}],"replies":[{"embeddable":true,"href":"https:\/\/www.europesays.com\/fr\/wp-json\/wp\/v2\/comments?post=582033"}],"version-history":[{"count":0,"href":"https:\/\/www.europesays.com\/fr\/wp-json\/wp\/v2\/posts\/582033\/revisions"}],"wp:featuredmedia":[{"embeddable":true,"href":"https:\/\/www.europesays.com\/fr\/wp-json\/wp\/v2\/media\/582034"}],"wp:attachment":[{"href":"https:\/\/www.europesays.com\/fr\/wp-json\/wp\/v2\/media?parent=582033"}],"wp:term":[{"taxonomy":"category","embeddable":true,"href":"https:\/\/www.europesays.com\/fr\/wp-json\/wp\/v2\/categories?post=582033"},{"taxonomy":"post_tag","embeddable":true,"href":"https:\/\/www.europesays.com\/fr\/wp-json\/wp\/v2\/tags?post=582033"}],"curies":[{"name":"wp","href":"https:\/\/api.w.org\/{rel}","templated":true}]}}