{"id":582035,"date":"2025-12-06T11:50:16","date_gmt":"2025-12-06T11:50:16","guid":{"rendered":"https:\/\/www.europesays.com\/fr\/582035\/"},"modified":"2025-12-06T11:50:16","modified_gmt":"2025-12-06T11:50:16","slug":"guy-bevert-chanteur-et-batteur-de-la-compagnie-creole-est-decede-a-76-ans-actualites","status":"publish","type":"post","link":"https:\/\/www.europesays.com\/fr\/582035\/","title":{"rendered":"Guy B\u00e9vert, chanteur et batteur de la Compagnie Cr\u00e9ole, est d\u00e9c\u00e9d\u00e9 \u00e0 76 ans : Actualit\u00e9s"},"content":{"rendered":"<p class=\"lead \"><strong>Le Guyanais de 76 ans, batteur l\u00e9gendaire du groupe La Compagnie Cr\u00e9ole, est mort dans la nuit du mercredi 3 au jeudi 4 d\u00e9cembre, selon la page Facebook du groupe. L\u2019annonce a \u00e9t\u00e9 faite officiellement samedi 6 d\u00e9cembre.<\/strong><\/p>\n<p class=\"lead \">Guy B\u00e9vert, batteur, percussionniste et chanteur de La Compagnie Cr\u00e9ole, connu notamment pour les titres \u00ab\u00a0Le Bal masqu\u00e9\u00a0\u00bb, \u00ab\u00a0C\u2019est bon pour le moral\u00a0\u00bb et \u00ab\u00a0\u00c7a fait rire les oiseaux\u00a0\u00bb, est d\u00e9c\u00e9d\u00e9 jeudi 4 d\u00e9cembre, annonce le groupe dans un message <a href=\"https:\/\/www.facebook.com\/compagniecreole\" target=\"_blank\" rel=\"noopener\">publi\u00e9 sur Facebook<\/a>. L\u2019artiste guyanais avait 76 ans. En 2023, un autre membre du groupe, Jos\u00e9 S\u00e9b\u00e9lou\u00e9, avait disparu avant lui. Compos\u00e9 de Cl\u00e9mence Bringtown, Julien Tarquin et Arthur Apatout, le groupe est devenu c\u00e9l\u00e8bre dans les ann\u00e9es 1980.<\/p>\n<p class=\"lead \">Dans le message annon\u00e7ant la disparition de Guy B\u00e9vert, La Compagnie Cr\u00e9ole souligne \u00ab\u00a0sa dext\u00e9rit\u00e9 \u00e0 la batterie\u00a0\u00bb, qui a d\u2019abord prim\u00e9 avant de propulser Guy B\u00e9vert \u00ab\u00a0sur le devant de la sc\u00e8ne aux c\u00f4t\u00e9s de Cl\u00e9mence, Jos\u00e9 et Julien pour faire r\u00e9sonner au micro les basses puissantes de sa voix de crooner\u00a0\u00bb. En 2021, le percussionniste et chanteur avait \u00e9t\u00e9 contraint de se mettre en retrait de la sc\u00e8ne \u00ab\u00a0\u00e0 la suite d\u2019un terrible AVC\u00a0\u00bb, pr\u00e9cise \u00e9galement le groupe.<\/p>\n<p>                                                                                                20 albums en 40 ans<\/p>\n<p class=\"lead \">La Compagnie Cr\u00e9ole est un groupe marquant des ann\u00e9es 1980. Fond\u00e9 en 1975, ses cinq membres vont produire une vingtaine d\u2019albums dont certains titres vont devenir cultes, tels que \u00ab\u00a0Le Bal Masqu\u00e9\u00a0\u00bb, \u00ab\u00a0C&rsquo;est bon pour le moral\u00a0\u00bb ou \u00ab\u00a0\u00c7a fait rire les oiseaux\u00a0\u00bb. Avec leur dernier album studio, \u00ab\u00a0Sur la Route du Rhum\u00a0\u00bb sorti en 2018, et en 2022, leur dernier chant de No\u00ebl intitul\u00e9 \u00ab\u00a0No\u00ebl de chez nous, No\u00ebl de partout\u00a0\u00bb, le groupe est \u00e0 l\u2019origine de 20 albums en 40 ans. Jusqu\u2019en 2024, le groupe continue de r\u00e9aliser des tourn\u00e9es malgr\u00e9 la disparition de Jos\u00e9 S\u00e9b\u00e9lou\u00e9.<\/p>\n<p class=\"small font-weight-bold text-gray3 \"> publi\u00e9 le 6 d\u00e9cembre \u00e0 12h01, Camille Buonanno, 6Medias<\/p>\n<p>                             Partager<\/p>\n","protected":false},"excerpt":{"rendered":"Le Guyanais de 76 ans, batteur l\u00e9gendaire du groupe La Compagnie Cr\u00e9ole, est mort dans la nuit du&hellip;\n","protected":false},"author":2,"featured_media":582036,"comment_status":"","ping_status":"","sticky":false,"template":"","format":"standard","meta":{"footnotes":""},"categories":[1359],"tags":[58,59,1011,27,973],"class_list":{"0":"post-582035","1":"post","2":"type-post","3":"status-publish","4":"format-standard","5":"has-post-thumbnail","7":"category-people","8":"tag-divertissement","9":"tag-entertainment","10":"tag-fr","11":"tag-france","12":"tag-people"},"share_on_mastodon":{"url":"https:\/\/pubeurope.com\/@fr\/115672476927908603","error":""},"_links":{"self":[{"href":"https:\/\/www.europesays.com\/fr\/wp-json\/wp\/v2\/posts\/582035","targetHints":{"allow":["GET"]}}],"collection":[{"href":"https:\/\/www.europesays.com\/fr\/wp-json\/wp\/v2\/posts"}],"about":[{"href":"https:\/\/www.europesays.com\/fr\/wp-json\/wp\/v2\/types\/post"}],"author":[{"embeddable":true,"href":"https:\/\/www.europesays.com\/fr\/wp-json\/wp\/v2\/users\/2"}],"replies":[{"embeddable":true,"href":"https:\/\/www.europesays.com\/fr\/wp-json\/wp\/v2\/comments?post=582035"}],"version-history":[{"count":0,"href":"https:\/\/www.europesays.com\/fr\/wp-json\/wp\/v2\/posts\/582035\/revisions"}],"wp:featuredmedia":[{"embeddable":true,"href":"https:\/\/www.europesays.com\/fr\/wp-json\/wp\/v2\/media\/582036"}],"wp:attachment":[{"href":"https:\/\/www.europesays.com\/fr\/wp-json\/wp\/v2\/media?parent=582035"}],"wp:term":[{"taxonomy":"category","embeddable":true,"href":"https:\/\/www.europesays.com\/fr\/wp-json\/wp\/v2\/categories?post=582035"},{"taxonomy":"post_tag","embeddable":true,"href":"https:\/\/www.europesays.com\/fr\/wp-json\/wp\/v2\/tags?post=582035"}],"curies":[{"name":"wp","href":"https:\/\/api.w.org\/{rel}","templated":true}]}}