{"id":582039,"date":"2025-12-06T11:53:14","date_gmt":"2025-12-06T11:53:14","guid":{"rendered":"https:\/\/www.europesays.com\/fr\/582039\/"},"modified":"2025-12-06T11:53:14","modified_gmt":"2025-12-06T11:53:14","slug":"audiences-tv-astrid-et-raphaelle-ecrasent-la-star-ac","status":"publish","type":"post","link":"https:\/\/www.europesays.com\/fr\/582039\/","title":{"rendered":"Audiences TV\u00a0: \u00ab\u00a0Astrid et Rapha\u00eblle\u00a0\u00bb \u00e9crasent la \u00ab\u00a0Star Ac\u00a0\u00bb"},"content":{"rendered":"<p class=\"paragraph text_align_left lp-f-body-02\">Majestueuses \u00ab Astrid et Rapha\u00eblle \u00bb ! La s\u00e9rie fran\u00e7aise de France 2, port\u00e9e par Sara Mortensen et Lola Dewaere, s\u2019est plac\u00e9e tr\u00e8s largement en t\u00eate des audiences de la soir\u00e9e de ce vendredi 5 d\u00e9cembre avec l\u2019avant-dernier \u00e9pisode de sa sixi\u00e8me saison.<\/p>\n<p class=\"paragraph text_align_left lp-f-body-02\">4,06 millions de t\u00e9l\u00e9spectateurs en moyenne ont suivi l\u2019\u00e9pisode in\u00e9dit jusqu\u2019\u00e0 22h00, selon <a href=\"https:\/\/www.leparisien.fr\/culture-loisirs\/tv\/top-ou-flop-comment-les-resultats-daudience-sont-mesures-depuis-1985-chez-mediametrie-05-10-2025-GP34YIKBUVFBRLJ2KZBVPSZO6Q.php\" target=\"_blank\" rel=\"noreferrer noopener\">M\u00e9diam\u00e9trie<\/a>. La part de march\u00e9 sur l\u2019ensemble du public de 4 ans et plus, pr\u00e9sent \u00e0 ce moment-l\u00e0 devant la t\u00e9l\u00e9vision, est de 21,2 %. Et n\u2019est que de 8,7 % sur les femmes responsables des achats de moins de 50 ans (FRDA-50), preuve qu\u2019\u00ab Astrid et Rapha\u00eblle \u00bb, comme souvent les fictions du service public, a principalement attir\u00e9 un public \u00e2g\u00e9.<\/p>\n<p class=\"paragraph text_align_left lp-f-body-02\">\u00c0 noter que 2,61 millions d\u2019entre eux (15,7 % du public) sont rest\u00e9s jusqu\u2019\u00e0 22h45 pour regarder un second \u00e9pisode, en rediffusion. \u00c0 peine moins que la \u00ab Star Academy \u00bb, deuxi\u00e8me de la soir\u00e9e.<\/p>\n<p>TF1 enregistre une bonne soir\u00e9e pour les revenus publicitaires<\/p>\n<p class=\"paragraph text_align_left lp-f-body-02\">De retour le vendredi pour cause de <a href=\"https:\/\/www.leparisien.fr\/culture-loisirs\/miss-france\/miss-france-2026-tableau-futuriste-confidences-foucault-en-doudoune-a-amiens-dans-les-repetitions-du-show-06-12-2025-FGSDMP3TAZGODOHILPKJJZVKWY.php\" target=\"_self\" rel=\"noopener\">Concours Miss France<\/a> ce samedi 6 d\u00e9cembre au soir, la \u00ab Star Academy \u00bb n\u2019a pas perdu de public. Le huiti\u00e8me prime de la saison du t\u00e9l\u00e9-crochet de la Une, marqu\u00e9 par <a href=\"https:\/\/www.leparisien.fr\/culture-loisirs\/tv\/star-academy-lily-eliminee-ambre-et-sarah-assurees-daller-en-tournee-06-12-2025-AHYOWIFTLVDKLLXC7Q4STOUJ2I.php\" target=\"_blank\" rel=\"noreferrer noopener\">l\u2019\u00e9limination de Lily<\/a>, et par une sp\u00e9ciale com\u00e9die musicale, avec notamment la pr\u00e9sence de Florent Pagny, a rassembl\u00e9 2,97 millions de fans pendant sa premi\u00e8re partie, puis 2,57 millions lors de la seconde, qui s\u2019est termin\u00e9e \u00e0 23h45. Un score en l\u00e9g\u00e8re hausse <a href=\"https:\/\/www.leparisien.fr\/culture-loisirs\/tv\/audiences-tv-coup-dur-pour-star-academy-qui-perd-400-000-spectateurs-30-11-2025-34TNA7KTTFH7JKDZJGOEVVEME4.php\" target=\"_self\" rel=\"noopener\">par rapport \u00e0 la semaine derni\u00e8re<\/a>.<\/p>\n<p class=\"paragraph text_align_left lp-f-body-02\">La part de march\u00e9 sur l\u2019ensemble du public de 4 ans et plus est de 19,1 % sur l\u2019ensemble de la soir\u00e9e. Elle grimpe \u00e0 33,1 % sur les FRDA-50 pendant la premi\u00e8re partie. La soir\u00e9e a donc \u00e9t\u00e9 excellente pour la Une au niveau des rentr\u00e9es publicitaires.<\/p>\n<p>Brian De Palma bat le lancement du \u00ab T\u00e9l\u00e9thon \u00bb<\/p>\n<p class=\"paragraph text_align_left lp-f-body-02\">M 6 compl\u00e8te le podium avec une <a href=\"https:\/\/www.leparisien.fr\/culture-loisirs\/tv\/pekin-express-en-route-vers-les-glaces-notre-strategie-cetait-de-bien-proteger-les-extremites-du-corps-07-11-2025-WA6GYNNH6JGJJPFU4LZ6ZEAZ6U.php\" target=\"_self\" rel=\"noopener\">nouvelle \u00e9tape de \u00ab P\u00e9kin express \u00bb, dans le froid extr\u00eame du Kazakhstan<\/a>. Seulement 1,19 million de fans de l\u2019\u00e9mission d\u2019aventure en auto-stop de St\u00e9phane Rotenberg \u00e9taient au rendez-vous, soit 7,4 % du public global (et 10,7 % des FRDA-50).<\/p>\n<p class=\"paragraph text_align_left lp-f-body-02\">France 5 bat le lancement du \u00ab T\u00e9l\u00e9thon \u00bb sur France 3, avec le film \u00ab Blow out \u00bb, de Brian De Palma, avec John Travolta, Nancy Allen et John Lithgow (1,07 million de cin\u00e9philes pour 6 % du public). En plus de sa grande s\u0153ur, la cha\u00eene du service bat aussi les soir\u00e9es de TMC, W9, Arte et Gulli.<\/p>\n","protected":false},"excerpt":{"rendered":"Majestueuses \u00ab Astrid et Rapha\u00eblle \u00bb ! La s\u00e9rie fran\u00e7aise de France 2, port\u00e9e par Sara Mortensen et&hellip;\n","protected":false},"author":2,"featured_media":582040,"comment_status":"","ping_status":"","sticky":false,"template":"","format":"standard","meta":{"footnotes":""},"categories":[1356],"tags":[872,58,59,1011,27,252,2205,1364],"class_list":{"0":"post-582039","1":"post","2":"type-post","3":"status-publish","4":"format-standard","5":"has-post-thumbnail","7":"category-television","8":"tag-culture-et-loisirs","9":"tag-divertissement","10":"tag-entertainment","11":"tag-fr","12":"tag-france","13":"tag-television","14":"tag-television-medias","15":"tag-tv"},"share_on_mastodon":{"url":"https:\/\/pubeurope.com\/@fr\/115672488823323206","error":""},"_links":{"self":[{"href":"https:\/\/www.europesays.com\/fr\/wp-json\/wp\/v2\/posts\/582039","targetHints":{"allow":["GET"]}}],"collection":[{"href":"https:\/\/www.europesays.com\/fr\/wp-json\/wp\/v2\/posts"}],"about":[{"href":"https:\/\/www.europesays.com\/fr\/wp-json\/wp\/v2\/types\/post"}],"author":[{"embeddable":true,"href":"https:\/\/www.europesays.com\/fr\/wp-json\/wp\/v2\/users\/2"}],"replies":[{"embeddable":true,"href":"https:\/\/www.europesays.com\/fr\/wp-json\/wp\/v2\/comments?post=582039"}],"version-history":[{"count":0,"href":"https:\/\/www.europesays.com\/fr\/wp-json\/wp\/v2\/posts\/582039\/revisions"}],"wp:featuredmedia":[{"embeddable":true,"href":"https:\/\/www.europesays.com\/fr\/wp-json\/wp\/v2\/media\/582040"}],"wp:attachment":[{"href":"https:\/\/www.europesays.com\/fr\/wp-json\/wp\/v2\/media?parent=582039"}],"wp:term":[{"taxonomy":"category","embeddable":true,"href":"https:\/\/www.europesays.com\/fr\/wp-json\/wp\/v2\/categories?post=582039"},{"taxonomy":"post_tag","embeddable":true,"href":"https:\/\/www.europesays.com\/fr\/wp-json\/wp\/v2\/tags?post=582039"}],"curies":[{"name":"wp","href":"https:\/\/api.w.org\/{rel}","templated":true}]}}