{"id":582049,"date":"2025-12-06T11:58:17","date_gmt":"2025-12-06T11:58:17","guid":{"rendered":"https:\/\/www.europesays.com\/fr\/582049\/"},"modified":"2025-12-06T11:58:17","modified_gmt":"2025-12-06T11:58:17","slug":"pour-lancer-le-telethon-santa-fait-un-don-jamais-vu-pour-une-marraine","status":"publish","type":"post","link":"https:\/\/www.europesays.com\/fr\/582049\/","title":{"rendered":"Pour lancer le T\u00e9l\u00e9thon, Santa fait un don jamais vu pour une marraine"},"content":{"rendered":"<p>        <img decoding=\"async\" loading=\"lazy\" src=\"https:\/\/www.europesays.com\/fr\/wp-content\/uploads\/2025\/12\/736ad08_upload-1-ibtombhce55t-capture-d-ecran-2025-12-06-110137.png\"  width=\"728\" height=\"409\" alt=\"La chanteuse Santa, marraine du T\u00e9l\u00e9thon, fait un don jamais vu, le 5\u00a0d\u00e9cembre 2025. \"\/>  <\/p>\n<p>Capture d\u2019\u00e9cran &#8211; France TV<\/p>\n<p>La chanteuse Santa, marraine du T\u00e9l\u00e9thon, fait un don jamais vu, le 5\u00a0d\u00e9cembre 2025. <\/p>\n<p class=\"asset asset-text\">Un \u00e9lan de g\u00e9n\u00e9rosit\u00e9 jamais vu. La <a href=\"https:\/\/www.huffingtonpost.fr\/divertissement\/video\/aux-victoires-de-la-musique-santa-et-ses-musiciens-s-envolent-sur-scene_246236.html\" target=\"_blank\" rel=\"noopener\">chanteuse Santa<\/a> a cr\u00e9\u00e9 la surprise lors du lancement du marathon caritatif du<a href=\"https:\/\/www.huffingtonpost.fr\/divertissement\/article\/telethon-2024-mika-nomme-parrain-de-la-38e-edition-il-succede-a-vianney_239800.html\" target=\"_blank\" rel=\"noopener\">\u00a0T\u00e9l\u00e9thon<\/a>, ce vendredi 5\u00a0novembre. La chanteuse est la marraine de la 39e \u00e9dition et qui doit permettre une fois de plus de r\u00e9colter des dons pour financer des projets de recherche sur les maladies g\u00e9n\u00e9tiques. Elle a elle-m\u00eame sign\u00e9 <a href=\"https:\/\/www.huffingtonpost.fr\/international\/video\/jeff-bezos-fait-un-gros-cheque-pour-tenter-de-calmer-les-esprits-a-venise-avant-son-mariage_251719.html\" target=\"_blank\" rel=\"noopener\">un ch\u00e8que <\/a>tr\u00e8s cons\u00e9quent pour encourager les Fran\u00e7ais \u00e0 donner.<\/p>\n<p class=\"asset asset-text\">\u00ab\u00a0C\u2019est quelque chose qui ne s\u2019est jamais produit dans toute l\u2019histoire du T\u00e9l\u00e9thon\u00a0\u00bb, s\u2019est exclam\u00e9\u00a0Cyril F\u00e9raud, scotch\u00e9 au moment d\u2019annoncer la nouvelle en direct \u00e0 la t\u00e9l\u00e9vision. \u00ab\u00a0Notre marraine est une petite cachotti\u00e8re. Santa a un c\u0153ur absolument \u00e9norme\u00a0\u00bb, a-t-il poursuivi. La chanteuse a en effet fait un don de 99\u00a0999\u00a0euros, le neuf \u00e9tant son chiffre porte-bonheur.<\/p>\n<p class=\"asset asset-text\">Santa a expliqu\u00e9 sa d\u00e9marche avec \u00e9motion\u00a0: \u00ab\u00a0J\u2019ai tellement envie que \u00e7a grimpe, je suis tellement frustr\u00e9e qu\u2019il manque quelques chiffres\u2026 Alors, humblement, j\u2019ai pris le b\u00e9n\u00e9fice de ma tourn\u00e9e et je mets ma pierre \u00e0 l\u2019\u00e9difice, parce que je crois \u00e0 la recherche et \u00e0 l\u2019envie que vous portez tous dans vos c\u0153urs\u00a0\u00bb, a-t-elle d\u00e9clar\u00e9 en s\u2019adressant <a href=\"https:\/\/www.huffingtonpost.fr\/science\/article\/le-prix-nobel-de-medecine-2025-consacre-ces-avancees-majeures-pour-traiter-les-maladies-auto-immunes_255662.html\" target=\"_blank\" rel=\"noopener\">aux chercheurs<\/a> pr\u00e9sents sur le plateau. Elle leur a ensuite serr\u00e9 la main, et appel\u00e9 aux dons tous les t\u00e9l\u00e9spectateurs.<\/p>\n<p> La lecture de ce contenu est susceptible d\u2019entra\u00eener un d\u00e9p\u00f4t de cookies de la part de l\u2019op\u00e9rateur tiers qui l\u2019h\u00e9berge. Compte-tenu des choix que vous avez exprim\u00e9s en mati\u00e8re de d\u00e9p\u00f4t de cookies, nous avons bloqu\u00e9 l\u2019affichage de ce contenu. Si vous souhaitez y acc\u00e9der, vous devez accepter la cat\u00e9gorie de cookies \u201cContenus tiers\u201d en cliquant sur le bouton ci-dessous. <\/p>\n<p> Lire la Vid\u00e9o        <\/p>\n<p class=\"asset asset-text\">L\u2019an dernier le T\u00e9l\u00e9thon avait permis de r\u00e9colter pr\u00e8s de 97\u00a0millions d\u2019euros au profit de la recherche sur les maladies g\u00e9n\u00e9tiques rares. D\u2019apr\u00e8s le site officiel du T\u00e9l\u00e9thon, environ 40\u00a0millions d\u2019euros ont \u00e9t\u00e9 consacr\u00e9s directement \u00e0 l\u2019aide aux malades, le reste \u00e9tant destin\u00e9 \u00e0 financer la mission \u00ab\u00a0gu\u00e9rir\u00a0\u00bb.<\/p>\n<p class=\"asset asset-text\">Pour 2025, l\u2019Association fran\u00e7aise contre les myopathies (AFM) esp\u00e8re se rapprocher du record historique de 2006, lorsque plus de 106\u00a0millions d\u2019euros avaient \u00e9t\u00e9 collect\u00e9s. Les Fran\u00e7ais peuvent contribuer en appelant le 36\u202f37, en donnant directement sur le site t\u00e9l\u00e9thon.fr, ou en participant aux nombreuses initiatives locales et \u00e9v\u00e9nements solidaires organis\u00e9s partout en France. Un marathon gaming diffus\u00e9 en direct sur Twitch permet \u00e9galement soutenir la collecte.<\/p>\n<p class=\"asset asset-text\">Depuis sa cr\u00e9ation en 1987, le T\u00e9l\u00e9thon est devenu un rendez-vous annuel embl\u00e9matique de la solidarit\u00e9 en France. Plus qu\u2019une simple collecte de fonds, il a permis de transformer la recherche m\u00e9dicale sur les maladies rares, d\u2019am\u00e9liorer les traitements et de soutenir des milliers de familles.<\/p>\n","protected":false},"excerpt":{"rendered":"Capture d\u2019\u00e9cran &#8211; France TV La chanteuse Santa, marraine du T\u00e9l\u00e9thon, fait un don jamais vu, le 5\u00a0d\u00e9cembre&hellip;\n","protected":false},"author":2,"featured_media":582050,"comment_status":"","ping_status":"","sticky":false,"template":"","format":"standard","meta":{"footnotes":""},"categories":[8],"tags":[251,58,13554,59,1011,27,19605,44726,71,12846],"class_list":{"0":"post-582049","1":"post","2":"type-post","3":"status-publish","4":"format-standard","5":"has-post-thumbnail","7":"category-divertissement","8":"tag-culture","9":"tag-divertissement","10":"tag-don","11":"tag-entertainment","12":"tag-fr","13":"tag-france","14":"tag-generosite","15":"tag-santa","16":"tag-sante","17":"tag-telethon"},"share_on_mastodon":{"url":"https:\/\/pubeurope.com\/@fr\/115672510546539339","error":""},"_links":{"self":[{"href":"https:\/\/www.europesays.com\/fr\/wp-json\/wp\/v2\/posts\/582049","targetHints":{"allow":["GET"]}}],"collection":[{"href":"https:\/\/www.europesays.com\/fr\/wp-json\/wp\/v2\/posts"}],"about":[{"href":"https:\/\/www.europesays.com\/fr\/wp-json\/wp\/v2\/types\/post"}],"author":[{"embeddable":true,"href":"https:\/\/www.europesays.com\/fr\/wp-json\/wp\/v2\/users\/2"}],"replies":[{"embeddable":true,"href":"https:\/\/www.europesays.com\/fr\/wp-json\/wp\/v2\/comments?post=582049"}],"version-history":[{"count":0,"href":"https:\/\/www.europesays.com\/fr\/wp-json\/wp\/v2\/posts\/582049\/revisions"}],"wp:featuredmedia":[{"embeddable":true,"href":"https:\/\/www.europesays.com\/fr\/wp-json\/wp\/v2\/media\/582050"}],"wp:attachment":[{"href":"https:\/\/www.europesays.com\/fr\/wp-json\/wp\/v2\/media?parent=582049"}],"wp:term":[{"taxonomy":"category","embeddable":true,"href":"https:\/\/www.europesays.com\/fr\/wp-json\/wp\/v2\/categories?post=582049"},{"taxonomy":"post_tag","embeddable":true,"href":"https:\/\/www.europesays.com\/fr\/wp-json\/wp\/v2\/tags?post=582049"}],"curies":[{"name":"wp","href":"https:\/\/api.w.org\/{rel}","templated":true}]}}