{"id":582057,"date":"2025-12-06T12:03:12","date_gmt":"2025-12-06T12:03:12","guid":{"rendered":"https:\/\/www.europesays.com\/fr\/582057\/"},"modified":"2025-12-06T12:03:12","modified_gmt":"2025-12-06T12:03:12","slug":"pourquoi-la-legion-dhonneur-a-ete-retiree-a-lancien-pdg-de-france-telecom-didier-lombard","status":"publish","type":"post","link":"https:\/\/www.europesays.com\/fr\/582057\/","title":{"rendered":"Pourquoi la L\u00e9gion d\u2019honneur a \u00e9t\u00e9 retir\u00e9e \u00e0 l\u2019ancien PDG de France T\u00e9l\u00e9com Didier Lombard"},"content":{"rendered":"<p>\n                                                                    l&rsquo;essentiel<br \/>\n                                                                Le Journal Officiel indique que la L\u00e9gion d\u2019honneur est retir\u00e9e \u00e0 Didier Lombard, ancien PDG de France T\u00e9l\u00e9com, devenue Orange aujourd\u2019hui. Deux autres dirigeants de l\u2019entreprise de t\u00e9l\u00e9communications sont dans le m\u00eame cas.\n                            <\/p>\n<p>La L\u00e9gion d\u2019honneur, \u00e7a s\u2019\u00e9pingle mais \u00e7a peut aussi se retirer. Un d\u00e9cret <a href=\"https:\/\/www.legifrance.gouv.fr\/jorf\/jo\/2025\/12\/06\/0286\" target=\"_blank\" rel=\"noopener\">publi\u00e9 au Journal officiel<\/a>, ce samedi 6\u00a0d\u00e9cembre, indique que l\u2019ancien PDG de France T\u00e9l\u00e9com (ex-Orange) Didier Lombard se voit retirer sa L\u00e9gion d\u2019honneur. Selon un autre d\u00e9cret, il est aussi exclu de l\u2019ordre national du M\u00e9rite.<\/p>\n<p>La d\u00e9cision a \u00e9t\u00e9 prise par Emmanuel Macron.\u00a0\u00ab\u00a0Par d\u00e9cret du Pr\u00e9sident de la R\u00e9publique en date du 2\u00a0d\u00e9cembre 2025\u00a0\u00bb, Didier Lombard \u00ab\u00a0est exclu de l\u2019ordre de la L\u00e9gion d\u2019honneur et priv\u00e9 d\u00e9finitivement du droit de porter les insignes de toute d\u00e9coration fran\u00e7aise ou \u00e9trang\u00e8re ressortissant \u00e0 la grande chancellerie de la L\u00e9gion d\u2019honneur\u00a0\u00bb, indique l\u2019institution.<\/p>\n<p>Didier Lombard, 83 ans avait \u00e9t\u00e9 condamn\u00e9 dans l\u2019affaire des suicides dans l\u2019entreprise pour harc\u00e8lement moral institutionnel le 30\u00a0septembre 2022 par la cour d\u2019appel de Paris \u00e0 1 an de prison avec sursis et 15\u00a0000\u00a0euros d\u2019amende, des peines all\u00e9g\u00e9es par rapport \u00e0 celles prononc\u00e9es en premi\u00e8re instance en 2019. Son pourvoi en cassation a \u00e9t\u00e9 rejet\u00e9.<\/p>\n<p class=\"std-elt__inline\">\n        <strong>\u00c0 lire aussi :<\/strong><br \/>\n        <a href=\"https:\/\/www.ladepeche.fr\/2022\/09\/30\/harcelement-moral-a-france-telecom-peine-allegee-en-appel-pour-lex-pdg-didier-lombard-10704100.php\" target=\"_blank\" rel=\"noopener\">Harc\u00e8lement moral \u00e0 France T\u00e9l\u00e9com : peine all\u00e9g\u00e9e en appel pour l&rsquo;ex-PDG Didier Lombard<\/a>\n    <\/p>\n<p>Or la grande chancellerie indique sur son site que\u00a0\u00ab\u00a0toute condamnation p\u00e9nale ou tout acte contraire \u00e0 l\u2019honneur commis par un d\u00e9cor\u00e9 peut justifier une proc\u00e9dure disciplinaire\u00a0\u00bb.\u00a0L\u2019article R92 du code de la L\u00e9gion d\u2019honneur pr\u00e9cise que \u00ab\u00a0peut \u00eatre exclue de l\u2019Ordre toute personne qui a fait l\u2019objet d\u2019une condamnation \u00e0 une peine correctionnelle\u00a0\u00bb.<\/p>\n<p>Deux autres anciens dirigeants de France T\u00e9l\u00e9com, l\u2019ex n\u00b02\u00a0Louis-Pierre Wen\u00e8s et l\u2019ex-DRH Olivier Barberot, se voient aussi retirer la L\u00e9gion d\u2019honneur qui leur avait \u00e9t\u00e9 accord\u00e9e. \u00c0 l\u2019origine de la proc\u00e9dure se trouve la CFE-CGC d\u2019Orange qui avait \u00e9crit le 13\u00a0f\u00e9vrier\u00a0au Grand chancelier de la L\u00e9gion d\u2019honneur pour lui demander le retrait des d\u00e9corations. Le syndicat estimait que leur maintien \u00e9tait \u00ab\u00a0une insulte aux victimes et un d\u00e9shonneur pour notre R\u00e9publique\u00a0\u00bb.<\/p>\n","protected":false},"excerpt":{"rendered":"l&rsquo;essentiel Le Journal Officiel indique que la L\u00e9gion d\u2019honneur est retir\u00e9e \u00e0 Didier Lombard, ancien PDG de France&hellip;\n","protected":false},"author":2,"featured_media":582058,"comment_status":"","ping_status":"","sticky":false,"template":"","format":"standard","meta":{"footnotes":""},"categories":[4],"tags":[11,1011,27,329,12,25,1857],"class_list":{"0":"post-582057","1":"post","2":"type-post","3":"status-publish","4":"format-standard","5":"has-post-thumbnail","7":"category-france","8":"tag-actualites","9":"tag-fr","10":"tag-france","11":"tag-france-monde","12":"tag-news","13":"tag-republique-francaise","14":"tag-sociu00e9tu00e9"},"share_on_mastodon":{"url":"https:\/\/pubeurope.com\/@fr\/115672528014031526","error":""},"_links":{"self":[{"href":"https:\/\/www.europesays.com\/fr\/wp-json\/wp\/v2\/posts\/582057","targetHints":{"allow":["GET"]}}],"collection":[{"href":"https:\/\/www.europesays.com\/fr\/wp-json\/wp\/v2\/posts"}],"about":[{"href":"https:\/\/www.europesays.com\/fr\/wp-json\/wp\/v2\/types\/post"}],"author":[{"embeddable":true,"href":"https:\/\/www.europesays.com\/fr\/wp-json\/wp\/v2\/users\/2"}],"replies":[{"embeddable":true,"href":"https:\/\/www.europesays.com\/fr\/wp-json\/wp\/v2\/comments?post=582057"}],"version-history":[{"count":0,"href":"https:\/\/www.europesays.com\/fr\/wp-json\/wp\/v2\/posts\/582057\/revisions"}],"wp:featuredmedia":[{"embeddable":true,"href":"https:\/\/www.europesays.com\/fr\/wp-json\/wp\/v2\/media\/582058"}],"wp:attachment":[{"href":"https:\/\/www.europesays.com\/fr\/wp-json\/wp\/v2\/media?parent=582057"}],"wp:term":[{"taxonomy":"category","embeddable":true,"href":"https:\/\/www.europesays.com\/fr\/wp-json\/wp\/v2\/categories?post=582057"},{"taxonomy":"post_tag","embeddable":true,"href":"https:\/\/www.europesays.com\/fr\/wp-json\/wp\/v2\/tags?post=582057"}],"curies":[{"name":"wp","href":"https:\/\/api.w.org\/{rel}","templated":true}]}}