{"id":582059,"date":"2025-12-06T12:04:18","date_gmt":"2025-12-06T12:04:18","guid":{"rendered":"https:\/\/www.europesays.com\/fr\/582059\/"},"modified":"2025-12-06T12:04:18","modified_gmt":"2025-12-06T12:04:18","slug":"on-a-vu-la-cage-aux-folles-avec-laurent-lafitte-et-on-va-avoir-du-mal-a-sen-remettre","status":"publish","type":"post","link":"https:\/\/www.europesays.com\/fr\/582059\/","title":{"rendered":"On a vu \u00ab\u00a0La cage aux folles\u00a0\u00bb avec Laurent Lafitte, et on va avoir du mal \u00e0 s\u2019en remettre"},"content":{"rendered":"<p>        <img decoding=\"async\" loading=\"lazy\" src=\"https:\/\/www.europesays.com\/fr\/wp-content\/uploads\/2025\/12\/4d09254_upload-1-4dqxi0sk0cah-zaza-laurent-lafitte-la-cage-aux-folles-theatre-du-chatelet-thomas-amo.jpeg\"  width=\"728\" height=\"409\" alt=\"Laurent Lafitte, ici dans \u00ab\u00a0La Cage aux folles\u00a0\u00bb d\u2019Olivier Py au Th\u00e9\u00e2tre du Ch\u00e2telet, \u00e0 Paris.\"\/>  <\/p>\n<p>Thomas Amouroux<\/p>\n<p>Laurent Lafitte, ici dans \u00ab\u00a0La Cage aux folles\u00a0\u00bb d\u2019Olivier Py au Th\u00e9\u00e2tre du Ch\u00e2telet, \u00e0 Paris.<\/p>\n<p>      <strong>EN BREF<\/strong> <strong>\u2022 <\/strong>\u00ab\u00a0La Cage aux folles\u00a0\u00bb au Th\u00e9\u00e2tre du Ch\u00e2telet, avec Laurent Lafitte, offre une adaptation engag\u00e9e de la com\u00e9die culte.<br \/><strong>\u2022 <\/strong>L\u2019histoire suit un couple homosexuel \u00e0 Saint-Tropez, confront\u00e9 \u00e0 un personnage homophobe.<br \/><strong>\u2022 <\/strong>La pi\u00e8ce allie humour et \u00e9motion, critiquant l\u2019h\u00e9t\u00e9ronormativit\u00e9 et c\u00e9l\u00e9brant la diversit\u00e9.                         <\/p>\n<p class=\"asset asset-text\">\u00ab\u00a0Abracadabra. Le satin, le taffetas, et le mascara.\u00a0\u00bb Ce vendredi 5\u00a0d\u00e9cembre, ce n\u2019est pas Chez Michou, Madame Arthur, ni m\u00eame dans un autre grand cabaret que nous nous sommes rendus, mais au Th\u00e9\u00e2tre du Ch\u00e2telet \u00e0 Paris, o\u00f9 avait lieu la premi\u00e8re repr\u00e9sentation de la pi\u00e8ce \u00e9v\u00e9nement de cet hiver\u00a0: <a href=\"https:\/\/www.huffingtonpost.fr\/culture\/article\/laurent-lafitte-et-olivier-py-vont-adapter-cette-comedie-musicale-culte-apres-le-moliere-imaginaire_243033.html\" target=\"_blank\" rel=\"noopener\">La Cage aux folles<\/a> d\u2019<a href=\"https:\/\/www.huffingtonpost.fr\/culture\/article\/olivier-py-a-la-tete-du-theatre-du-chatelet-pourquoi-ce-choix-divise_213572.html\" target=\"_blank\" rel=\"noopener\">Olivier Py<\/a>.<\/p>\n<p class=\"asset asset-text\">Cinquante ans apr\u00e8s la com\u00e9die populaire qui a valu \u00e0 Michel Serrault son premier C\u00e9sar, ce dernier s\u2019est vu subtiliser la place, ses plumes et ses perruques par <a href=\"https:\/\/www.huffingtonpost.fr\/culture\/article\/dans-la-femme-la-plus-riche-du-monde-laurent-lafitte-eclipse-meme-liliane-bettencourt_255836.html\" target=\"_blank\" rel=\"noopener\">Laurent Lafitte<\/a>. L\u2019intrigue, elle, est rest\u00e9e sensiblement la m\u00eame. Point de d\u00e9part\u00a0? Saint-Tropez, o\u00f9 Albin et Georges, un couple d\u2019homosexuels, tiennent un \u00e9tincelant club de travestis.<\/p>\n<p class=\"asset asset-text\">Le premier en est la vedette, sous son nom de sc\u00e8ne Zaza Napoli. Le second, son propri\u00e9taire. Chaque soir, la f\u00eate bat son plein, jusqu\u2019au jour o\u00f9 Jean-Michel, le fils de Georges, leur apprend une \u00ab\u00a0terrible\u00a0\u00bb nouvelle\u00a0: il va se marier. Pire, l\u2019\u00e9lue de son c\u0153ur est la fille d\u2019\u00c9douard Dindon, d\u00e9put\u00e9 du Front autoritaire des familles fran\u00e7aises (oui, le FAFF).<\/p>\n<p class=\"asset asset-text\">Comment faire accepter au politicien homophobe d\u2019extr\u00eame droite l\u2019union des deux familles\u00a0? Le petit \u00ab\u00a0Jean-Mi\u00a0\u00bb tient une id\u00e9e. Le temps d\u2019un d\u00eener, il veut dissimuler l\u2019homosexualit\u00e9 de son p\u00e8re, et virer de chez eux Alban, qui pourtant l\u2019a \u00e9lev\u00e9 comme une m\u00e8re. Mais l\u2019arrogance du jeune homme ne va pas lui servir tr\u00e8s longtemps.<\/p>\n<p>    \u00ab\u00a0J\u2019ai le droit d\u2019\u00eatre moi\u00a0\u00bb    <\/p>\n<p class=\"asset asset-text\">Adaptation dans la langue de Moli\u00e8re de la com\u00e9die musicale n\u00e9e \u00e0 Broadway en 1983\u00a0entre les mains de Harvey Fierstein, la pi\u00e8ce musicale d\u2019Olivier Py s\u2019\u00e9loigne des farces du film fran\u00e7ais d\u2019origine sorti en 1978, pour appuyer l\u2019histoire d\u2019amour entre nos deux h\u00e9ros, et livrer un discours tendre sur l\u2019homoparentalit\u00e9, loin des clich\u00e9s.<\/p>\n<p class=\"asset asset-text\">Mais pas sans exc\u00e8s, heureusement. Derri\u00e8re l\u2019aspect artisanal des d\u00e9cors rutilants qui s\u2019encha\u00eenent les uns apr\u00e8s les autres, on nous donne pour la premi\u00e8re fois acc\u00e8s \u00e0 l\u2019int\u00e9rieur flamboyant du cabaret, o\u00f9 l\u2019exub\u00e9rance se m\u00e9lange au spleen, la l\u00e9g\u00e8ret\u00e9 au politique. \u00ab\u00a0J\u2019ai le droit d\u2019\u00eatre moi, une \u0153uvre d\u2019art, un \u00eatre \u00e0 part\u00a0\u00bb, chante Zaza.<\/p>\n<p class=\"asset asset-text\">Star du show et de la soir\u00e9e, elle encha\u00eene les saillies, en musique ou non. \u00ab\u00a0Il y a des h\u00e9t\u00e9ros dans la salle\u00a0? Alors, \u00e7a vous fait quoi d\u2019\u00eatre une minorit\u00e9\u00a0?\u00a0\u00bb ironise-t-elle, sous sa grosse coiffe d\u2019autruche, en passant dans le public. Elle ajoute\u00a0: \u00ab\u00a0Ils sont beaux mes bijoux, hein\u00a0? Je les ai d\u00e9clar\u00e9s, moi.\u00a0\u00bb Clin d\u2019\u0153il \u00e0 Rachida Dati, qui aurait omis 19\u00a0pi\u00e8ces de joaillerie dans sa d\u00e9claration de patrimoine.<\/p>\n<p>    La biscotte    <\/p>\n<p class=\"asset asset-text\">La Manif pour tous est tourn\u00e9e en ridicule. Les th\u00e9rapies de conversion, aussi. Au m\u00eame titre que la virilit\u00e9, et tous les codes de l\u2019h\u00e9t\u00e9ronormativit\u00e9. L\u2019homme, le vrai, celui qui doit tenir sa biscotte \u00ab\u00a0\u00e0 la Schwarzenegger\u00a0\u00bb (comme dans la sc\u00e8ne culte) et boire son caf\u00e9 sans lever le petit doigt, a les oreilles qui sifflent tout du long.<\/p>\n<p class=\"asset asset-text\">Si Albin s\u2019essaye tant bien que mal \u00e0 l\u2019art du \u00ab\u00a0manspreading\u00a0\u00bb, cette posture masculine qui veut qu\u2019un homme doive s\u2019asseoir les jambes \u00e9cart\u00e9es dans l\u2019espace public, son interpr\u00e8te Laurent Lafitte a, lui, confi\u00e9 dans la presse avoir sous-estim\u00e9 la fa\u00e7on dont le r\u00f4le le remuerait intimement vis-\u00e0-vis de sa propre f\u00e9minit\u00e9, inexplor\u00e9e jusqu\u2019ici.<\/p>\n<p class=\"asset asset-text\">La Cage aux folles, homophobe\u00a0? Sur le d\u00e9bat qui agite aujourd\u2019hui encore l\u2019opinion publique depuis la sortie du film d\u2019\u00c9douard Molinaro, la com\u00e9die musicale d\u2019Olivier Py, selon qui on y vient pour \u00ab\u00a0rire, puis pleurer, et rire encore jusqu\u2019\u00e0 pleurer de rire\u00a0\u00bb, semble avoir tranch\u00e9. En trois mots\u00a0: vive les folles.<\/p>\n","protected":false},"excerpt":{"rendered":"Thomas Amouroux Laurent Lafitte, ici dans \u00ab\u00a0La Cage aux folles\u00a0\u00bb d\u2019Olivier Py au Th\u00e9\u00e2tre du Ch\u00e2telet, \u00e0 Paris.&hellip;\n","protected":false},"author":2,"featured_media":582060,"comment_status":"","ping_status":"","sticky":false,"template":"","format":"standard","meta":{"footnotes":""},"categories":[2],"tags":[11,251,1011,27,23272,12,69587,1347],"class_list":{"0":"post-582059","1":"post","2":"type-post","3":"status-publish","4":"format-standard","5":"has-post-thumbnail","7":"category-actualites","8":"tag-actualites","9":"tag-culture","10":"tag-fr","11":"tag-france","12":"tag-laurent-lafitte","13":"tag-news","14":"tag-olivier-py","15":"tag-theatre"},"share_on_mastodon":{"url":"https:\/\/pubeurope.com\/@fr\/115672532846471049","error":""},"_links":{"self":[{"href":"https:\/\/www.europesays.com\/fr\/wp-json\/wp\/v2\/posts\/582059","targetHints":{"allow":["GET"]}}],"collection":[{"href":"https:\/\/www.europesays.com\/fr\/wp-json\/wp\/v2\/posts"}],"about":[{"href":"https:\/\/www.europesays.com\/fr\/wp-json\/wp\/v2\/types\/post"}],"author":[{"embeddable":true,"href":"https:\/\/www.europesays.com\/fr\/wp-json\/wp\/v2\/users\/2"}],"replies":[{"embeddable":true,"href":"https:\/\/www.europesays.com\/fr\/wp-json\/wp\/v2\/comments?post=582059"}],"version-history":[{"count":0,"href":"https:\/\/www.europesays.com\/fr\/wp-json\/wp\/v2\/posts\/582059\/revisions"}],"wp:featuredmedia":[{"embeddable":true,"href":"https:\/\/www.europesays.com\/fr\/wp-json\/wp\/v2\/media\/582060"}],"wp:attachment":[{"href":"https:\/\/www.europesays.com\/fr\/wp-json\/wp\/v2\/media?parent=582059"}],"wp:term":[{"taxonomy":"category","embeddable":true,"href":"https:\/\/www.europesays.com\/fr\/wp-json\/wp\/v2\/categories?post=582059"},{"taxonomy":"post_tag","embeddable":true,"href":"https:\/\/www.europesays.com\/fr\/wp-json\/wp\/v2\/tags?post=582059"}],"curies":[{"name":"wp","href":"https:\/\/api.w.org\/{rel}","templated":true}]}}