{"id":582061,"date":"2025-12-06T12:05:13","date_gmt":"2025-12-06T12:05:13","guid":{"rendered":"https:\/\/www.europesays.com\/fr\/582061\/"},"modified":"2025-12-06T12:05:13","modified_gmt":"2025-12-06T12:05:13","slug":"encore-une-tentative-de-livraison-par-drone-stoppee-par-la-police","status":"publish","type":"post","link":"https:\/\/www.europesays.com\/fr\/582061\/","title":{"rendered":"encore une tentative de livraison par drone stopp\u00e9e par la police"},"content":{"rendered":"<p>C\u2019est la deuxi\u00e8me fois en quelques jours que les agents de la Brigade anticriminalit\u00e9 (BAC) de la police de la Loire parviennent \u00e0 intercepter un drone aux abords de la maison d\u2019arr\u00eat de La Talaudi\u00e8re. Vers 1 heure, dans la nuit de vendredi\u00a05 \u00e0 samedi 6\u00a0d\u00e9cembre, les fonctionnaires en faction aux abords de l\u2019\u00e9tablissement p\u00e9nitentiaire rep\u00e8rent un objet volant semblant livrer des colis aux d\u00e9tenus.<\/p>\n<p>  Retrouv\u00e9 et interpell\u00e9\u00a0\u00e0 Montreynaud<\/p>\n<p>Les policiers engagent alors un suivi pour retrouver le pilote de l\u2019appareil. Ce dernier, \u00e2g\u00e9 de 22 ans, sera finalement retrouv\u00e9 et interpell\u00e9 dans le quartier de Montreynaud, \u00e0 Saint-Etienne. Son drone a \u00e9t\u00e9 saisi par les forces de police.<\/p>\n<p>Mardi 2\u00a0d\u00e9cembre, vers 21h30, un \u00e9quipage de la BAC avait d\u00e9j\u00e0 retrouv\u00e9 et interpell\u00e9 deux personnes sur un terrain vague \u00e0 La Talaudi\u00e8re, qui avaient tent\u00e9 de livrer de la marchandise au-dessus de la prison avec un drone.<\/p>\n","protected":false},"excerpt":{"rendered":"C\u2019est la deuxi\u00e8me fois en quelques jours que les agents de la Brigade anticriminalit\u00e9 (BAC) de la police&hellip;\n","protected":false},"author":2,"featured_media":582062,"comment_status":"","ping_status":"","sticky":false,"template":"","format":"standard","meta":{"footnotes":""},"categories":[9653],"tags":[1111,11,2430,271,272,7539,1777,674,274,107,1011,27,3367,12,25,4001,7538,104],"class_list":{"0":"post-582061","1":"post","2":"type-post","3":"status-publish","4":"format-standard","5":"has-post-thumbnail","7":"category-saint-etienne","8":"tag-actu","9":"tag-actualites","10":"tag-auvergne-rhone-alpes","11":"tag-crime","12":"tag-delit-et-contravention","13":"tag-edition-loire-sud","14":"tag-eu","15":"tag-europe","16":"tag-faits-divers-justice","17":"tag-fil-info","18":"tag-fr","19":"tag-france","20":"tag-loire","21":"tag-news","22":"tag-republique-francaise","23":"tag-saint-etienne","24":"tag-saint-etienne-ville","25":"tag-societe"},"share_on_mastodon":{"url":"https:\/\/pubeurope.com\/@fr\/115672535838746680","error":""},"_links":{"self":[{"href":"https:\/\/www.europesays.com\/fr\/wp-json\/wp\/v2\/posts\/582061","targetHints":{"allow":["GET"]}}],"collection":[{"href":"https:\/\/www.europesays.com\/fr\/wp-json\/wp\/v2\/posts"}],"about":[{"href":"https:\/\/www.europesays.com\/fr\/wp-json\/wp\/v2\/types\/post"}],"author":[{"embeddable":true,"href":"https:\/\/www.europesays.com\/fr\/wp-json\/wp\/v2\/users\/2"}],"replies":[{"embeddable":true,"href":"https:\/\/www.europesays.com\/fr\/wp-json\/wp\/v2\/comments?post=582061"}],"version-history":[{"count":0,"href":"https:\/\/www.europesays.com\/fr\/wp-json\/wp\/v2\/posts\/582061\/revisions"}],"wp:featuredmedia":[{"embeddable":true,"href":"https:\/\/www.europesays.com\/fr\/wp-json\/wp\/v2\/media\/582062"}],"wp:attachment":[{"href":"https:\/\/www.europesays.com\/fr\/wp-json\/wp\/v2\/media?parent=582061"}],"wp:term":[{"taxonomy":"category","embeddable":true,"href":"https:\/\/www.europesays.com\/fr\/wp-json\/wp\/v2\/categories?post=582061"},{"taxonomy":"post_tag","embeddable":true,"href":"https:\/\/www.europesays.com\/fr\/wp-json\/wp\/v2\/tags?post=582061"}],"curies":[{"name":"wp","href":"https:\/\/api.w.org\/{rel}","templated":true}]}}