{"id":582063,"date":"2025-12-06T12:06:21","date_gmt":"2025-12-06T12:06:21","guid":{"rendered":"https:\/\/www.europesays.com\/fr\/582063\/"},"modified":"2025-12-06T12:06:21","modified_gmt":"2025-12-06T12:06:21","slug":"dunkerque-saint-etienne-les-compositions-probables","status":"publish","type":"post","link":"https:\/\/www.europesays.com\/fr\/582063\/","title":{"rendered":"Dunkerque Saint-\u00c9tienne : Les compositions probables"},"content":{"rendered":"<p style=\"text-align: justify;\"><strong>LIGUE 2 2025-2026 \u2013 Selon L\u2019\u00c9quipe, voici les compositions probables du match entre Dunkerque et Saint-\u00c9tienne pr\u00e9vu ce samedi.<\/strong><\/p>\n<p style=\"text-align: justify;\"><strong>Dunkerque<\/strong> est sur une bonne passe depuis quelques semaines, avec pas moins de sept rencontres sans aucune d\u00e9faite. Les <strong>Verts<\/strong> ont eux encha\u00een\u00e9 trois succ\u00e8s de rang, dont deux en <strong>Coupe de France<\/strong> pour se hisser en 32\u00e8mes de finale de la comp\u00e9tition nationale.<\/p>\n<p>Saint-\u00c9tienne pour la passe de 4 ?<\/p>\n<p style=\"text-align: justify;\"><strong>Dunkerque<\/strong> devrait \u00eatre en mesure d\u2019aligner son \u00e9quipe-type pour ce choc face \u00e0 Saint-\u00c9tienne. Le coach des Nordistes pourrait aligner le m\u00eame onze de d\u00e9part que celui qui a d\u00e9marr\u00e9 lors de la derni\u00e8re rencontre de Ligue 2 face \u00e0 <strong>Rodez<\/strong>.<\/p>\n<p style=\"text-align: justify;\">Les <strong>Verts<\/strong> devraient encore d\u00e9marrer en 4-3-3, avec <strong>Augustine<\/strong> <strong>Boakye<\/strong> \u00e0 la pointe de l\u2019attaque. Plus habitu\u00e9 \u00e0 jouer sur l\u2019aile, il devrait profiter de l\u2019absence de <strong>Lucas<\/strong> <strong>Stassin<\/strong> pour \u00e9voluer comme avant-centre. Pour le reste, <strong>Saint-\u00c9tienne<\/strong> devrait aligner une \u00e9quipe similaire \u00e0 ses derni\u00e8res sorties en Ligue 2.<\/p>\n<p>Les compositions de Dunkerque \u2013 Saint-\u00c9tienne<br \/>\nLa composition probable de Dunkerque<\/p>\n<p style=\"text-align: justify;\">Niflore \u2013 Georgen, Sasso, Mayela, Kondo \u2013 Diong, Sekongo, Bardeli \u2013 Essimi, Robinet, Zossou<\/p>\n<p>La composition probable de Saint-\u00c9tienne<\/p>\n<p style=\"text-align: justify;\">Larsonneur \u2013 Appiah, Bernauer, Nad\u00e9, Annan \u2013 Jaber, Moueffek, Tardieu \u2013 Cardona, Boakye, Davitashvili<\/p>\n<p>Les cotes de Dunkerque \u2013 Saint-\u00c9tienne<\/p>\n<tr style=\"height: 16px;\">\n<td style=\"background-color: #404040; border-color: #ededed; width: 840px; text-align: left;\" colspan=\"3\"><strong><img loading=\"lazy\" decoding=\"async\" class=\"alignnone wp-image-512842 perfmatters-lazy\" alt=\"\" width=\"14\" height=\"13\" src=\"https:\/\/www.europesays.com\/fr\/wp-content\/uploads\/2025\/05\/Logo-Winamax.png\"  data-\/> Samedi 6 d\u00e9cembre, 20h00<\/strong><\/td>\n<\/tr>\n<tr style=\"height: 24px;\">\n<td style=\"background-color: #ffffff; border-color: #ededed; vertical-align: middle; text-align: center; width: 266px;\"><strong>Dunkerque<br \/><\/strong><a href=\"https:\/\/www.winamax.fr\/paris-sportifs\/match\/61527622?banid=33423\" class=\"su-button su-button-style-flat su-button-wide\" style=\"color:#000;background-color:#00ffcf;border-color:#00cca6;border-radius:5px\" target=\"_blank\" rel=\"noopener noreferrer\"> 2.55<\/a><\/td>\n<td style=\"background-color: #ffffff; border-color: #ededed; vertical-align: middle; text-align: center; width: 266px;\"><strong>Match nul<\/strong><br \/><a href=\"https:\/\/www.winamax.fr\/paris-sportifs\/match\/61527622?banid=33423\" class=\"su-button su-button-style-flat su-button-wide\" style=\"color:#000;background-color:#00ffcf;border-color:#00cca6;border-radius:5px\" target=\"_blank\" rel=\"noopener noreferrer\"> 3.30<\/a><\/td>\n<td style=\"background-color: #ffffff; border-color: #ededed; vertical-align: middle; text-align: center; width: 266px;\"><strong>Saint-\u00c9tienne<\/strong><br \/><a href=\"https:\/\/www.winamax.fr\/paris-sportifs\/match\/61527622?banid=33423\" class=\"su-button su-button-style-flat su-button-wide\" style=\"color:#000;background-color:#00ffcf;border-color:#00cca6;border-radius:5px\" target=\"_blank\" rel=\"noopener noreferrer\"> 2.45<\/a><\/td>\n<\/tr>\n<p style=\"text-align: justify;\">Tentez votre chance en profitant de votre <a href=\"https:\/\/www.winamax.fr\/registration\/landing\/affiliation_Bonus100?banid=33423\" target=\"_blank\" rel=\"noopener\">1er d\u00e9p\u00f4t doubl\u00e9 jusqu\u2019\u00e0 100 \u20ac<\/a> direct en paris gratuits sur Winamax !<\/p>\n","protected":false},"excerpt":{"rendered":"LIGUE 2 2025-2026 \u2013 Selon L\u2019\u00c9quipe, voici les compositions probables du match entre Dunkerque et Saint-\u00c9tienne pr\u00e9vu ce&hellip;\n","protected":false},"author":2,"featured_media":582064,"comment_status":"","ping_status":"","sticky":false,"template":"","format":"standard","meta":{"footnotes":""},"categories":[9653],"tags":[1111,11,2430,2113,920,1777,674,63,1011,27,12,25,4001],"class_list":{"0":"post-582063","1":"post","2":"type-post","3":"status-publish","4":"format-standard","5":"has-post-thumbnail","7":"category-saint-etienne","8":"tag-actu","9":"tag-actualites","10":"tag-auvergne-rhone-alpes","11":"tag-breve","12":"tag-dunkerque","13":"tag-eu","14":"tag-europe","15":"tag-football","16":"tag-fr","17":"tag-france","18":"tag-news","19":"tag-republique-francaise","20":"tag-saint-etienne"},"share_on_mastodon":{"url":"https:\/\/pubeurope.com\/@fr\/115672540840521705","error":""},"_links":{"self":[{"href":"https:\/\/www.europesays.com\/fr\/wp-json\/wp\/v2\/posts\/582063","targetHints":{"allow":["GET"]}}],"collection":[{"href":"https:\/\/www.europesays.com\/fr\/wp-json\/wp\/v2\/posts"}],"about":[{"href":"https:\/\/www.europesays.com\/fr\/wp-json\/wp\/v2\/types\/post"}],"author":[{"embeddable":true,"href":"https:\/\/www.europesays.com\/fr\/wp-json\/wp\/v2\/users\/2"}],"replies":[{"embeddable":true,"href":"https:\/\/www.europesays.com\/fr\/wp-json\/wp\/v2\/comments?post=582063"}],"version-history":[{"count":0,"href":"https:\/\/www.europesays.com\/fr\/wp-json\/wp\/v2\/posts\/582063\/revisions"}],"wp:featuredmedia":[{"embeddable":true,"href":"https:\/\/www.europesays.com\/fr\/wp-json\/wp\/v2\/media\/582064"}],"wp:attachment":[{"href":"https:\/\/www.europesays.com\/fr\/wp-json\/wp\/v2\/media?parent=582063"}],"wp:term":[{"taxonomy":"category","embeddable":true,"href":"https:\/\/www.europesays.com\/fr\/wp-json\/wp\/v2\/categories?post=582063"},{"taxonomy":"post_tag","embeddable":true,"href":"https:\/\/www.europesays.com\/fr\/wp-json\/wp\/v2\/tags?post=582063"}],"curies":[{"name":"wp","href":"https:\/\/api.w.org\/{rel}","templated":true}]}}