{"id":582067,"date":"2025-12-06T12:08:17","date_gmt":"2025-12-06T12:08:17","guid":{"rendered":"https:\/\/www.europesays.com\/fr\/582067\/"},"modified":"2025-12-06T12:08:17","modified_gmt":"2025-12-06T12:08:17","slug":"lunivers-fantastique-de-laurence-gillot","status":"publish","type":"post","link":"https:\/\/www.europesays.com\/fr\/582067\/","title":{"rendered":"l\u2019univers fantastique de Laurence Gillot"},"content":{"rendered":"<p>Jusqu\u2019au 18\u00a0d\u00e9cembre, venez visiter le Curieux Cabinet de Laurence Gillot, install\u00e9 la galerie de la Fondation Solange-Bertrand, \u00e0 Nancy. L\u2019artiste plasticienne nanc\u00e9ienne y expose ses cr\u00e9atures hybrides, bricol\u00e9es \u00e0 partir de jouets cass\u00e9s, d\u2019objets glan\u00e9s ou de photos oubli\u00e9es. Six artistes internationales issues de l\u2019art postal exposent \u00e0 ses c\u00f4t\u00e9s. Une trentaine de ses \u00ab\u00a0petites pi\u00e8ces croquignolettes\u00a0\u00bb sont vendues (d\u00e8s 30\u00a0\u20ac) au profit de la Fondation des femmes ou du Rire M\u00e9decin.<\/p>\n<p class=\"note\">Curieux Cabinet de Laurence Gillot, galerie de la Fondation Solange-Bertrand, 13, place de la Carri\u00e8re \u00e0 Nancy. Du lundi au vendredi, de 10h \u00e0 12h et de 14h \u00e0 17h et sur rendez-vous au 06 20 28 42 18.<\/p>\n","protected":false},"excerpt":{"rendered":"Jusqu\u2019au 18\u00a0d\u00e9cembre, venez visiter le Curieux Cabinet de Laurence Gillot, install\u00e9 la galerie de la Fondation Solange-Bertrand, \u00e0&hellip;\n","protected":false},"author":2,"featured_media":582068,"comment_status":"","ping_status":"","sticky":false,"template":"","format":"standard","meta":{"footnotes":""},"categories":[9635],"tags":[1111,11,1687,1704,1777,674,2271,1011,27,775,1702,1703,12,25],"class_list":{"0":"post-582067","1":"post","2":"type-post","3":"status-publish","4":"format-standard","5":"has-post-thumbnail","7":"category-nancy","8":"tag-actu","9":"tag-actualites","10":"tag-culture-loisirs","11":"tag-edition-nancy-et-agglomeration","12":"tag-eu","13":"tag-europe","14":"tag-exposition-arts-plastiques","15":"tag-fr","16":"tag-france","17":"tag-grand-est","18":"tag-nancy","19":"tag-nancy-ville-54b","20":"tag-news","21":"tag-republique-francaise"},"share_on_mastodon":{"url":"https:\/\/pubeurope.com\/@fr\/115672547525804516","error":""},"_links":{"self":[{"href":"https:\/\/www.europesays.com\/fr\/wp-json\/wp\/v2\/posts\/582067","targetHints":{"allow":["GET"]}}],"collection":[{"href":"https:\/\/www.europesays.com\/fr\/wp-json\/wp\/v2\/posts"}],"about":[{"href":"https:\/\/www.europesays.com\/fr\/wp-json\/wp\/v2\/types\/post"}],"author":[{"embeddable":true,"href":"https:\/\/www.europesays.com\/fr\/wp-json\/wp\/v2\/users\/2"}],"replies":[{"embeddable":true,"href":"https:\/\/www.europesays.com\/fr\/wp-json\/wp\/v2\/comments?post=582067"}],"version-history":[{"count":0,"href":"https:\/\/www.europesays.com\/fr\/wp-json\/wp\/v2\/posts\/582067\/revisions"}],"wp:featuredmedia":[{"embeddable":true,"href":"https:\/\/www.europesays.com\/fr\/wp-json\/wp\/v2\/media\/582068"}],"wp:attachment":[{"href":"https:\/\/www.europesays.com\/fr\/wp-json\/wp\/v2\/media?parent=582067"}],"wp:term":[{"taxonomy":"category","embeddable":true,"href":"https:\/\/www.europesays.com\/fr\/wp-json\/wp\/v2\/categories?post=582067"},{"taxonomy":"post_tag","embeddable":true,"href":"https:\/\/www.europesays.com\/fr\/wp-json\/wp\/v2\/tags?post=582067"}],"curies":[{"name":"wp","href":"https:\/\/api.w.org\/{rel}","templated":true}]}}