{"id":582070,"date":"2025-12-06T12:12:17","date_gmt":"2025-12-06T12:12:17","guid":{"rendered":"https:\/\/www.europesays.com\/fr\/582070\/"},"modified":"2025-12-06T12:12:17","modified_gmt":"2025-12-06T12:12:17","slug":"un-voyage-haut-en-couleur-a-travers-lobjectif-de-raymond-depardon","status":"publish","type":"post","link":"https:\/\/www.europesays.com\/fr\/582070\/","title":{"rendered":"un voyage haut en couleur \u00e0 travers l&rsquo;objectif de Raymond Depardon"},"content":{"rendered":"<p>                    Par<br \/>\n        <strong><br \/>\n            <a href=\"https:\/\/actu.fr\/auteur\/c-nithard\" title=\"Consulter tous les articles de C\u00e9dric Nithard\" target=\"_blank\" rel=\"noopener\">C\u00e9dric Nithard<\/a><br \/>\n                    <\/strong><\/p>\n<p>        Publi\u00e9 le<\/p>\n<p>            6 d\u00e9c. 2025 \u00e0 12h14        <\/p>\n<p>On ne pr\u00e9sente plus <strong>Raymond Depardon<\/strong>. Connu et reconnu \u00e0 travers le monde, <strong>le c\u00e9l\u00e8bre photographe<\/strong> est \u00e0 l\u2019honneur pour <strong>la r\u00e9ouverture du Pavillon Populaire<\/strong> \u00e0 <strong>Montpellier<\/strong>. L\u2019exposition <strong>\u00ab\u00a0Extr\u00eame H\u00f4tel\u00a0\u00bb<\/strong> ouvre une fen\u00eatre sur le monde \u00e0 travers <strong>150 photographies<\/strong>, dont certaines in\u00e9dites, prises entre 1960 et 2019, avec la particularit\u00e9 d\u2019\u00eatre <strong>toutes en couleur<\/strong>. \u00c0 voir, et \u00e0 ne manquer, jusqu\u2019au 12 avril 2026.<\/p>\n<p>Une histoire avec Montpellier<\/p>\n<p class=\" wall-content\">Englob\u00e9 dans la transformation de l\u2019esplanade Charles de Gaulle, le Pavillon Populaire a connu une r\u00e9novation n\u00e9cessaire. Ferm\u00e9 en f\u00e9vrier dernier, il a enfin rouvert ses portes ce mercredi 3 d\u00e9cembre en offrant une carte blanche \u00e0 Raymond Depardon. D\u00e9j\u00e0 expos\u00e9 dans le m\u00eame lieu en 2022 avec \u00ab\u00a0Communes\u00a0\u00bb portant sur des villages de l\u2019arri\u00e8re-pays menac\u00e9s par un projet d\u2019extraction de gaz de schiste, l\u2019histoire avec Montpellier s\u2019est poursuivi quelques mois plus tard avec la donation par le photographe et son \u00e9pouse Claudine Nougaret de plus de 200 tirages, issus justement de \u00ab\u00a0Communes\u00a0\u00bb et de \u00ab\u00a0Rural\u00a0\u00bb, au mus\u00e9e Fabre cr\u00e9ant ainsi le premier fonds photographique au sein des collections du mus\u00e9e.<\/p>\n<p class=\" wall-content\">\u00ab\u00a0Extr\u00eame H\u00f4tel\u00a0\u00bb permet cette fois d\u2019explorer une autre facette de la carri\u00e8re de Raymond Depardon. Celle du photoreporter, lui qui a cr\u00e9\u00e9 l\u2019agence Gamma en 1966 et est membre de Magnum Photos depuis 1979, dans une approche professionnelle mais \u00e9galement personnelle \u00e0 travers ses nombreux voyages. L\u2019exposition tire d\u2019ailleurs son nom d\u2019un h\u00f4tel d\u2019Addis-Abeba. \u00ab\u00a0Un lieu simple o\u00f9 Raymond aime s\u00e9journer lors de ses voyages en \u00c9thiopie. Un point de chute sobre, un endroit calme d\u2019o\u00f9 regarder le monde\u00a0\u00bb, expliquent les commissaires Marie Perenn\u00e8s et Simon Depardon. Ces derniers ont eu carte blanche et sont all\u00e9s piocher dans les archives du photographe, jusque dans de vieux cartons, pour r\u00e9unir 150 photographies dont certaines jamais pr\u00e9sent\u00e9es.<\/p>\n<p>Carte blanche \u00e0 la couleur<\/p>\n<p class=\" wall-content\">Avec cette carte blanche, une \u00e9vidence saute imm\u00e9diatement aux yeux d\u2019autant plus quand on pense au travail de Raymond Depardon habituellement pr\u00e9sent\u00e9. \u00ab\u00a0Nous voulions contraster avec la donation qui sont des photos sur la ruralit\u00e9, exclusivement en noir et blanc ou faites \u00e0 la chambre photographique\u00a0\u00bb, explique Simon Depardon avec en sous-texte la volont\u00e9 de moderniser le regard sur le travail de son p\u00e8re. \u00ab\u00a0Cela a toujours \u00e9t\u00e9 mon combat pour montrer que Raymond a fait aussi des photos sublimes en couleur\u00a0\u00bb, glisse-t-il sans omettre un certain charme \u00e0 celles-ci : \u00ab\u00a0Il y a aussi une \u00e9poque avec des photographies qui sont majoritairement du Kodachrome ou de l\u2019Ektachrome. Une vieille chimie qui redevient \u00e0 la mode car on aime ce c\u00f4t\u00e9 pass\u00e9 des couleurs, tr\u00e8s douces. Cela m\u00e9ritait vraiment d\u2019\u00eatre montr\u00e9\u00a0\u00bb.<\/p>\n<p>    <a href=\"https:\/\/www.google.com\/maps\/embed?pb=!1m18!1m12!1m3!1d5777.645548501095!2d3.879409675543725!3d43.61023155520984!2m3!1f0!2f0!3f0!3m2!1i1024!2i768!4f13.1!3m3!1m2!1s0x12b6af0a7571d531%3A0xc4f840279570724a!2sPavillon%20Populaire!5e0!3m2!1sfr!2sfr!4v1764783971549!5m2!1sfr!2sfr\" title=\"Ouvrie le lien\" target=\"_blank\" rel=\"noopener\">Cliquez ici pour visualiser le contenu<\/a><\/p>\n<p>Vid\u00e9os : en ce moment sur Actu<\/p>\n<p class=\" wall-content\">Un regard en couleur pr\u00e9sent\u00e9 de tr\u00e8s belle mani\u00e8re en montrant d\u2019abord une s\u00e9rie sur \u00ab\u00a0La Terre des paysans\u00a0\u00bb r\u00e9alis\u00e9e dans les ann\u00e9es 2000, puis Press Color retra\u00e7ant son riche parcours de photojournaliste, o\u00f9 la couleur ne valait que pour les unes des magazines (qui aurait valu une exposition \u00e0 elle seule) et une consacr\u00e9e \u00e0 la mission DATAR en 1986 avec une approche plus intime du sujet. La couleur y appara\u00eet comme un t\u00e9moin des \u00e9poques avant d\u2019\u00e9clater dans la partie centrale avec les grands formats de la s\u00e9rie \u00ab\u00a0USA\u00a0\u00bb, fruit d\u2019une errance am\u00e9ricaine en 2019.<\/p>\n<p>Atmosph\u00e8re, atmosph\u00e8re\u2026<\/p>\n<p class=\" wall-content\">Une errance poursuivie dans la suite de l\u2019exposition \u00ab\u00a0Extreme Hotel\u00a0\u00bb et de nombreuses photographies in\u00e9dites prises dans diff\u00e9rents endroits du monde entre 2004 et 2019. Et si Raymond Depardon d\u00e9laisse le noir et blanc au cours de ses escapades, le lieu y est pour beaucoup comme l\u2019explique Simon Depardon : \u00ab\u00a0Pour pouvoir faire de la photographie couleur, Raymond sait tr\u00e8s bien qu\u2019il ne peut pas aller o\u00f9 les lumi\u00e8res sont trop dures comme en \u00c9quateur par exemple. Il ira donc beaucoup au nord \u00e0 Glasgow ou au sud en Patagonie, pour justement que le soleil ne tape pas directement. Et la pellicule Kodak r\u00e9pond tr\u00e8s bien \u00e0 ces lumi\u00e8res un peu froides. C\u2019est un vrai travail de r\u00e9flexion pour pouvoir techniquement arriver \u00e0 une couleur douce\u00a0\u00bb.<\/p>\n<p>Votre r\u00e9gion, votre actu !<\/p>\n<p>Recevez chaque jour les infos qui comptent pour vous.<\/p>\n<p>\t<a href=\"https:\/\/actu.fr\/newsletter\" class=\"ac-btn ac-btn--corner ac-btn--medium ac-btn--blue800\" target=\"_blank\" rel=\"noopener\">S&rsquo;incrire<\/a><\/p>\n<p class=\" wall-content\">Sans but pr\u00e9cis, Raymond Depardon profite de ses voyages pour retourner sur les lieux de ses anciens reportages et d\u00e9ambuler sans attente ou nostalgie, juste pour le plaisir de capter un instant. Ce qu\u2019il fera d\u2019ailleurs avec la s\u00e9rie \u00ab\u00a0Tokyo\u00a0\u00bb revenant 50 ans plus tard dans la ville o\u00f9 il couvrit en 1964 ses premiers Jeux Olympiques. Suivirent Mexico (68), Munich (72), Montreal (76) et r\u00e9cemment Paris (2024). Il fait de m\u00eame \u00e0 Carthag\u00e8ne qu\u2019il filmera en 1993 dans le cadre d\u2019un court-m\u00e9trage pour Amnesty International et photographiera ensuite en 2015 dans un format moyen permettant de mieux retranscrire l\u2019atmosph\u00e8re de la ville. D\u2019atmosph\u00e8re, il en est \u00e9galement question dans \u00ab\u00a0M\u00e9diterran\u00e9e\u00a0\u00bb, un vagabondage de Beyrouth \u00e0 Byblos durant lequel Raymond Depardon capture des instants de vie y compris durant la guerre.<\/p>\n<p class=\" wall-content\">Si les photos sont bien \u00e9videmment superbes, un soin tout particulier a \u00e9t\u00e9 apport\u00e9 aux tirages et aux encadrements offrant une mise en valeur encore plus importante de certaines. Un cadre dont la s\u00e9rie \u00ab\u00a0Glasgow\u00a0\u00bb s\u2019affranchit. Commande du Sunday Times r\u00e9alis\u00e9e en 1980 mais finalement refus\u00e9e par le journal car jug\u00e9e trop personnelle et pas assez documentaire, une cinquantaine de photographies, rest\u00e9es inconnues jusqu\u2019en 2013 et donc certaines sont in\u00e9dites, sont projet\u00e9es sur un mur. L\u2019atmosph\u00e8re est palpable, les regards per\u00e7ants, la grisaille \u00e9clatante. Dans une ville o\u00f9 le noir et blanc serait une \u00e9vidence pour beaucoup, comme pour ne pas \u00eatre plus plombant, Raymond Depardon fait de la couleur un sujet \u00e0 part enti\u00e8re. Un r\u00e9v\u00e9lateur comme une mise en lumi\u00e8re \u00e0 l\u2019instar de l\u2019exposition qui \u00e9vite toute nostalgie et offre m\u00eame une modernit\u00e9 au travail de Raymond Depardon. \u00c0 ne pas manquer.<\/p>\n<p>\u00ab\u00a0Extr\u00eame h\u00f4tel, Raymond Depardon. Jusqu\u2019au 12 avril 2026 au Pavillon Populaire, esplanade Charles de Gaulle, Montpellier. Entr\u00e9e gratuite pour tous les publics, pour la visite libre et pour la visite guid\u00e9e. Sans r\u00e9servation. Du mardi au dimanche de 10h \u00e0 13h et de 14h \u00e0 18h. Visites guid\u00e9es : vendredi \u00e0 16h, samedi et dimanche \u00e0 11h et 16h. Visites familles : mercredi et dimanche \u00e0 11h et 15h. Plus d\u2019informations sur <a href=\"https:\/\/www.montpellier.fr\/vie-quotidienne\/vivre-ici\/se-cultiver\/expositions-et-musees\/pavillon-populaire\" target=\"_blank\" rel=\"noopener\">montpellier.fr<\/a>.<\/p>\n<p class=\" wall-content\">Personnalisez votre actualit\u00e9 en ajoutant vos villes et m\u00e9dias en favori avec <a href=\"https:\/\/moncompte.actu.fr\" title=\"D\u00e9couvez Mon Actu\" rel=\"nofollow noopener\" data-trk=\"{&quot;cta&quot;:{&quot;action&quot;:&quot;https:\\\/\\\/moncompte.actu.fr&quot;,&quot;category&quot;:&quot;mon compte&quot;,&quot;from&quot;:&quot;article footer&quot;,&quot;name&quot;:&quot;Mon actu&quot;,&quot;type&quot;:&quot;cta&quot;}}\" target=\"_blank\">Mon Actu<\/a>.<\/p>\n","protected":false},"excerpt":{"rendered":"Par C\u00e9dric Nithard Publi\u00e9 le 6 d\u00e9c. 2025 \u00e0 12h14 On ne pr\u00e9sente plus Raymond Depardon. Connu et&hellip;\n","protected":false},"author":2,"featured_media":582071,"comment_status":"","ping_status":"","sticky":false,"template":"","format":"standard","meta":{"footnotes":""},"categories":[9599],"tags":[1111,11,1777,674,1349,1011,27,1652,2208,12,2680,25],"class_list":{"0":"post-582070","1":"post","2":"type-post","3":"status-publish","4":"format-standard","5":"has-post-thumbnail","7":"category-montpellier","8":"tag-actu","9":"tag-actualites","10":"tag-eu","11":"tag-europe","12":"tag-expositions","13":"tag-fr","14":"tag-france","15":"tag-loisirs-culture","16":"tag-montpellier","17":"tag-news","18":"tag-occitanie","19":"tag-republique-francaise"},"share_on_mastodon":{"url":"https:\/\/pubeurope.com\/@fr\/115672563289438353","error":""},"_links":{"self":[{"href":"https:\/\/www.europesays.com\/fr\/wp-json\/wp\/v2\/posts\/582070","targetHints":{"allow":["GET"]}}],"collection":[{"href":"https:\/\/www.europesays.com\/fr\/wp-json\/wp\/v2\/posts"}],"about":[{"href":"https:\/\/www.europesays.com\/fr\/wp-json\/wp\/v2\/types\/post"}],"author":[{"embeddable":true,"href":"https:\/\/www.europesays.com\/fr\/wp-json\/wp\/v2\/users\/2"}],"replies":[{"embeddable":true,"href":"https:\/\/www.europesays.com\/fr\/wp-json\/wp\/v2\/comments?post=582070"}],"version-history":[{"count":0,"href":"https:\/\/www.europesays.com\/fr\/wp-json\/wp\/v2\/posts\/582070\/revisions"}],"wp:featuredmedia":[{"embeddable":true,"href":"https:\/\/www.europesays.com\/fr\/wp-json\/wp\/v2\/media\/582071"}],"wp:attachment":[{"href":"https:\/\/www.europesays.com\/fr\/wp-json\/wp\/v2\/media?parent=582070"}],"wp:term":[{"taxonomy":"category","embeddable":true,"href":"https:\/\/www.europesays.com\/fr\/wp-json\/wp\/v2\/categories?post=582070"},{"taxonomy":"post_tag","embeddable":true,"href":"https:\/\/www.europesays.com\/fr\/wp-json\/wp\/v2\/tags?post=582070"}],"curies":[{"name":"wp","href":"https:\/\/api.w.org\/{rel}","templated":true}]}}