{"id":582072,"date":"2025-12-06T12:14:34","date_gmt":"2025-12-06T12:14:34","guid":{"rendered":"https:\/\/www.europesays.com\/fr\/582072\/"},"modified":"2025-12-06T12:14:34","modified_gmt":"2025-12-06T12:14:34","slug":"direct-mhsc-pau-face-a-un-concurrent-direct-montpellier-doit-rebondir-ce-samedi-a-14-h","status":"publish","type":"post","link":"https:\/\/www.europesays.com\/fr\/582072\/","title":{"rendered":"DIRECT MHSC-Pau\u00a0: face \u00e0 un concurrent direct, Montpellier doit rebondir, ce samedi \u00e0 14\u00a0h"},"content":{"rendered":"<p>\n                                                                En match d\u00e9cal\u00e9 de la 16e journ\u00e9e de Ligue 2, Montpellier accueille Pau au stade de la Mosson, ce samedi 6\u00a0d\u00e9cembre \u00e0 14\u00a0h.\n                            <\/p>\n<p>D\u00e9pass\u00e9 par <a href=\"https:\/\/www.midilibre.fr\/2025\/11\/24\/direct-reims-mhsc-montpellier-veut-engranger-et-rester-dans-le-wagon-de-tete-ce-lundi-a-20-h-45-13071133.php\" target=\"_blank\" rel=\"noopener\">Reims il y a deux semaines (2-0<\/a>), Montpellier est sorti des places qualificatives pour les play-offs \u00e0 la faveur de la victoire du\u00a0Mans vendredi soir. Face \u00e0 un concurrent direct \u00e0 ces play-offs, Montpellier va devoir assumer son statut de \u00ab\u00a0grosse\u00a0\u00bb \u00e9quipe de la Ligue 2.<\/p>\n<p>Statut difficile \u00e0 endosser pour les hommes de Camara depuis le d\u00e9but de la saison avec des d\u00e9faites contre Troyes, Saint-Etienne et Reims pour un nul contre le Red Star, tous devant au classement.<\/p>\n<p>Attention \u00e0 la b\u00eate bless\u00e9e<\/p>\n<p>Pau se pr\u00e9sente en victime parfaite avec ses 6 matches sans victoires en championnat et une \u00e9limination en Coupe de France le week-end pass\u00e9. Mais attention au r\u00e9veil des Palois qui voudront assur\u00e9ment stopper leur chute.<\/p>\n<p>Pour cette rencontre, Camara devra toujours se passer de Laporte et Sishuba (bless\u00e9s) mais r\u00e9cup\u00e8re plusieurs \u00e9l\u00e9ments qui \u00e9taient absents \u00e0<a href=\"https:\/\/www.midilibre.fr\/2025\/12\/01\/montceau-mhsc-la-coupe-nest-pas-pleine-pour-montpellier-a-sec-devant-les-buts-13082668.php\" target=\"_blank\" rel=\"noopener\"> Montceau en Coupe la semaine pass\u00e9e (2-0)<\/a>. Ce sera donc l\u2019\u00e9quipe type du moment qui sera align\u00e9e.<\/p>\n<blockquote data-class=\"twitter-tweet\">\n<p lang=\"fr\" dir=\"ltr\">\u26bd\ufe0f ?? ????? ?<br \/>Le 11 montpelli\u00e9rain ? Pau <a href=\"https:\/\/twitter.com\/hashtag\/MHSCPAUFC?src=hash&amp;ref_src=twsrc%5Etfw\" target=\"_blank\" rel=\"noopener\">#MHSCPAUFC<\/a> <a href=\"https:\/\/t.co\/nFkJBXU0nY\">pic.twitter.com\/nFkJBXU0nY<\/a><\/p>\n<p>\u2014 MHSC (@MontpellierHSC) <a href=\"https:\/\/twitter.com\/MontpellierHSC\/status\/1997275148345577898?ref_src=twsrc%5Etfw\" target=\"_blank\" rel=\"noopener\">December 6, 2025<\/a><\/p><\/blockquote>\n<p><strong>Un match \u00e0 suivre en direct comment\u00e9 ici\u00a0:<\/strong><\/p>\n<p>                                                                                                                                                                                                        <script async src=\"https:\/\/platform.twitter.com\/widgets.js\" charset=\"utf-8\"><\/script><\/p>\n","protected":false},"excerpt":{"rendered":"En match d\u00e9cal\u00e9 de la 16e journ\u00e9e de Ligue 2, Montpellier accueille Pau au stade de la Mosson,&hellip;\n","protected":false},"author":2,"featured_media":582073,"comment_status":"","ping_status":"","sticky":false,"template":"","format":"standard","meta":{"footnotes":""},"categories":[9599],"tags":[1111,11,1777,674,63,1011,27,7089,2208,12,2680,25,517],"class_list":{"0":"post-582072","1":"post","2":"type-post","3":"status-publish","4":"format-standard","5":"has-post-thumbnail","7":"category-montpellier","8":"tag-actu","9":"tag-actualites","10":"tag-eu","11":"tag-europe","12":"tag-football","13":"tag-fr","14":"tag-france","15":"tag-herault","16":"tag-montpellier","17":"tag-news","18":"tag-occitanie","19":"tag-republique-francaise","20":"tag-sport"},"share_on_mastodon":{"url":"https:\/\/pubeurope.com\/@fr\/115672571157331729","error":""},"_links":{"self":[{"href":"https:\/\/www.europesays.com\/fr\/wp-json\/wp\/v2\/posts\/582072","targetHints":{"allow":["GET"]}}],"collection":[{"href":"https:\/\/www.europesays.com\/fr\/wp-json\/wp\/v2\/posts"}],"about":[{"href":"https:\/\/www.europesays.com\/fr\/wp-json\/wp\/v2\/types\/post"}],"author":[{"embeddable":true,"href":"https:\/\/www.europesays.com\/fr\/wp-json\/wp\/v2\/users\/2"}],"replies":[{"embeddable":true,"href":"https:\/\/www.europesays.com\/fr\/wp-json\/wp\/v2\/comments?post=582072"}],"version-history":[{"count":0,"href":"https:\/\/www.europesays.com\/fr\/wp-json\/wp\/v2\/posts\/582072\/revisions"}],"wp:featuredmedia":[{"embeddable":true,"href":"https:\/\/www.europesays.com\/fr\/wp-json\/wp\/v2\/media\/582073"}],"wp:attachment":[{"href":"https:\/\/www.europesays.com\/fr\/wp-json\/wp\/v2\/media?parent=582072"}],"wp:term":[{"taxonomy":"category","embeddable":true,"href":"https:\/\/www.europesays.com\/fr\/wp-json\/wp\/v2\/categories?post=582072"},{"taxonomy":"post_tag","embeddable":true,"href":"https:\/\/www.europesays.com\/fr\/wp-json\/wp\/v2\/tags?post=582072"}],"curies":[{"name":"wp","href":"https:\/\/api.w.org\/{rel}","templated":true}]}}