{"id":582074,"date":"2025-12-06T12:16:13","date_gmt":"2025-12-06T12:16:13","guid":{"rendered":"https:\/\/www.europesays.com\/fr\/582074\/"},"modified":"2025-12-06T12:16:13","modified_gmt":"2025-12-06T12:16:13","slug":"quand-des-entreprises-donnent-a-toit-a-ceux-qui-nont-pas","status":"publish","type":"post","link":"https:\/\/www.europesays.com\/fr\/582074\/","title":{"rendered":"quand des entreprises donnent \u00e0 toit \u00e0 ceux qui n&rsquo;ont pas"},"content":{"rendered":"<p>                    Par<br \/>\n        <strong><br \/>\n            <a href=\"https:\/\/actu.fr\/auteur\/fmass\" title=\"Consulter tous les articles de Fabien Massin\" target=\"_blank\" rel=\"noopener\">Fabien Massin<\/a><br \/>\n                    <\/strong><\/p>\n<p>        Publi\u00e9 le<\/p>\n<p>            6 d\u00e9c. 2025 \u00e0 12h48        <\/p>\n<p><strong>Un toit dans un bureau<\/strong>, un open-space ou une salle de r\u00e9union. C\u2019est ce que propose l\u2019association Les Bureaux du c\u0153ur aux personnes sans abri. Pr\u00e9sente dans plusieurs villes de France, elle a entam\u00e9 son implantation \u00e0 <a href=\"https:\/\/actu.fr\/normandie\/rouen_76540\" target=\"_blank\" rel=\"noopener\">Rouen (Seine-Maritime)<\/a> en 2025. On vous pr\u00e9sente <strong>ce dispositif solidaire<\/strong>.<\/p>\n<p>Des bureaux chauff\u00e9s mais tr\u00e8s peu occup\u00e9s<\/p>\n<p class=\" wall-content\">\u00ab\u00a0L\u2019id\u00e9e a germ\u00e9 chez des dirigeants d\u2019entreprise \u00e0 Nantes il y a quelques ann\u00e9es, qui partaient du constat que les bureaux \u00e9taient occup\u00e9s pendant 30 % du temps en moyenne, tout en \u00e9tant chauff\u00e9s\u00a0\u00bb, expliquent <strong>Mahaut de Fougi\u00e8res<\/strong>, membre de l\u2019\u00e9quipe permanente \u00e0 Paris, qui accompagne l\u2019implantation de l\u2019association dans les r\u00e9gions, dont la Normandie, et<strong> Levanah Ducret-Bellaloum<\/strong>, une des trois b\u00e9n\u00e9voles \u00e0 Rouen.\u00a0<\/p>\n<p class=\" wall-content\">D\u2019o\u00f9 la proposition d\u2019utiliser des bureaux pour autre chose que l\u2019activit\u00e9 des salari\u00e9s habituelle. \u00c0 noter que les <strong>bureaux inoccup\u00e9s ne sont pas concern\u00e9s<\/strong> par ce dispositif, seuls les bureaux actifs le sont. Pour pouvoir accueillir des personnes sans abri la nuit, \u00e0 des horaires d\u00e9termin\u00e9s au pr\u00e9alable, quand les salari\u00e9s sont partis, il faut que l\u2019entreprise <strong>dispose d\u2019un lit<\/strong>, canap\u00e9 ou clic-clac, d\u2019un espace o\u00f9 se restaurer, avec un micro-ondes, par exemples, d\u2019un acc\u00e8s aux sanitaires et dans l\u2019id\u00e9al d\u2019une douche.\u00a0<\/p>\n<p class=\" wall-content\">\u00c0 lire aussi<\/p>\n<p class=\" wall-content\">Du c\u00f4t\u00e9 de la personne accueillie, celle-ci doit : \u00eatre majeure, <strong>engag\u00e9e dans un projet d\u2019insertion<\/strong>, en situation r\u00e9guli\u00e8re ou en cours de r\u00e9gularisation, ne pas souffrir d\u2019addictions et ne pas suivre de traitement m\u00e9dical lourd.\u00a0<\/p>\n<p class=\" wall-content\">La p\u00e9riode d\u2019accueil est comprise entre trois et six mois, sauf dans les plus grandes villes (Paris, Lyon, Lille), qui vont jusqu\u2019\u00e0 neuf mois.\u00a0<\/p>\n<p>Un v\u00e9ritablement engagement de la part de l\u2019entreprise<\/p>\n<p class=\" wall-content\">\u00ab\u00a0Depuis 2021, 337 se sont engag\u00e9s dans ce dispositif, dans 36 villes, ce qui repr\u00e9sente 900 personnes accueillies, indiquent Mahaut de Fougi\u00e8res et Levanah Ducret-Bellaloum. Ce sont surtout des hommes, dont des travailleurs et \u00e9tudiants pr\u00e9caires. Il y a des cas o\u00f9 cela n\u2019a pas fonctionn\u00e9 entre l\u2019entreprise et l\u2019invit\u00e9, mais il y a aussi<strong> beaucoup de belles histoires<\/strong>, des liens qui se tissent, des personnes qui s\u2019engagent pour aider les personnes \u00e0 retrouver un emploi, etc.\u00a0\u00bb<\/p>\n<p>Votre r\u00e9gion, votre actu !<\/p>\n<p>Recevez chaque jour les infos qui comptent pour vous.<\/p>\n<p>\t<a href=\"https:\/\/actu.fr\/newsletter\" class=\"ac-btn ac-btn--corner ac-btn--medium ac-btn--blue800\" target=\"_blank\" rel=\"noopener\">S&rsquo;incrire<\/a><\/p>\n<blockquote class=\"ac-article-quote wall-content\">\n<p>Pour l&rsquo;entreprise c&rsquo;est un choix presque philosophique, moral et \u00e9thique. Il s&rsquo;agit de d\u00e9cider de changer la vie d&rsquo;une personne. <\/p>\n<p>    <strong>Mahaut de Fougi\u00e8res et Levanah Ducret-Bellaloum<\/strong>\n            <\/p><\/blockquote>\n<p class=\" wall-content\">Pour mettre en relation les entreprises et leurs futurs occupants nocturnes, l\u2019association travaille avec <strong>les structures et organismes locaux<\/strong>, qui connaissent les populations concern\u00e9es, \u00e0 Rouen des contacts ont ainsi \u00e9t\u00e9 \u00e9tablis avec Convergence, Agir 76, l\u2019Aper (association de Pr\u00e9vention pour l\u2019Est de Rouen) et Carrefour des solidarit\u00e9s.\u00a0<\/p>\n<p class=\" wall-content\">\u00ab\u00a0Une personne est actuellement h\u00e9berg\u00e9e dans les bureaux d\u2019Axa \u00e0 Isneauville, informent Mahaut de Fougi\u00e8res et Levanah Ducret-Bellaloum. Une visite sera organis\u00e9e l\u00e0-bas avec des personnes int\u00e9ress\u00e9es en 2026. Nous allons notamment nous tourner vers des organisations d\u2019entrepreneurs et la M\u00e9tropole.\u00a0\u00bb<\/p>\n<p class=\" wall-content\"><strong>\u2022 D\u00e9couvrez le t\u00e9moignage d\u2019Alain, \u00e0 Lille :\u00a0<\/strong><\/p>\n<p class=\" wall-content\">\n<p>Pour contacter l\u2019association, <a href=\"https:\/\/www.bureauxducoeur.org\/contact\/\" target=\"_blank\" rel=\"noopener\">un site internet<\/a> et une adresse mail :\u00a0<a href=\"https:\/\/actu.fr\/cdn-cgi\/l\/email-protection\" class=\"__cf_email__\" data-cfemail=\"7d191811181a1c09141213220f120818133d1f080f181c080519081e1218080f53120f1a\" target=\"_blank\" rel=\"noopener\">[email\u00a0protected]<\/a>Suivez l\u2019actualit\u00e9 de Rouen sur notre <a href=\"https:\/\/www.whatsapp.com\/channel\/0029VaKfnf99hXF2ddApFB1D\" target=\"_blank\" rel=\"noopener\">cha\u00eene WhatsApp<\/a> et sur notre <a href=\"https:\/\/www.tiktok.com\/@76actu.fr?lang=fr\" target=\"_blank\" rel=\"noopener\">compte TikTok<\/a><\/p>\n<p class=\" wall-content\">Personnalisez votre actualit\u00e9 en ajoutant vos villes et m\u00e9dias en favori avec <a href=\"https:\/\/moncompte.actu.fr\" title=\"D\u00e9couvez Mon Actu\" rel=\"nofollow noopener\" data-trk=\"{&quot;cta&quot;:{&quot;action&quot;:&quot;https:\\\/\\\/moncompte.actu.fr&quot;,&quot;category&quot;:&quot;mon compte&quot;,&quot;from&quot;:&quot;article footer&quot;,&quot;name&quot;:&quot;Mon actu&quot;,&quot;type&quot;:&quot;cta&quot;}}\" target=\"_blank\">Mon Actu<\/a>.<\/p>\n<p>                    <script async src=\"\/\/www.tiktok.com\/embed.js\"><\/script><\/p>\n","protected":false},"excerpt":{"rendered":"Par Fabien Massin Publi\u00e9 le 6 d\u00e9c. 2025 \u00e0 12h48 Un toit dans un bureau, un open-space ou&hellip;\n","protected":false},"author":2,"featured_media":582075,"comment_status":"","ping_status":"","sticky":false,"template":"","format":"standard","meta":{"footnotes":""},"categories":[9587],"tags":[1111,11,1777,674,1011,27,1908,12,5161,25,9590,104,3400],"class_list":{"0":"post-582074","1":"post","2":"type-post","3":"status-publish","4":"format-standard","5":"has-post-thumbnail","7":"category-rouen","8":"tag-actu","9":"tag-actualites","10":"tag-eu","11":"tag-europe","12":"tag-fr","13":"tag-france","14":"tag-logement","15":"tag-news","16":"tag-normandie","17":"tag-republique-francaise","18":"tag-rouen","19":"tag-societe","20":"tag-solidarite"},"share_on_mastodon":{"url":"https:\/\/pubeurope.com\/@fr\/115672579181569553","error":""},"_links":{"self":[{"href":"https:\/\/www.europesays.com\/fr\/wp-json\/wp\/v2\/posts\/582074","targetHints":{"allow":["GET"]}}],"collection":[{"href":"https:\/\/www.europesays.com\/fr\/wp-json\/wp\/v2\/posts"}],"about":[{"href":"https:\/\/www.europesays.com\/fr\/wp-json\/wp\/v2\/types\/post"}],"author":[{"embeddable":true,"href":"https:\/\/www.europesays.com\/fr\/wp-json\/wp\/v2\/users\/2"}],"replies":[{"embeddable":true,"href":"https:\/\/www.europesays.com\/fr\/wp-json\/wp\/v2\/comments?post=582074"}],"version-history":[{"count":0,"href":"https:\/\/www.europesays.com\/fr\/wp-json\/wp\/v2\/posts\/582074\/revisions"}],"wp:featuredmedia":[{"embeddable":true,"href":"https:\/\/www.europesays.com\/fr\/wp-json\/wp\/v2\/media\/582075"}],"wp:attachment":[{"href":"https:\/\/www.europesays.com\/fr\/wp-json\/wp\/v2\/media?parent=582074"}],"wp:term":[{"taxonomy":"category","embeddable":true,"href":"https:\/\/www.europesays.com\/fr\/wp-json\/wp\/v2\/categories?post=582074"},{"taxonomy":"post_tag","embeddable":true,"href":"https:\/\/www.europesays.com\/fr\/wp-json\/wp\/v2\/tags?post=582074"}],"curies":[{"name":"wp","href":"https:\/\/api.w.org\/{rel}","templated":true}]}}