{"id":582080,"date":"2025-12-06T12:20:44","date_gmt":"2025-12-06T12:20:44","guid":{"rendered":"https:\/\/www.europesays.com\/fr\/582080\/"},"modified":"2025-12-06T12:20:44","modified_gmt":"2025-12-06T12:20:44","slug":"ex-directeur-dusines-soitec-francois-legalland-prend-la-direction-du-cea-de-grenoble","status":"publish","type":"post","link":"https:\/\/www.europesays.com\/fr\/582080\/","title":{"rendered":"ex-directeur d\u2019usines Soitec, Fran\u00e7ois Legalland prend la direction du CEA de Grenoble"},"content":{"rendered":"<p>Succ\u00e9dant \u00e0 Bruno Feignier, qui rejoint l\u2019\u00e9quipe d\u2019Anne-Isabelle Etienvre \u00e0 la t\u00eate du CEA, Fran\u00e7ois Legalland devient directeur du centre de Grenoble. Apr\u00e8s avoir dirig\u00e9 des usines Soitec, en France et aux Etats-Unis, il \u00e9tait directeur du CEA Liten, un laboratoire d\u00e9di\u00e9 aux \u00e9nergies nouvelles et aux nanomat\u00e9riaux.<\/p>\n<p class=\"c-paragraph\">Depuis le 1er d\u00e9cembre 2025, Fran\u00e7ois Legalland est le nouveau directeur du centre du Commissariat \u00e0 l\u2019\u00e9nergie atomique et aux \u00e9nergies alternatives (CEA) de Grenoble (Is\u00e8re). Il succ\u00e8de \u00e0 Bruno Feignier, nomm\u00e9 administrateur g\u00e9n\u00e9ral adjoint par Anne-Isabelle Etienvre, <a href=\"https:\/\/www.usinenouvelle.com\/article\/anne-isabelle-etienvre-un-parcours-d-excellence-au-c-ur-du-cea.N2236867\" rel=\"noopener\" target=\"_blank\">la nouvelle administratrice g\u00e9n\u00e9rale du CEA<\/a> nomm\u00e9e en juillet 2025. Depuis novembre 2020, Fran\u00e7ois Legalland \u00e9tait directeur de l\u2019institut Liten (Laboratoire d\u2019innovation pour les technologies des \u00e9nergies nouvelles et les nanomat\u00e9riaux), dont les bureaux sont situ\u00e9s au centre CEA de Grenoble.<\/p>\n<p class=\"c-paragraph\">Dipl\u00f4m\u00e9 de l\u2019Ecole Centrale de Lyon, Fran\u00e7ois Legalland a effectu\u00e9 la premi\u00e8re partie de sa carri\u00e8re dans l\u2019industrie. Il entre en 1997 chez IBM Microelectronics en tant qu\u2019ing\u00e9nieur proc\u00e9d\u00e9, puis \u00e9volue au sein d\u2019Altis Semiconductor, une ancienne co-entreprise entre IBM et Infineon cr\u00e9\u00e9e en 1999, comme chef de projet R&amp;D et chef de service ing\u00e9nierie. En 2003, il rejoint Wavecom, une entreprise sp\u00e9cialis\u00e9e dans les modules t\u00e9l\u00e9coms et les modems, en tant que responsable tests et packaging.<\/p>\n<p class=\"c-paragraph\">Il r\u00e9int\u00e8gre Altis Semiconductor en 2008 successivement comme directeur de production, directeur qualit\u00e9 et relation clients, puis directeur de la business unit charg\u00e9e des tests et du packaging. En 2011, Fran\u00e7ois Legalland devient vice-pr\u00e9sident des op\u00e9rations pour l\u2019\u00e9lectronique et directeur du site de Bernin (Is\u00e8re) de Soitec, puis vice-pr\u00e9sident charg\u00e9 du solaire (<a href=\"https:\/\/www.usinenouvelle.com\/article\/l-histoire-du-solaire-high-tech-de-soitec-victime-du-silicium-triomphant.N308720\" rel=\"noopener\" target=\"_blank\">un segment abandonn\u00e9 en 2015<\/a>) et directeur de l\u2019usine de San Diego, aux Etats-Unis.<\/p>\n<p>De l\u2019industrie \u00e0 la recherche<\/p>\n<p class=\"c-paragraph\">En 2015, Fran\u00e7ois Legalland bascule dans l\u2019univers de la recherche en \u00e9tant embauch\u00e9 au CEA comme chef de service cellules et mat\u00e9riaux photovolta\u00efques, et responsable de programme au sein de l\u2019institut Liten (\u200b1000\u200b\u200b \u200bchercheu\u200brs, techniciens et \u00e9quipes support\u200b\u200b, 200 doctorants et post-doctorants, 160 \u200bmillions d\u2019euros de budget annuel). Promu directeur de l\u2019industrialisation en 2018, il est nomm\u00e9 directeur d\u00e9l\u00e9gu\u00e9 aux op\u00e9rations en 2019, puis directeur du CEA Liten en novembre 2020. Il se sp\u00e9cialise, \u00e0 ce titre, sur la recherche et l\u2019innovation dans les technologies de l\u2019\u00e9nergie.<\/p>\n<p class=\"c-paragraph\">A Grenoble, le centre CEA, qui s\u2019\u00e9tend sur 67 hectares, compte 6000 personnes, dont 4500 employ\u00e9es par le Commissariat, et d\u00e9veloppe ses travaux autour de l\u2019\u00e9nergie, de la sant\u00e9 et de la communication \u00e0 travers des technologies telles que les nanotechnologies, les biotechnologies ou les batteries \u00e9lectriques.<\/p>\n","protected":false},"excerpt":{"rendered":"Succ\u00e9dant \u00e0 Bruno Feignier, qui rejoint l\u2019\u00e9quipe d\u2019Anne-Isabelle Etienvre \u00e0 la t\u00eate du CEA, Fran\u00e7ois Legalland devient directeur&hellip;\n","protected":false},"author":2,"featured_media":582081,"comment_status":"","ping_status":"","sticky":false,"template":"","format":"standard","meta":{"footnotes":""},"categories":[9566],"tags":[1111,11,2430,5204,13789,69350,1777,674,1011,27,2731,108,12,8145,959,25,5202],"class_list":{"0":"post-582080","1":"post","2":"type-post","3":"status-publish","4":"format-standard","5":"has-post-thumbnail","7":"category-grenoble","8":"tag-actu","9":"tag-actualites","10":"tag-auvergne-rhone-alpes","11":"tag-cea","12":"tag-dirigeants","13":"tag-elles-et-ils-font-lindustrie","14":"tag-eu","15":"tag-europe","16":"tag-fr","17":"tag-france","18":"tag-grenoble","19":"tag-isere","20":"tag-news","21":"tag-nomination","22":"tag-recherche","23":"tag-republique-francaise","24":"tag-technos-et-innovations"},"share_on_mastodon":{"url":"https:\/\/pubeurope.com\/@fr\/115672594706004551","error":""},"_links":{"self":[{"href":"https:\/\/www.europesays.com\/fr\/wp-json\/wp\/v2\/posts\/582080","targetHints":{"allow":["GET"]}}],"collection":[{"href":"https:\/\/www.europesays.com\/fr\/wp-json\/wp\/v2\/posts"}],"about":[{"href":"https:\/\/www.europesays.com\/fr\/wp-json\/wp\/v2\/types\/post"}],"author":[{"embeddable":true,"href":"https:\/\/www.europesays.com\/fr\/wp-json\/wp\/v2\/users\/2"}],"replies":[{"embeddable":true,"href":"https:\/\/www.europesays.com\/fr\/wp-json\/wp\/v2\/comments?post=582080"}],"version-history":[{"count":0,"href":"https:\/\/www.europesays.com\/fr\/wp-json\/wp\/v2\/posts\/582080\/revisions"}],"wp:featuredmedia":[{"embeddable":true,"href":"https:\/\/www.europesays.com\/fr\/wp-json\/wp\/v2\/media\/582081"}],"wp:attachment":[{"href":"https:\/\/www.europesays.com\/fr\/wp-json\/wp\/v2\/media?parent=582080"}],"wp:term":[{"taxonomy":"category","embeddable":true,"href":"https:\/\/www.europesays.com\/fr\/wp-json\/wp\/v2\/categories?post=582080"},{"taxonomy":"post_tag","embeddable":true,"href":"https:\/\/www.europesays.com\/fr\/wp-json\/wp\/v2\/tags?post=582080"}],"curies":[{"name":"wp","href":"https:\/\/api.w.org\/{rel}","templated":true}]}}