{"id":582086,"date":"2025-12-06T12:24:15","date_gmt":"2025-12-06T12:24:15","guid":{"rendered":"https:\/\/www.europesays.com\/fr\/582086\/"},"modified":"2025-12-06T12:24:15","modified_gmt":"2025-12-06T12:24:15","slug":"kehl-un-pieton-meurt-apres-avoir-ete-percute-par-une-voiture","status":"publish","type":"post","link":"https:\/\/www.europesays.com\/fr\/582086\/","title":{"rendered":"Kehl. Un pi\u00e9ton meurt apr\u00e8s avoir \u00e9t\u00e9 percut\u00e9 par une voiture"},"content":{"rendered":"<p>Un accident a eu lieu \u00e0 Kehl-Sundheim, vendredi 5 d\u00e9cembre dans la soir\u00e9e, \u00e0 19h35 environ : un homme de 74 ans, qui se d\u00e9pla\u00e7ait \u00e0 pied a \u00e9t\u00e9 renvers\u00e9 par une voiture. Selon nos informations, le pi\u00e9ton aurait voulu traverser la Daimlerstra\u00dfe (L75) quand il a \u00e9t\u00e9 percut\u00e9 par la BMW qui roulait en direction de Kehl.\u00a0<\/p>\n<p>Le pi\u00e9ton a succomb\u00e9 \u00e0 ses blessures, apr\u00e8s une tentative de r\u00e9animation infructueuse. L&rsquo;automobiliste de 75 ans, qui n&rsquo;a pas \u00e9t\u00e9 bless\u00e9 dans la collision, pourrait avoir \u00e9t\u00e9 alcoolis\u00e9. Une enqu\u00eate est en cours et un expert est charg\u00e9 de d\u00e9terminer les circonstances exactes de l&rsquo;accident.<\/p>\n<p>Les d\u00e9g\u00e2ts mat\u00e9riels s&rsquo;\u00e9l\u00e8vent \u00e0 environ 4000 euros. La L75 a d\u00fb \u00eatre enti\u00e8rement ferm\u00e9e \u00e0 la circulation pendant plusieurs heures.<\/p>\n","protected":false},"excerpt":{"rendered":"Un accident a eu lieu \u00e0 Kehl-Sundheim, vendredi 5 d\u00e9cembre dans la soir\u00e9e, \u00e0 19h35 environ : un&hellip;\n","protected":false},"author":2,"featured_media":582087,"comment_status":"","ping_status":"","sticky":false,"template":"","format":"standard","meta":{"footnotes":""},"categories":[2820],"tags":[119,1111,11,672,1777,674,274,107,1011,27,329,775,12,25,640],"class_list":{"0":"post-582086","1":"post","2":"type-post","3":"status-publish","4":"format-standard","5":"has-post-thumbnail","7":"category-strasbourg","8":"tag-accident","9":"tag-actu","10":"tag-actualites","11":"tag-allemagne","12":"tag-eu","13":"tag-europe","14":"tag-faits-divers-justice","15":"tag-fil-info","16":"tag-fr","17":"tag-france","18":"tag-france-monde","19":"tag-grand-est","20":"tag-news","21":"tag-republique-francaise","22":"tag-strasbourg"},"share_on_mastodon":{"url":"https:\/\/pubeurope.com\/@fr\/115672610768252312","error":""},"_links":{"self":[{"href":"https:\/\/www.europesays.com\/fr\/wp-json\/wp\/v2\/posts\/582086","targetHints":{"allow":["GET"]}}],"collection":[{"href":"https:\/\/www.europesays.com\/fr\/wp-json\/wp\/v2\/posts"}],"about":[{"href":"https:\/\/www.europesays.com\/fr\/wp-json\/wp\/v2\/types\/post"}],"author":[{"embeddable":true,"href":"https:\/\/www.europesays.com\/fr\/wp-json\/wp\/v2\/users\/2"}],"replies":[{"embeddable":true,"href":"https:\/\/www.europesays.com\/fr\/wp-json\/wp\/v2\/comments?post=582086"}],"version-history":[{"count":0,"href":"https:\/\/www.europesays.com\/fr\/wp-json\/wp\/v2\/posts\/582086\/revisions"}],"wp:featuredmedia":[{"embeddable":true,"href":"https:\/\/www.europesays.com\/fr\/wp-json\/wp\/v2\/media\/582087"}],"wp:attachment":[{"href":"https:\/\/www.europesays.com\/fr\/wp-json\/wp\/v2\/media?parent=582086"}],"wp:term":[{"taxonomy":"category","embeddable":true,"href":"https:\/\/www.europesays.com\/fr\/wp-json\/wp\/v2\/categories?post=582086"},{"taxonomy":"post_tag","embeddable":true,"href":"https:\/\/www.europesays.com\/fr\/wp-json\/wp\/v2\/tags?post=582086"}],"curies":[{"name":"wp","href":"https:\/\/api.w.org\/{rel}","templated":true}]}}