{"id":582088,"date":"2025-12-06T12:25:18","date_gmt":"2025-12-06T12:25:18","guid":{"rendered":"https:\/\/www.europesays.com\/fr\/582088\/"},"modified":"2025-12-06T12:25:18","modified_gmt":"2025-12-06T12:25:18","slug":"marche-de-noel-payant-transports-pas-chers-pour-seniors","status":"publish","type":"post","link":"https:\/\/www.europesays.com\/fr\/582088\/","title":{"rendered":"march\u00e9 de No\u00ebl payant, transports pas chers pour seniors"},"content":{"rendered":"<p>C\u2019est rarement un sujet politique. No\u00ebl, c\u2019est pourtant une industrie lourde \u00e0 Strasbourg. Et le candidat Insoumis l\u2019a bien compris avec une proposition qui a polaris\u00e9 les d\u00e9bats cette semaine.<\/p>\n<p>  L\u2019histoire de la semaine<\/p>\n<p>C\u2019est de fait <a href=\"https:\/\/www.dna.fr\/economie\/2025\/12\/02\/surtourisme-au-marche-de-noel-de-strasbourg-lfi-propose-une-entree-payante-les-week-ends\" target=\"_blank\" rel=\"noopener\">la proposition de Florian Kobryn<\/a> , t\u00eate de liste LFI, pour r\u00e9guler l\u2019affluence au march\u00e9 de No\u00ebl de Strasbourg\u00a0: \u00ab\u00a0Une entr\u00e9e payante le week-end pour les visiteurs hors eurom\u00e9tropole\u00a0\u00bb. On est au-del\u00e0 du pav\u00e9 dans la mare.<\/p>\n<p>Mais l\u2019id\u00e9e ne tombe pas du ciel. Elle proc\u00e8de d\u2019un double constat. C\u00f4t\u00e9 \u00ab\u00a0surtourisme\u00a0\u00bb, le succ\u00e8s de l\u2019\u00e9v\u00e9nement rend le centre-ville \u00ab\u00a0impraticable\u00a0\u00bb et accentue \u00ab\u00a0la crise du logement\u00a0\u00bb, du fait du d\u00e9veloppement des meubl\u00e9s de tourisme au d\u00e9triment de la location classique. C\u00f4t\u00e9 solidarit\u00e9, \u00ab\u00a0nous accueillons des touristes du monde entier alors m\u00eame que <a href=\"https:\/\/www.dna.fr\/societe\/2025\/12\/02\/familles-a-la-rue-des-mises-a-l-abri-salutaires-mais-encore-trop-peu-nombreuses\" target=\"_blank\" rel=\"noopener\">des enfants strasbourgeois dorment dans la rue<\/a> \u00a0\u00bb et \u00ab\u00a0que l\u2019expulsion des sans-abri de l\u2019hypercentre\u00a0\u00bb se fait \u00ab\u00a0en contradiction totale avec l\u2019esprit de No\u00ebl\u00a0\u00bb.<\/p>\n<p>Un ticket \u00e0 10\u00a0\u20ac valable tout le march\u00e9 et la gratuit\u00e9 maintenue pour les mineurs pourraient \u00ab\u00a0d\u00e9gager une marge budg\u00e9taire\u00a0\u00bb qu\u2019on pourrait \u00ab\u00a0reverser dans l\u2019h\u00e9bergement d\u2019urgence\u00a0\u00bb. Mesure clivante s\u2019il en est, mais au moins on fait de la politique. Attention\u00a0: sujet \u00e0 fort \u00ab\u00a0potentiel engueulade\u00a0\u00bb pour le r\u00e9veillon.<\/p>\n<p>Ce contenu est bloqu\u00e9 car vous n&rsquo;avez pas accept\u00e9 les cookies et autres traceurs.<\/p>\n<p>En cliquant sur \u00ab J\u2019accepte \u00bb, les cookies et autres traceurs seront d\u00e9pos\u00e9s et vous pourrez visualiser les contenus  (<a href=\"\" class=\"consentModule_policy\" target=\"_blank\" title=\"Consulter la politique de protection des donn\u00e9es du fournisseur\">plus d&rsquo;informations<\/a>).<\/p>\n<p>En cliquant sur \u00ab J\u2019accepte tous les cookies \u00bb, vous autorisez des d\u00e9p\u00f4ts de cookies et autres traceurs pour le stockage de vos donn\u00e9es sur nos sites et applications \u00e0 des fins de personnalisation et de ciblage publicitaire.<\/p>\n<p class=\"consentModule_secondaryText\">Vous gardez la possibilit\u00e9 de retirer votre consentement \u00e0 tout moment en consultant notre <a href=\"https:\/\/www.dna.fr\/protection-des-donnees\" target=\"_blank\" title=\"Consulter notre politique de protection des donn\u00e9es\" rel=\"noopener\">politique de protection des donn\u00e9es<\/a>. <br \/>&#13;<br \/>\n            <a href=\"https:\/\/www.dna.fr\/insolite\/2025\/12\/06\/javascript:Didomi.notice.show()\" class=\"consentModule_cmp\" target=\"_blank\" rel=\"noopener\">G\u00e9rer mes choix<\/a>&#13;\n        <\/p>\n<p>&#13;<br \/>\n                        J&rsquo;accepte&#13;<br \/>\n            J&rsquo;accepte tous les cookies&#13;\n        <\/p>\n<p>  Le chiffre de la semaine<\/p>\n<p>1\u00a0\u20ac, c\u2019est le prix de l\u2019abonnement CTS que <a href=\"https:\/\/www.dna.fr\/elections\/2025\/12\/05\/vetter-(lr)-propose-un-abonnement-cts-a-1-euro-par-mois-pour-les-plus-de-65-ans\" target=\"_blank\" rel=\"noopener\">Jean-Philippe Vetter propose pour les 65 ans<\/a> et plus de la m\u00e9tropole. Pour \u00ab\u00a0favoriser leur mobilit\u00e9, pr\u00e9server leur pouvoir d\u2019achat, lutter contre la solitude et encourager l\u2019usage des transports en commun\u00a0\u00bb. Chiffres \u00e0 l\u2019appui, le candidat LR finance la mesure \u00e0 3,9\u00a0millions d\u2019euros en tapant dans le budget comm\u2018 de la collectivit\u00e9, dans les d\u00e9penses de cabinet, dans les honoraires et le co\u00fbt des \u00e9tudes command\u00e9es \u00e0 des cabinets d\u2019audit ainsi que dans une cure d\u2019amaigrissement au niveau des directions g\u00e9n\u00e9rales.<\/p>\n<p>  La pol\u00e9mique de la semaine<\/p>\n<p>Deux militantes de Nemesis, collectif f\u00e9ministe d\u2019extr\u00eame-droite, sont venues de Paris pour <a href=\"https:\/\/www.dna.fr\/faits-divers-justice\/2025\/12\/03\/message-haineux-deploye-sur-la-facade-d-un-immeuble-de-la-place-kleber-la-police-intervient-pour-l-enlever\" target=\"_blank\" rel=\"noopener\">d\u00e9ployer place Kl\u00e9ber une banderole<\/a> \u00ab\u00a06\u00a0482 viols et tentatives de viol commis par des \u00e9trangers en 2024. Papa No\u00ebl remigre moi ces violeurs\u00a0\u00bb. Autant dire que les chiffres sont aussi inv\u00e9rifiables que trafiqu\u00e9s. Et qu\u2019au-del\u00e0, m\u00eame, l\u2019immense majorit\u00e9 des viols et tentatives de viol viennent du proche, du parent. Bref du semblable, pas de \u00ab\u00a0l\u2019autre\u00a0\u00bb. V\u00e9rit\u00e9 manifestement inaccessible \u00e0 l\u2019improbable groupuscule. Nous verrons ce que la justice fait de la chose, <a href=\"https:\/\/www.dna.fr\/p\/florian-kobryn\" target=\"_blank\" rel=\"noopener\">Florian Kobryn<\/a> (LFI) et <a href=\"https:\/\/www.dna.fr\/p\/sandra-regol\" target=\"_blank\" rel=\"noopener\">Sandra Regol<\/a> (\u00c9cologistes), d\u00e9put\u00e9 de la premi\u00e8re circo, annoncent avoir saisi la procureure.<\/p>\n<p>  L\u2019image de la semaine<\/p>\n<p>C\u2019est <a href=\"https:\/\/www.dna.fr\/p\/jeanne-barseghian\" target=\"_blank\" rel=\"noopener\">Jeanne Barseghian<\/a> qui passe pas loin du strike lors de l\u2019inauguration ce jeudi 4\u00a0d\u00e9cembre du bowling de l\u2019Orangerie. \u00c7a <a href=\"https:\/\/www.dna.fr\/faits-divers-justice\/2025\/12\/03\/message-haineux-deploye-sur-la-facade-d-un-immeuble-de-la-place-kleber-la-police-intervient-pour-l-enlever\" target=\"_blank\" rel=\"noopener\">ricane dans les commentaires sur TikTok<\/a> \u2013 \u00ab\u00a0Elle a fait pareil avec Strasbourg, elle a envoy\u00e9 un truc au hasard et elle a tout d\u00e9glingu\u00e9\u00a0\u00bb, dixit Tizi \u2013 mais quand m\u00eame.<\/p>\n","protected":false},"excerpt":{"rendered":"C\u2019est rarement un sujet politique. No\u00ebl, c\u2019est pourtant une industrie lourde \u00e0 Strasbourg. Et le candidat Insoumis l\u2019a&hellip;\n","protected":false},"author":2,"featured_media":582089,"comment_status":"","ping_status":"","sticky":false,"template":"","format":"standard","meta":{"footnotes":""},"categories":[2820],"tags":[1111,11,1984,2880,1777,674,107,1011,27,329,775,1757,2338,3539,12,316,1078,25,104,640,2879],"class_list":{"0":"post-582088","1":"post","2":"type-post","3":"status-publish","4":"format-standard","5":"has-post-thumbnail","7":"category-strasbourg","8":"tag-actu","9":"tag-actualites","10":"tag-conseil-municipal","11":"tag-edition-strasbourg","12":"tag-eu","13":"tag-europe","14":"tag-fil-info","15":"tag-fr","16":"tag-france","17":"tag-france-monde","18":"tag-grand-est","19":"tag-insolite","20":"tag-la-france-insoumise","21":"tag-les-ecologistes","22":"tag-news","23":"tag-politique","24":"tag-rassemblement-national","25":"tag-republique-francaise","26":"tag-societe","27":"tag-strasbourg","28":"tag-strasbourg-ville"},"share_on_mastodon":{"url":"https:\/\/pubeurope.com\/@fr\/115672614458232435","error":""},"_links":{"self":[{"href":"https:\/\/www.europesays.com\/fr\/wp-json\/wp\/v2\/posts\/582088","targetHints":{"allow":["GET"]}}],"collection":[{"href":"https:\/\/www.europesays.com\/fr\/wp-json\/wp\/v2\/posts"}],"about":[{"href":"https:\/\/www.europesays.com\/fr\/wp-json\/wp\/v2\/types\/post"}],"author":[{"embeddable":true,"href":"https:\/\/www.europesays.com\/fr\/wp-json\/wp\/v2\/users\/2"}],"replies":[{"embeddable":true,"href":"https:\/\/www.europesays.com\/fr\/wp-json\/wp\/v2\/comments?post=582088"}],"version-history":[{"count":0,"href":"https:\/\/www.europesays.com\/fr\/wp-json\/wp\/v2\/posts\/582088\/revisions"}],"wp:featuredmedia":[{"embeddable":true,"href":"https:\/\/www.europesays.com\/fr\/wp-json\/wp\/v2\/media\/582089"}],"wp:attachment":[{"href":"https:\/\/www.europesays.com\/fr\/wp-json\/wp\/v2\/media?parent=582088"}],"wp:term":[{"taxonomy":"category","embeddable":true,"href":"https:\/\/www.europesays.com\/fr\/wp-json\/wp\/v2\/categories?post=582088"},{"taxonomy":"post_tag","embeddable":true,"href":"https:\/\/www.europesays.com\/fr\/wp-json\/wp\/v2\/tags?post=582088"}],"curies":[{"name":"wp","href":"https:\/\/api.w.org\/{rel}","templated":true}]}}