{"id":582095,"date":"2025-12-06T12:29:21","date_gmt":"2025-12-06T12:29:21","guid":{"rendered":"https:\/\/www.europesays.com\/fr\/582095\/"},"modified":"2025-12-06T12:29:21","modified_gmt":"2025-12-06T12:29:21","slug":"laffaire-sala-pourrait-couter-120-me-au-fc-nantes","status":"publish","type":"post","link":"https:\/\/www.europesays.com\/fr\/582095\/","title":{"rendered":"L&rsquo;affaire Sala pourrait co\u00fbter 120 M\u20ac au FC Nantes !"},"content":{"rendered":"<p><strong>Cardiff City vient de publier un communiqu\u00e9 tr\u00e8s incisif \u00e0 l\u2019encontre du FC Nantes, alors qu\u2019aura lieu lundi une audience entre les deux clubs devant le tribunal de commerce suite au transfert d\u2019Emiliano Sala.<\/strong><\/p>\n<p>Fin janvier 2026, cela fera sept ans qu\u2019Emiliano Sala est mort dans un dramatique accident d\u2019avion. Sept ans au cours desquels le <a href=\"https:\/\/www.butfootballclub.fr\/1632896-fc-nantes-rc-lens-on-sait-si-la-beaujoire-menera-la-vie-dure-aux-canaris\/\" target=\"_blank\" rel=\"noopener\">FC Nantes<\/a> et Cardiff City se sont renvoy\u00e9s la responsabilit\u00e9 de son d\u00e9c\u00e8s et se sont attaqu\u00e9s sur tous les plans, judiciaires et \u00e9conomiques. Et le pire, c\u2019est que c\u2019est loin d\u2019\u00eatre fini ! Ce lundi 8 d\u00e9cembre aura lieu une audience au tribunal de commerce de Nantes entre les deux clubs. Le club gallois r\u00e9clame une grosse somme d\u2019argent aux <a href=\"https:\/\/www.butfootballclub.fr\/1632769-fc-nantes-waldemar-kita-pret-a-saisir-une-opportunite-xxl-pour-un-buteur-de-ligue-1\/\" target=\"_blank\" rel=\"noopener\">Canaris<\/a> au pr\u00e9texte que ses pr\u00e9tendus manquements dans le transfert lui ont co\u00fbt\u00e9 une rel\u00e9gation, une d\u00e9gradation de son image et plein d\u2019autres choses, expliqu\u00e9es dans un communiqu\u00e9 au vitriol publi\u00e9 sur son site.<\/p>\n<p>Cardiff r\u00e9clame 120 M\u20ac au FC Nantes !<\/p>\n<p>\u00ab\u00a0Cette audience marque une nouvelle \u00e9tape vers la r\u00e9v\u00e9lation de la v\u00e9rit\u00e9 sur cette affaire et pour le renforcement de la responsabilit\u00e9 dans le monde du football. Cette affaire ne vise pas \u00e0 nuire au football : elle vise \u00e0 prot\u00e9ger son int\u00e9grit\u00e9. Il s\u2019agit de garantir des standards plus \u00e9lev\u00e9s dans notre sport, en particulier en mati\u00e8re de transferts. C\u2019est une trag\u00e9die qui aurait pu \u2013 et d\u00fb \u2013 \u00eatre \u00e9vit\u00e9e si les personnes impliqu\u00e9es dans le transfert du c\u00f4t\u00e9 du FC Nantes n\u2019avaient pas eu recours aux services d\u2019un agent interdit d\u2019exercice, lequel a organis\u00e9 des vols ill\u00e9gaux pour conclure l\u2019accord.\u00a0\u00bb<\/p>\n<p>Cardiff a estim\u00e9 son pr\u00e9judice financier \u00e0 120 M\u20ac. Une somme \u00e9norme mais qui correspond aux gains de droits TV des clubs outre-Manche. Le souci, c\u2019est qu\u2019il s\u2019agit en d\u2019une somme sup\u00e9rieure \u00e0 la valeur du FC Nantes aujourd\u2019hui ! Si jamais le tribunal de commerce donnait raison \u00e0 Cardiff, la Maison Jaune serait en grand danger !<\/p>\n","protected":false},"excerpt":{"rendered":"Cardiff City vient de publier un communiqu\u00e9 tr\u00e8s incisif \u00e0 l\u2019encontre du FC Nantes, alors qu\u2019aura lieu lundi&hellip;\n","protected":false},"author":2,"featured_media":582096,"comment_status":"","ping_status":"","sticky":false,"template":"","format":"standard","meta":{"footnotes":""},"categories":[2818],"tags":[1111,11,448,1777,674,63,1011,27,66,3388,766,12,2636,25,10662],"class_list":{"0":"post-582095","1":"post","2":"type-post","3":"status-publish","4":"format-standard","5":"has-post-thumbnail","7":"category-nantes","8":"tag-actu","9":"tag-actualites","10":"tag-champions-league","11":"tag-eu","12":"tag-europe","13":"tag-football","14":"tag-fr","15":"tag-france","16":"tag-ligue-1","17":"tag-matchs","18":"tag-nantes","19":"tag-news","20":"tag-pays-de-la-loire","21":"tag-republique-francaise","22":"tag-transferts"},"share_on_mastodon":{"url":"https:\/\/pubeurope.com\/@fr\/115672630170870980","error":""},"_links":{"self":[{"href":"https:\/\/www.europesays.com\/fr\/wp-json\/wp\/v2\/posts\/582095","targetHints":{"allow":["GET"]}}],"collection":[{"href":"https:\/\/www.europesays.com\/fr\/wp-json\/wp\/v2\/posts"}],"about":[{"href":"https:\/\/www.europesays.com\/fr\/wp-json\/wp\/v2\/types\/post"}],"author":[{"embeddable":true,"href":"https:\/\/www.europesays.com\/fr\/wp-json\/wp\/v2\/users\/2"}],"replies":[{"embeddable":true,"href":"https:\/\/www.europesays.com\/fr\/wp-json\/wp\/v2\/comments?post=582095"}],"version-history":[{"count":0,"href":"https:\/\/www.europesays.com\/fr\/wp-json\/wp\/v2\/posts\/582095\/revisions"}],"wp:featuredmedia":[{"embeddable":true,"href":"https:\/\/www.europesays.com\/fr\/wp-json\/wp\/v2\/media\/582096"}],"wp:attachment":[{"href":"https:\/\/www.europesays.com\/fr\/wp-json\/wp\/v2\/media?parent=582095"}],"wp:term":[{"taxonomy":"category","embeddable":true,"href":"https:\/\/www.europesays.com\/fr\/wp-json\/wp\/v2\/categories?post=582095"},{"taxonomy":"post_tag","embeddable":true,"href":"https:\/\/www.europesays.com\/fr\/wp-json\/wp\/v2\/tags?post=582095"}],"curies":[{"name":"wp","href":"https:\/\/api.w.org\/{rel}","templated":true}]}}