{"id":582101,"date":"2025-12-06T12:32:13","date_gmt":"2025-12-06T12:32:13","guid":{"rendered":"https:\/\/www.europesays.com\/fr\/582101\/"},"modified":"2025-12-06T12:32:13","modified_gmt":"2025-12-06T12:32:13","slug":"un-homme-de-40-ans-condamne-a-toulouse","status":"publish","type":"post","link":"https:\/\/www.europesays.com\/fr\/582101\/","title":{"rendered":"un homme de 40 ans condamn\u00e9 \u00e0 Toulouse"},"content":{"rendered":"<p>                    Par<br \/>\n        <strong><br \/>\n            <a href=\"https:\/\/actu.fr\/auteur\/lea-afonso\" title=\"Consulter tous les articles de L\u00e9a Afonso\" target=\"_blank\" rel=\"noopener\">L\u00e9a Afonso<\/a><br \/>\n                    <\/strong><\/p>\n<p>        Publi\u00e9 le<\/p>\n<p>            6 d\u00e9c. 2025 \u00e0 13h20        <\/p>\n<p>Vols chez des personnes vuln\u00e9rables, vols aggrav\u00e9s, conduite sans permis, circulation sans assurance\u2026 La liste est longue. En l\u2019espace de seulement deux mois, entre ao\u00fbt et septembre\u00a02025, un <strong>homme de 40\u00a0ans<\/strong> a <strong>cumul\u00e9 une s\u00e9rie d\u2019infractions<\/strong> entre <a href=\"https:\/\/actu.fr\/occitanie\/saint-jean_31488\" target=\"_blank\" rel=\"noopener\">Saint-Jean<\/a> et <a href=\"https:\/\/actu.fr\/toulouse\/\" target=\"_blank\" rel=\"noopener\">Toulouse<\/a>. Il vient d\u2019\u00eatre condamn\u00e9. Voici ce que l\u2019on sait de l\u2019affaire.<\/p>\n<p>Une s\u00e9rie de vols ciblant des personnes vuln\u00e9rables<\/p>\n<p class=\" wall-content\">Tout commence le 4\u00a0ao\u00fbt 2025, \u00e0 Saint-Jean, au nord-est de Toulouse. Ce jour-l\u00e0, un <strong>premier vol est recens\u00e9.<\/strong> Les<strong> faits se r\u00e9p\u00e8tent<\/strong> ensuite le 21\u00a0ao\u00fbt, puis les 5, 6, 7, 18 et 30\u00a0septembre, toujours dans la m\u00eame commune.<\/p>\n<p class=\" wall-content\">Selon les premiers \u00e9l\u00e9ments de l\u2019enqu\u00eate, le mis en cause agissait en profitant de<strong> l\u2019\u00e9tat de vuln\u00e9rabilit\u00e9 de certaines victimes.<\/strong> Un mode op\u00e9ratoire qui se r\u00e9p\u00e8te presque syst\u00e9matiquement au fil des semaines. L\u2019homme, \u00e2g\u00e9 de 40\u00a0ans, n\u2019\u00e9tait pourtant pas connu de la justice jusqu\u2019alors.<\/p>\n<p>Une pluie d\u2019infractions en octobre<\/p>\n<p class=\" wall-content\">Mais la s\u00e9rie ne s\u2019arr\u00eate pas l\u00e0. Le 8\u00a0octobre 2025, les faits se multiplient en une seule journ\u00e9e\u2009:<\/p>\n<ul class=\" wall-content\">\n<li><strong>conduite sans permis<\/strong><\/li>\n<li><strong>circulation avec un v\u00e9hicule non assur\u00e9<\/strong><\/li>\n<li><strong>conduite sous l\u2019emprise de stup\u00e9fiants<\/strong><\/li>\n<li><strong>violences avec menace ou usage d\u2019une arme<\/strong><\/li>\n<li><strong>vol aggrav\u00e9\u2026<\/strong><\/li>\n<\/ul>\n<p>Vid\u00e9os : en ce moment sur Actu<\/p>\n<p class=\" wall-content\">Au total, <strong>15 infractions, dont 8 vols aggrav\u00e9s<\/strong>, sont retenues contre lui en seulement deux mois, confirme le parquet de Toulouse.<\/p>\n<p>Quatre ans de prison ferme<\/p>\n<p class=\" wall-content\">Interpell\u00e9 par les forces de l\u2019ordre, le quadrag\u00e9naire a \u00e9t\u00e9 pr\u00e9sent\u00e9 \u00e0 la justice. Il a \u00e9t\u00e9 condamn\u00e9 \u00e0 4\u00a0ans d\u2019emprisonnement ferme, avec maintien en d\u00e9tention, 150 et 300\u00a0euros d\u2019amende, 10\u00a0ans d\u2019interdiction du territoire fran\u00e7ais et 5\u00a0ans d\u2019interdiction de port d\u2019arme.<\/p>\n<p>Votre r\u00e9gion, votre actu !<\/p>\n<p>Recevez chaque jour les infos qui comptent pour vous.<\/p>\n<p>\t<a href=\"https:\/\/actu.fr\/newsletter\" class=\"ac-btn ac-btn--corner ac-btn--medium ac-btn--blue800\" target=\"_blank\" rel=\"noopener\">S&rsquo;incrire<\/a><\/p>\n<p class=\" wall-content\">Une sanction lourde au regard de la multiplicit\u00e9 et de la gravit\u00e9 des faits reproch\u00e9s.<\/p>\n<p class=\" wall-content\">Personnalisez votre actualit\u00e9 en ajoutant vos villes et m\u00e9dias en favori avec <a href=\"https:\/\/moncompte.actu.fr\" title=\"D\u00e9couvez Mon Actu\" rel=\"nofollow noopener\" data-trk=\"{&quot;cta&quot;:{&quot;action&quot;:&quot;https:\\\/\\\/moncompte.actu.fr&quot;,&quot;category&quot;:&quot;mon compte&quot;,&quot;from&quot;:&quot;article footer&quot;,&quot;name&quot;:&quot;Mon actu&quot;,&quot;type&quot;:&quot;cta&quot;}}\" target=\"_blank\">Mon Actu<\/a>.<\/p>\n","protected":false},"excerpt":{"rendered":"Par L\u00e9a Afonso Publi\u00e9 le 6 d\u00e9c. 2025 \u00e0 13h20 Vols chez des personnes vuln\u00e9rables, vols aggrav\u00e9s, conduite&hellip;\n","protected":false},"author":2,"featured_media":582102,"comment_status":"","ping_status":"","sticky":false,"template":"","format":"standard","meta":{"footnotes":""},"categories":[2816],"tags":[1111,11,1777,674,118,1011,27,12,2680,1072,25,2312],"class_list":{"0":"post-582101","1":"post","2":"type-post","3":"status-publish","4":"format-standard","5":"has-post-thumbnail","7":"category-toulouse","8":"tag-actu","9":"tag-actualites","10":"tag-eu","11":"tag-europe","12":"tag-faits-divers","13":"tag-fr","14":"tag-france","15":"tag-news","16":"tag-occitanie","17":"tag-police","18":"tag-republique-francaise","19":"tag-toulouse"},"share_on_mastodon":{"url":"https:\/\/pubeurope.com\/@fr\/115672642084183262","error":""},"_links":{"self":[{"href":"https:\/\/www.europesays.com\/fr\/wp-json\/wp\/v2\/posts\/582101","targetHints":{"allow":["GET"]}}],"collection":[{"href":"https:\/\/www.europesays.com\/fr\/wp-json\/wp\/v2\/posts"}],"about":[{"href":"https:\/\/www.europesays.com\/fr\/wp-json\/wp\/v2\/types\/post"}],"author":[{"embeddable":true,"href":"https:\/\/www.europesays.com\/fr\/wp-json\/wp\/v2\/users\/2"}],"replies":[{"embeddable":true,"href":"https:\/\/www.europesays.com\/fr\/wp-json\/wp\/v2\/comments?post=582101"}],"version-history":[{"count":0,"href":"https:\/\/www.europesays.com\/fr\/wp-json\/wp\/v2\/posts\/582101\/revisions"}],"wp:featuredmedia":[{"embeddable":true,"href":"https:\/\/www.europesays.com\/fr\/wp-json\/wp\/v2\/media\/582102"}],"wp:attachment":[{"href":"https:\/\/www.europesays.com\/fr\/wp-json\/wp\/v2\/media?parent=582101"}],"wp:term":[{"taxonomy":"category","embeddable":true,"href":"https:\/\/www.europesays.com\/fr\/wp-json\/wp\/v2\/categories?post=582101"},{"taxonomy":"post_tag","embeddable":true,"href":"https:\/\/www.europesays.com\/fr\/wp-json\/wp\/v2\/tags?post=582101"}],"curies":[{"name":"wp","href":"https:\/\/api.w.org\/{rel}","templated":true}]}}