{"id":582103,"date":"2025-12-06T12:33:16","date_gmt":"2025-12-06T12:33:16","guid":{"rendered":"https:\/\/www.europesays.com\/fr\/582103\/"},"modified":"2025-12-06T12:33:16","modified_gmt":"2025-12-06T12:33:16","slug":"toulouse-le-chateau-deau-et-linstitut-cervantes-au-programme-des-balades-de-la-saison-photo","status":"publish","type":"post","link":"https:\/\/www.europesays.com\/fr\/582103\/","title":{"rendered":"Toulouse. Le Ch\u00e2teau d\u2019Eau et l\u2019Institut Cervant\u00e8s au programme des balades de la Saison Photo"},"content":{"rendered":"<p>&#13;&#13;<br \/>\n        &#13;&#13;<br \/>\n&#13;&#13;<br \/>\n        &#13;<br \/>\n&#13;&#13;<\/p>\n<p>            <a href=\"https:\/\/www.europesays.com\/fr\/wp-content\/uploads\/2025\/12\/chateau-article.jpg\"><img fetchpriority=\"high\" decoding=\"async\" class=\"wp-image-50504\" src=\"https:\/\/www.europesays.com\/fr\/wp-content\/uploads\/2025\/12\/chateau-article.jpg\" alt=\"Toulouse. Le Ch\u00e2teau d\u2019Eau et l\u2019Institut Cervant\u00e8s au programme des balades de la Saison Photoctheocombes\/dr\" width=\"600\" height=\"400\"  \/><\/a>Toulouse. Le Ch\u00e2teau d\u2019Eau et l\u2019Institut Cervant\u00e8s au programme des balades de la Saison Photo<br \/>ctheocombes\/dr<\/p>\n<p><strong>Un \u00e9v\u00e8nement original pour d\u00e9couvrir \u00e0 pied quelques-uns des lieux labellis\u00e9s de la Saison Photo 2025 en compagnie d\u2019un m\u00e9diateur culturel. Au programme de la session du 12 d\u00e9cembre :<\/strong><\/p>\n<p>Le Ch\u00e2teau d\u2019Eau \u2013 exposition Sophie Z\u00e9non. L\u2019humus du monde.<\/p>\n<p>Sophie Z\u00e9non est une figure de la <a href=\"https:\/\/www.toulouseinfos.fr\/actualites\/culture\/68367-chateau-eau-musee-augustins.html\" target=\"_blank\" rel=\"noopener\">photographie contemporaine<\/a>. Une plong\u00e9e artistique dans l\u2019univers po\u00e9tique et sensible de cette artiste marquera le d\u00e9but d\u2019un nouveau chapitre pour ce lieu embl\u00e9matique.<\/p>\n<p>Institut Cervantes. Benito Rom\u00e1n \u2013 La d\u00e9cennie prodigieuse (1975-1985)<\/p>\n<p>Ces images du photojournaliste espagnol parcourent une Espagne o\u00f9 se c\u00f4toyaient les traditions profondes et une aspiration ardente \u00e0 entrer dans la modernit\u00e9, avec l\u2019enthousiasme suscit\u00e9 par la promulgation de la Constitution. Ce t\u00e9moignage graphique du changement sociopolitique de l\u2019Espagne relate le passage d\u2019une p\u00e9riode sombre de dictature \u00e0 une p\u00e9riode lumineuse, pleine d\u2019\u00e9motions d\u00e9mocratiques et festives.<\/p>\n<p>\u00a0<\/p>\n<p style=\"text-align: right;\">La r\u00e9daction<\/p>\n<p>        &#13;&#13;<br \/>\n&#13;&#13;<br \/>\n        &#13;&#13;<br \/>\n            &#13;<br \/>\n            &#13;<br \/>\n&#13;&#13;<br \/>\n            &#13;&#13;<br \/>\n&#13;&#13;<br \/>\n            &#13;<br \/>\n            Article pr\u00e9c\u00e9dent<a href=\"https:\/\/www.toulouseinfos.fr\/actualites\/culture\/68597-orchestre-capitole-2.html\" target=\"_blank\" rel=\"noopener\">Toulouse. Mahler, Sibelius et une cr\u00e9ation fran\u00e7aise pour l\u2019Orchestre du Capitole<\/a>&#13;<br \/>\n            &#13;<br \/>\n            &#13;<br \/>\n        &#13;&#13;<br \/>\n&#13;&#13;<\/p>\n","protected":false},"excerpt":{"rendered":"&#13;&#13; &#13;&#13; &#13;&#13; &#13; &#13;&#13; Toulouse. Le Ch\u00e2teau d\u2019Eau et l\u2019Institut Cervant\u00e8s au programme des balades de la&hellip;\n","protected":false},"author":2,"featured_media":582104,"comment_status":"","ping_status":"","sticky":false,"template":"","format":"standard","meta":{"footnotes":""},"categories":[2816],"tags":[1111,11,1777,674,1011,27,12,2680,25,2312],"class_list":{"0":"post-582103","1":"post","2":"type-post","3":"status-publish","4":"format-standard","5":"has-post-thumbnail","7":"category-toulouse","8":"tag-actu","9":"tag-actualites","10":"tag-eu","11":"tag-europe","12":"tag-fr","13":"tag-france","14":"tag-news","15":"tag-occitanie","16":"tag-republique-francaise","17":"tag-toulouse"},"share_on_mastodon":{"url":"https:\/\/pubeurope.com\/@fr\/115672647010399055","error":""},"_links":{"self":[{"href":"https:\/\/www.europesays.com\/fr\/wp-json\/wp\/v2\/posts\/582103","targetHints":{"allow":["GET"]}}],"collection":[{"href":"https:\/\/www.europesays.com\/fr\/wp-json\/wp\/v2\/posts"}],"about":[{"href":"https:\/\/www.europesays.com\/fr\/wp-json\/wp\/v2\/types\/post"}],"author":[{"embeddable":true,"href":"https:\/\/www.europesays.com\/fr\/wp-json\/wp\/v2\/users\/2"}],"replies":[{"embeddable":true,"href":"https:\/\/www.europesays.com\/fr\/wp-json\/wp\/v2\/comments?post=582103"}],"version-history":[{"count":0,"href":"https:\/\/www.europesays.com\/fr\/wp-json\/wp\/v2\/posts\/582103\/revisions"}],"wp:featuredmedia":[{"embeddable":true,"href":"https:\/\/www.europesays.com\/fr\/wp-json\/wp\/v2\/media\/582104"}],"wp:attachment":[{"href":"https:\/\/www.europesays.com\/fr\/wp-json\/wp\/v2\/media?parent=582103"}],"wp:term":[{"taxonomy":"category","embeddable":true,"href":"https:\/\/www.europesays.com\/fr\/wp-json\/wp\/v2\/categories?post=582103"},{"taxonomy":"post_tag","embeddable":true,"href":"https:\/\/www.europesays.com\/fr\/wp-json\/wp\/v2\/tags?post=582103"}],"curies":[{"name":"wp","href":"https:\/\/api.w.org\/{rel}","templated":true}]}}