{"id":582105,"date":"2025-12-06T12:34:13","date_gmt":"2025-12-06T12:34:13","guid":{"rendered":"https:\/\/www.europesays.com\/fr\/582105\/"},"modified":"2025-12-06T12:34:13","modified_gmt":"2025-12-06T12:34:13","slug":"pour-le-jour-du-seigneur-la-messe-televisee-tournee-en-direct-a-luniversite-catholique-de-lille-dimanche","status":"publish","type":"post","link":"https:\/\/www.europesays.com\/fr\/582105\/","title":{"rendered":"Pour \u00ab\u00a0Le Jour du Seigneur\u00a0\u00bb, la messe t\u00e9l\u00e9vis\u00e9e tourn\u00e9e en direct \u00e0 l&rsquo;Universit\u00e9 catholique de Lille dimanche"},"content":{"rendered":"<p>                    Par<br \/>\n        <strong><br \/>\n            <a href=\"https:\/\/actu.fr\/auteur\/annesophie-2\" title=\"Consulter tous les articles de Anne-Sophie Hourdeaux\" target=\"_blank\" rel=\"noopener\">Anne-Sophie Hourdeaux<\/a><br \/>\n                    <\/strong><\/p>\n<p>        Publi\u00e9 le<\/p>\n<p>            6 d\u00e9c. 2025 \u00e0 12h42        <\/p>\n<p><b>Dimanche 7 d\u00e9cembre \u00e0 11 h, France 2 diffusera,<\/b> pour la 3e fois depuis 1977, <b>s<\/b><b>a messe t\u00e9l\u00e9vis\u00e9e \u00ab\u00a0Le Jour du Seigneur\u00a0\u00bb <\/b>en direct de<b> l\u2019<a href=\"https:\/\/actu.fr\/tag\/universite-catholique-de-lille\" target=\"_blank\" rel=\"noopener\">Universit\u00e9 catholique de Lille<\/a><\/b> et sa chapelle r\u00e9nov\u00e9e. 600 personnes y participeront. Le p\u00e8re Chares-Marie Rigail explique l\u2019organisation et ses attentes.<\/p>\n<p class=\" wall-content\">Imaginez un lieu d\u2019exception plong\u00e9 dans le noir, juste \u00e9clair\u00e9 par des dizaines de bougies, trop petit pour recevoir les participants, alors qu\u2019il compte 600 places assises ! Nous sommes \u00e0 la chapelle de l\u2019Universit\u00e9 catholique de Lille, et c\u2019est comme \u00e7a tous les mardis \u00e0 22 h.<\/p>\n<p>Avec les \u00e9tudiants et le personnel<\/p>\n<p class=\" wall-content\">Cette ambiance, la messe t\u00e9l\u00e9vis\u00e9e du \u00ab\u00a0Jour du Seigneur\u00a0\u00bb voulait la redonner sur petit \u00e9cran \u00e0 son horaire habituel, le dimanche \u00e0 11 h. Elle pose en effet ses cam\u00e9ras dans ce lieu dimanche 7 d\u00e9cembre. Impossible bien s\u00fbr d\u2019y reproduire l\u2019atmosph\u00e8re d\u2019une messe dans le noir \u00e9clair\u00e9e \u00e0 la bougie. Mais s\u2019il n\u2019y a pas la p\u00e9nombre pour les bougies, les \u00e9tudiants et personnel de la Catho seront au rendez-vous pour une messe tr\u00e8s jeune !<\/p>\n<p>    <img   decoding=\"async\" loading=\"lazy\" class=\"size-large\" src=\"https:\/\/www.europesays.com\/fr\/wp-content\/uploads\/2025\/12\/f4967c20b9296f8967c20b929dc967v-960x640.jpg\" alt=\"p\u00e8re charles-marie rigail\" width=\"960\" height=\"640\"\/><br \/>\n    Le p\u00e8re Charles-Marie Rigail est un des aum\u00f4niers de la Catho. Il pr\u00e9sidera la messe t\u00e9l\u00e9vis\u00e9e aux c\u00f4t\u00e9s du fr\u00e8re Franck Dubois, vice-recteur. \u00a9ASH\/Croix du Nord<\/p>\n<p class=\" wall-content\">Charles-Marie Rigail, aum\u00f4nier de la catho, sera le pr\u00e9sident de cette c\u00e9l\u00e9bration exceptionnelle. D\u2019autant plus exceptionnelle que le lieu n\u2019accueille jamais de messe dominicale. \u00ab Pour les 150\u00a0ans de la Catho, j\u2019avais fait une demande pour accueillir la messe t\u00e9l\u00e9vis\u00e9e voil\u00e0 un an \u00bb. Ce qui a facilit\u00e9 les choses, c\u2019est l\u2019arriv\u00e9e depuis septembre\u00a02025 d\u2019un dominicain, le fr\u00e8re Franck Dubois, comme vice-recteur d\u00e9l\u00e9gu\u00e9 aux Humanit\u00e9s.<\/p>\n<p class=\" wall-content\">C\u2019est lui qui fera la pr\u00e9dication de la messe t\u00e9l\u00e9 du 7 d\u00e9cembre. Rappelons que le \u00ab\u00a0Jour du Seigneur\u00a0\u00bb, plus ancienne \u00e9mission de la t\u00e9l\u00e9vision fran\u00e7aise (76 ans !) a \u00e9t\u00e9 fond\u00e9 et est toujours g\u00e9r\u00e9 par les dominicains.<\/p>\n<p>Pour ceux qui d\u00e9sesp\u00e8rent de l\u2019\u00c9glise<\/p>\n<p class=\" wall-content\">Pour le jeune pr\u00eatre ordonn\u00e9 en 2013, ce sera l\u2019occasion \u00ab de montrer que les jeunes vivent leur foi pleinement, surtout \u00e0 ceux qui d\u00e9sesp\u00e8rent d\u2019un renouvellement de l\u2019\u00c9glise. Personne ne sait que 800 jeunes participent chaque semaine \u00e0 la messe \u00e0 la bougie, l\u00e0, ce sera visible \u00bb.<\/p>\n<p>Votre r\u00e9gion, votre actu !<\/p>\n<p>Recevez chaque jour les infos qui comptent pour vous.<\/p>\n<p>\t<a href=\"https:\/\/actu.fr\/newsletter\" class=\"ac-btn ac-btn--corner ac-btn--medium ac-btn--blue800\" target=\"_blank\" rel=\"noopener\">S&rsquo;incrire<\/a><\/p>\n<blockquote class=\"ac-article-quote wall-content\">\n<p>Le but est de transmettre l\u2019esp\u00e9rance de la jeunesse. On a l\u2019impression que l\u2019\u00c9glise vieillit, mais des jeunes sont heureux de t\u00e9moigner de leur foi, sans \u00eatre \u2018identitaires\u2019.<\/p>\n<p>P\u00e8re Charles Rigail<\/p><\/blockquote>\n<p class=\" wall-content\">La chorale de la messe \u00e0 la bougie partagera \u00ab les chants que les jeunes aiment \u00bb, signale encore le p\u00e8re Rigail, \u00ab surtout les chants polyphoniques \u00e0 4 voix \u00bb. Il y aura des musiciens, mais moins que lors de la messe nocturne, \u00ab 5 au lieu de 15 \u00bb selon le cadre donn\u00e9 par l\u2019\u00e9quipe du \u00ab\u00a0Jour du Seigneur\u00a0\u00bb.<\/p>\n<p>Aum\u00f4nerie solidaire<br \/>\n    <img   decoding=\"async\" loading=\"lazy\" class=\"size-large\" src=\"https:\/\/www.europesays.com\/fr\/wp-content\/uploads\/2025\/12\/7f61005ca9296bf71005ca92986810v-960x640.jpg\" alt=\"foodtruck magdala\" width=\"960\" height=\"640\"\/><br \/>\n    Le food-truck de l\u2019association Magdala, avec des personnes en insertion, s\u2019installe sur le campus de la Catho plusieurs fois par semaine. \u00a9ASH\/Croix du Nord<\/p>\n<p class=\" wall-content\">Une petite pr\u00e9sentation de 3 minutes ouvrira la messe t\u00e9l\u00e9vis\u00e9e. On y verra trois acteurs de la Catho : \u00ab Jeanne est \u00e9tudiante, elle a \u00e9t\u00e9 baptis\u00e9e il y a 2 ans et est devenue pr\u00e9sidente de l\u2019aum\u00f4nerie. S\u0153ur Virginie, sal\u00e9sienne, est aum\u00f4nier de la Catho avec moi, elle pr\u00e9sentera tout ce qui fait l\u2019aum\u00f4nerie : les maraudes aupr\u00e8s des sans-abri, l\u2019aide aux devoirs, le cat\u00e9, les visites aux Ehpads, les repas solidaires\u2026 \u00c9tienne de Boisredon est le responsable patrimoine de l\u2019universit\u00e9, il expliquera le chantier de la chapelle, qui a permis de la r\u00e9nover. \u00bb<\/p>\n<p class=\" wall-content\">Ce sera l\u2019occasion de voir sur petit \u00e9cran la tr\u00e8s belle r\u00e9novation du lieu depuis 2021 !<\/p>\n<p>Le food-truck de Magdala aussi<\/p>\n<p class=\" wall-content\">L\u2019\u00e9mission de 30 minutes qui pr\u00e9c\u00e9dera la messe mettra en valeur l\u2019aspect solidaire de la Catho. <a href=\"https:\/\/actu.fr\/hauts-de-france\/lille_59350\/video-lille-frites-des-hommes-magdala-lance-food-truck-la-catho_28301965.html\" target=\"_blank\" rel=\"noopener\">Depuis 2020, l\u2019association d\u2019aide aux personnes \u00e0 la rue Magdala a lanc\u00e9 un food-truck employant du personnel en insertion. <\/a>\u00ab Ce camion de restauration s\u2019installe sur le campus de la Catho plusieurs fois par semaine ! \u00bb, rappelle le p\u00e8re Rigail.<\/p>\n<p class=\" wall-content\">Si vous voulez participer \u00e0 cette messe, l\u2019entr\u00e9e sera libre, mais l\u2019aum\u00f4nier rappelle que \u00ab les premiers invit\u00e9s sont ceux qui fr\u00e9quentent le lieu habituellement, comme lorsque la messe t\u00e9l\u00e9vis\u00e9e se passe en paroisse \u00bb. Il invite plut\u00f4t les personnes \u00e0 regarder l\u2019\u00e9v\u00e9nement \u00e0 la t\u00e9l\u00e9, \u00ab car avec les jeunes et le personnel, la chapelle sera remplie tr\u00e8s vite \u00bb.<\/p>\n<p class=\" wall-content\">Ce sera la 3e fois que la chapelle accueille la messe t\u00e9l\u00e9vis\u00e9e depuis 1977.<\/p>\n<p class=\" wall-content\">Personnalisez votre actualit\u00e9 en ajoutant vos villes et m\u00e9dias en favori avec <a href=\"https:\/\/moncompte.actu.fr\" title=\"D\u00e9couvez Mon Actu\" rel=\"nofollow noopener\" data-trk=\"{&quot;cta&quot;:{&quot;action&quot;:&quot;https:\\\/\\\/moncompte.actu.fr&quot;,&quot;category&quot;:&quot;mon compte&quot;,&quot;from&quot;:&quot;article footer&quot;,&quot;name&quot;:&quot;Mon actu&quot;,&quot;type&quot;:&quot;cta&quot;}}\" target=\"_blank\">Mon Actu<\/a>.<\/p>\n","protected":false},"excerpt":{"rendered":"Par Anne-Sophie Hourdeaux Publi\u00e9 le 6 d\u00e9c. 2025 \u00e0 12h42 Dimanche 7 d\u00e9cembre \u00e0 11 h, France 2&hellip;\n","protected":false},"author":2,"featured_media":582106,"comment_status":"","ping_status":"","sticky":false,"template":"","format":"standard","meta":{"footnotes":""},"categories":[2815],"tags":[1111,11,1777,674,1011,27,811,1307,12,4020,25,104,252],"class_list":{"0":"post-582105","1":"post","2":"type-post","3":"status-publish","4":"format-standard","5":"has-post-thumbnail","7":"category-lille","8":"tag-actu","9":"tag-actualites","10":"tag-eu","11":"tag-europe","12":"tag-fr","13":"tag-france","14":"tag-hauts-de-france","15":"tag-lille","16":"tag-news","17":"tag-religion","18":"tag-republique-francaise","19":"tag-societe","20":"tag-television"},"share_on_mastodon":{"url":"https:\/\/pubeurope.com\/@fr\/115672651692863281","error":""},"_links":{"self":[{"href":"https:\/\/www.europesays.com\/fr\/wp-json\/wp\/v2\/posts\/582105","targetHints":{"allow":["GET"]}}],"collection":[{"href":"https:\/\/www.europesays.com\/fr\/wp-json\/wp\/v2\/posts"}],"about":[{"href":"https:\/\/www.europesays.com\/fr\/wp-json\/wp\/v2\/types\/post"}],"author":[{"embeddable":true,"href":"https:\/\/www.europesays.com\/fr\/wp-json\/wp\/v2\/users\/2"}],"replies":[{"embeddable":true,"href":"https:\/\/www.europesays.com\/fr\/wp-json\/wp\/v2\/comments?post=582105"}],"version-history":[{"count":0,"href":"https:\/\/www.europesays.com\/fr\/wp-json\/wp\/v2\/posts\/582105\/revisions"}],"wp:featuredmedia":[{"embeddable":true,"href":"https:\/\/www.europesays.com\/fr\/wp-json\/wp\/v2\/media\/582106"}],"wp:attachment":[{"href":"https:\/\/www.europesays.com\/fr\/wp-json\/wp\/v2\/media?parent=582105"}],"wp:term":[{"taxonomy":"category","embeddable":true,"href":"https:\/\/www.europesays.com\/fr\/wp-json\/wp\/v2\/categories?post=582105"},{"taxonomy":"post_tag","embeddable":true,"href":"https:\/\/www.europesays.com\/fr\/wp-json\/wp\/v2\/tags?post=582105"}],"curies":[{"name":"wp","href":"https:\/\/api.w.org\/{rel}","templated":true}]}}