{"id":582109,"date":"2025-12-06T12:36:20","date_gmt":"2025-12-06T12:36:20","guid":{"rendered":"https:\/\/www.europesays.com\/fr\/582109\/"},"modified":"2025-12-06T12:36:20","modified_gmt":"2025-12-06T12:36:20","slug":"a-marseille-les-nombreuses-propositions-de-la-murisserie-sur-le-cours-julien","status":"publish","type":"post","link":"https:\/\/www.europesays.com\/fr\/582109\/","title":{"rendered":"\u00c0 Marseille, les nombreuses propositions de la M\u00fbrisserie sur le cours Julien"},"content":{"rendered":"<p>Lieu multiforme install\u00e9 au 44 du cours Julien \u00e0 Marseille (6e), la M\u00fbrisserie accueille des espaces de coworking, des salles de concerts, d\u2019expo\u2026 Mais aussi, sous la houlette de L\u00e9a Simon, un resto et un bar.<\/p>\n<p>Ouvert du lundi au samedi d\u00e8s 9 h, on peut venir y boire le petit caf\u00e9 du matin, manger le midi, s\u2019offrir un go\u00fbter avec des p\u00e2tisseries fabriqu\u00e9es sur place (propositions vegan et sans gluten), boire un verre en mode afterwork et y manger le soir (du mardi au samedi, le lieu ferme \u00e0 17 h le lundi).<\/p>\n<p>Derri\u00e8re le zinc, Dylan Vidau propose cocktails et citronnade maison (10 \u20ac) et un petit choix de softs et de bi\u00e8res (contrat brasseur oblige, les mousses artisanales sont absentes pour l\u2019heure). \u00c0 la carte des vins, L\u00e9a Simon a s\u00e9lectionn\u00e9 des vins bio et sans sulfites ajout\u00e9s.<\/p>\n<p>On y croise les cuv\u00e9es de Jean-Beno\u00eet Comor \u00e0 <a href=\"https:\/\/www.instagram.com\/laprovidence13?utm_source=ig_web_button_share_sheet&amp;igsh=ZDNlZDc0MzIxNw==\" target=\"_blank\" rel=\"noopener\">La Providence<\/a> (Lambesc), celles de la famille <a href=\"https:\/\/www.domaine-richaud.fr\/\" target=\"_blank\" rel=\"noopener\">Richaud<\/a> (Cairanne), le p\u00e9tillant naturel alsacien du <a href=\"https:\/\/www.vins-lesfunambules.com\/\" target=\"_blank\" rel=\"noopener\">domaine des Funambules<\/a>, les vins languedociens d\u2019\u00c9douard Adam (domaine Mada)\u2026 \u00ab\u00a0On essaye d\u2019avoir des bouteilles qui aillent aussi bien aux gens habitu\u00e9s aux vins nature comme \u00e0 ceux qui le sont moins, et toujours \u00e0 un prix raisonnable\u00a0\u00bb, explique L\u00e9a Simon.<\/p>\n<p><strong>De 27 \u00e0 41 \u20ac la bouteille, de 3,50 \u00e0 6 \u20ac au verre.<\/strong><\/p>\n<p><script async src=\"\/\/www.instagram.com\/embed.js\"><\/script><\/p>\n","protected":false},"excerpt":{"rendered":"Lieu multiforme install\u00e9 au 44 du cours Julien \u00e0 Marseille (6e), la M\u00fbrisserie accueille des espaces de coworking,&hellip;\n","protected":false},"author":2,"featured_media":582110,"comment_status":"","ping_status":"","sticky":false,"template":"","format":"standard","meta":{"footnotes":""},"categories":[2814],"tags":[17,1111,11,703,251,1777,674,1011,27,151,884,69588,12,33859,21893,882,25,3356],"class_list":{"0":"post-582109","1":"post","2":"type-post","3":"status-publish","4":"format-standard","5":"has-post-thumbnail","7":"category-marseille","8":"tag-17","9":"tag-actu","10":"tag-actualites","11":"tag-cours","12":"tag-culture","13":"tag-eu","14":"tag-europe","15":"tag-fr","16":"tag-france","17":"tag-les","18":"tag-marseille","19":"tag-murisserie","20":"tag-news","21":"tag-nombreuses","22":"tag-propositions","23":"tag-provence-alpes-cote-dazur","24":"tag-republique-francaise","25":"tag-sur"},"share_on_mastodon":{"url":"https:\/\/pubeurope.com\/@fr\/115672657766278096","error":""},"_links":{"self":[{"href":"https:\/\/www.europesays.com\/fr\/wp-json\/wp\/v2\/posts\/582109","targetHints":{"allow":["GET"]}}],"collection":[{"href":"https:\/\/www.europesays.com\/fr\/wp-json\/wp\/v2\/posts"}],"about":[{"href":"https:\/\/www.europesays.com\/fr\/wp-json\/wp\/v2\/types\/post"}],"author":[{"embeddable":true,"href":"https:\/\/www.europesays.com\/fr\/wp-json\/wp\/v2\/users\/2"}],"replies":[{"embeddable":true,"href":"https:\/\/www.europesays.com\/fr\/wp-json\/wp\/v2\/comments?post=582109"}],"version-history":[{"count":0,"href":"https:\/\/www.europesays.com\/fr\/wp-json\/wp\/v2\/posts\/582109\/revisions"}],"wp:featuredmedia":[{"embeddable":true,"href":"https:\/\/www.europesays.com\/fr\/wp-json\/wp\/v2\/media\/582110"}],"wp:attachment":[{"href":"https:\/\/www.europesays.com\/fr\/wp-json\/wp\/v2\/media?parent=582109"}],"wp:term":[{"taxonomy":"category","embeddable":true,"href":"https:\/\/www.europesays.com\/fr\/wp-json\/wp\/v2\/categories?post=582109"},{"taxonomy":"post_tag","embeddable":true,"href":"https:\/\/www.europesays.com\/fr\/wp-json\/wp\/v2\/tags?post=582109"}],"curies":[{"name":"wp","href":"https:\/\/api.w.org\/{rel}","templated":true}]}}