{"id":582115,"date":"2025-12-06T12:39:14","date_gmt":"2025-12-06T12:39:14","guid":{"rendered":"https:\/\/www.europesays.com\/fr\/582115\/"},"modified":"2025-12-06T12:39:14","modified_gmt":"2025-12-06T12:39:14","slug":"metropole-de-lyon-voici-les-communes-qui-financent-la-maison-medicale-de-garde-de-louest-lyonnais","status":"publish","type":"post","link":"https:\/\/www.europesays.com\/fr\/582115\/","title":{"rendered":"M\u00e9tropole de Lyon. Voici les communes qui financent la maison m\u00e9dicale de garde de l\u2019ouest lyonnais"},"content":{"rendered":"<p>Ouverte depuis fin janvier\u00a02025, rue Victor-Hugo, la maison m\u00e9dicale de Garde (MMG) situ\u00e9e \u00e0 Tassin a bien trouv\u00e9 son rythme de croisi\u00e8re. Elle est le fruit du d\u00e9m\u00e9nagement et du regroupement des maisons de garde pr\u00e9c\u00e9demment situ\u00e9es avenue Barth\u00e9l\u00e9my-Buyer (5e) et place Valmy (9e) dont elle est \u00e9quidistante.<\/p>\n<p>\u00c0 lire aussi<\/p>\n<p>&gt;&gt; <a href=\"https:\/\/www.leprogres.fr\/politique\/2025\/06\/11\/une-maison-medicale-de-garde-a-ouvert-ses-portes-a-tassin-pour-14-communes-de-l-ouest-lyonnais\" target=\"_blank\" rel=\"noopener\">Une maison m\u00e9dicale de garde a ouvert ses portes pour 14 communes de l\u2019Ouest lyonnais<\/a><\/p>\n<p>Une participation des communes<\/p>\n<p>Comme l\u2019a expliqu\u00e9 le docteur Vincent Thibaut, m\u00e9decin g\u00e9n\u00e9raliste et pr\u00e9sident de l\u2019Association de promotion des Maisons m\u00e9dicales de garde lib\u00e9rales de Lyon (APMMGLL), \u00ab\u00a0le choix de cet endroit \u00e9tait d\u2019assurer un lieu s\u00e9curitaire, un confort de consultation avec une optimisation en regroupant deux m\u00e9decins dans des locaux neufs et \u00e0 proximit\u00e9 imm\u00e9diate de la pharmacie de l\u2019Horloge, ouverte aussi la nuit et&#8230;<\/p>\n","protected":false},"excerpt":{"rendered":"Ouverte depuis fin janvier\u00a02025, rue Victor-Hugo, la maison m\u00e9dicale de Garde (MMG) situ\u00e9e \u00e0 Tassin a bien trouv\u00e9&hellip;\n","protected":false},"author":2,"featured_media":582116,"comment_status":"","ping_status":"","sticky":false,"template":"","format":"standard","meta":{"footnotes":""},"categories":[1889],"tags":[1111,11,2430,3153,1777,674,1011,27,2428,12,25,71,20283,20284],"class_list":{"0":"post-582115","1":"post","2":"type-post","3":"status-publish","4":"format-standard","5":"has-post-thumbnail","7":"category-lyon","8":"tag-actu","9":"tag-actualites","10":"tag-auvergne-rhone-alpes","11":"tag-edition-ouest-lyonnais","12":"tag-eu","13":"tag-europe","14":"tag-fr","15":"tag-france","16":"tag-lyon","17":"tag-news","18":"tag-republique-francaise","19":"tag-sante","20":"tag-tassin-la-demi-lune","21":"tag-tassin-la-demi-lune-bassin"},"share_on_mastodon":{"url":"https:\/\/pubeurope.com\/@fr\/115672669456848184","error":""},"_links":{"self":[{"href":"https:\/\/www.europesays.com\/fr\/wp-json\/wp\/v2\/posts\/582115","targetHints":{"allow":["GET"]}}],"collection":[{"href":"https:\/\/www.europesays.com\/fr\/wp-json\/wp\/v2\/posts"}],"about":[{"href":"https:\/\/www.europesays.com\/fr\/wp-json\/wp\/v2\/types\/post"}],"author":[{"embeddable":true,"href":"https:\/\/www.europesays.com\/fr\/wp-json\/wp\/v2\/users\/2"}],"replies":[{"embeddable":true,"href":"https:\/\/www.europesays.com\/fr\/wp-json\/wp\/v2\/comments?post=582115"}],"version-history":[{"count":0,"href":"https:\/\/www.europesays.com\/fr\/wp-json\/wp\/v2\/posts\/582115\/revisions"}],"wp:featuredmedia":[{"embeddable":true,"href":"https:\/\/www.europesays.com\/fr\/wp-json\/wp\/v2\/media\/582116"}],"wp:attachment":[{"href":"https:\/\/www.europesays.com\/fr\/wp-json\/wp\/v2\/media?parent=582115"}],"wp:term":[{"taxonomy":"category","embeddable":true,"href":"https:\/\/www.europesays.com\/fr\/wp-json\/wp\/v2\/categories?post=582115"},{"taxonomy":"post_tag","embeddable":true,"href":"https:\/\/www.europesays.com\/fr\/wp-json\/wp\/v2\/tags?post=582115"}],"curies":[{"name":"wp","href":"https:\/\/api.w.org\/{rel}","templated":true}]}}