{"id":582117,"date":"2025-12-06T12:41:36","date_gmt":"2025-12-06T12:41:36","guid":{"rendered":"https:\/\/www.europesays.com\/fr\/582117\/"},"modified":"2025-12-06T12:41:36","modified_gmt":"2025-12-06T12:41:36","slug":"ile-de-france-cest-irreversible-pour-des-siecles-85-millions-pour-creer-une-foret-geante-sur-sept-communes-du-jamais-vu-depuis-louis-xiv","status":"publish","type":"post","link":"https:\/\/www.europesays.com\/fr\/582117\/","title":{"rendered":"\u00cele-de-France. \u00ab\u00a0C&rsquo;est irr\u00e9versible pour des si\u00e8cles\u00a0!\u00a0\u00bb 85\u00a0millions pour cr\u00e9er une for\u00eat g\u00e9ante sur sept communes, du jamais vu depuis Louis XIV"},"content":{"rendered":"<p class=\"app_entry_lead\">\n<p>                    <a title=\"\u00a0\u00a9\u00a0SIPA (publi\u00e9e le 05\/12\/2025)\" href=\"https:\/\/www.europesays.com\/fr\/wp-content\/uploads\/2025\/12\/83458806.jpg\" class=\"fancy\"><\/p>\n<p>                            <img loading=\"lazy\" decoding=\"async\" src=\"https:\/\/www.europesays.com\/fr\/wp-content\/uploads\/2025\/12\/83458806.jpg\" alt=\"\u00cele-de-France. &quot;C'est irr\u00e9versible pour des si\u00e8cles\u00a0!&quot; 85\u00a0millions pour cr\u00e9er une for\u00eat g\u00e9ante sur sept communes, du jamais vu depuis Louis XIV\" width=\"1500\" height=\"1125\"\/><\/p>\n<p>                    <\/a><\/p>\n<p>                Une immense for\u00eat de plus de 1\u00a0300\u00a0hectares prend forme dans le nord-parisien. Depuis la premi\u00e8re plantation il y a six ans, 703\u00a0000\u00a0arbres ou arbustes ont d\u00e9j\u00e0 \u00e9t\u00e9 mis en terre.<\/p>\n<p>Un projet titanesque. Depuis 2019, la for\u00eat de Maubuisson prend forme, elle s&rsquo;\u00e9tendra bient\u00f4t sur sept communes\u00a0et quelque 1 340 hectares. En effet, dans le cadre du Grand Paris, l&rsquo;Etat souhaitait reconvertir la plaine de Pierrelaye-Bessancourt &#8211; pollu\u00e9e aux m\u00e9taux lourds\u00a0apr\u00e8s un si\u00e8cle d&rsquo;\u00e9pandage par les eaux us\u00e9es de la Ville de Paris &#8211; en une immense for\u00eat.<\/p>\n<p>Aujourd&rsquo;hui, le\u00a0Syndicat mixte pour l&rsquo;am\u00e9nagement de la plaine de Pierrelaye-Bessancourt (Smapp) poursuit cet ambitieux projet de cr\u00e9er dans le Val-d&rsquo;Oise une nouvelle for\u00eat sur les communes de\u00a0Bessancourt,\u00a0Fr\u00e9pillon,\u00a0Herblay-sur-Seine,\u00a0M\u00e9ry-sur-Oise,\u00a0Pierrelaye,\u00a0Saint-Ouen-l&rsquo;Aum\u00f4ne\u00a0et\u00a0Taverny, \u00e0 25\u00a0kilom\u00e8tres de l&rsquo;agglom\u00e9ration parisienne. \u00ab\u00a0L&rsquo;objectif de cette plantation d&rsquo;envergure est d&rsquo;offrir aux g\u00e9n\u00e9rations futures un \u00e9crin naturel propice au d\u00e9veloppement de la biodiversit\u00e9, un v\u00e9ritable poumon vert en plein c\u0153ur\u00a0de l&rsquo;\u00cele-de-France\u00a0\u00bb, pr\u00e9cise le d\u00e9partement <a href=\"https:\/\/www.valdoise.fr\/229-la-foret-de-maubuisson.htm\" target=\"_blank\" rel=\"noopener\">Val-d&rsquo;Oise<\/a> sur son site officiel.<\/p>\n<p>Le syndicat est d\u00e9sormais \u00ab\u00a0propri\u00e9taire des trois-quarts de la surface, soit plus de 1\u00a0000\u00a0hectares. Sur les 4\u00a0052\u00a0parcelles priv\u00e9es de la plaine, il en reste encore 1\u00a0679\u00a0\u00e0 acqu\u00e9rir par voie amiable ou expropriation\u00a0\u00bb, r\u00e9v\u00e8le <a href=\"https:\/\/actu.fr\/ile-de-france\/herblay-sur-seine_95306\/val-doise-703-000-plants-mis-en-terre-depuis-2019-la-foret-de-maubuisson-avance_63524458.html\" target=\"_blank\" rel=\"noopener\">La Gazette Val-d&rsquo;Oise<\/a>. Le projet total est chiffr\u00e9 \u00e0 85 millions d&rsquo;euros mais c&rsquo;est \u00e9galement par son ampleur qu&rsquo;il impressionne. Du jamais vu depuis Colbert,\u00a0ministre de Louis XIV, avec son ordonnance de 1669.\u00a0\u00ab\u00a0Le but est \u00e0 notre port\u00e9e. L&rsquo;audace de ceux qui ont cru \u00e0 ce projet dans les ann\u00e9es 2010-2014\u00a0est devenue une r\u00e9alit\u00e9 irr\u00e9versible pour des si\u00e8cles\u00a0\u00bb, se f\u00e9licite le pr\u00e9sident du Smapp,\u00a0Bernard Tailly, dans les colonnes du journal local.<\/p>\n<p><img decoding=\"async\" alt=\"\" src=\"https:\/\/www.europesays.com\/fr\/wp-content\/uploads\/2025\/12\/83458815.jpg\"\/><\/p>\n<p>Dans le d\u00e9tail,\u00a0ce sont 30\u00a0essences diff\u00e9rentes d&rsquo;arbres qui sont plant\u00e9es. Parmi elles, on compte des \u00e9rables planes, des ch\u00eanes rouges d&rsquo;Am\u00e9rique, des cormiers, des bouleaux, des tilleuls ou encore des charmes.\u00a0Ces diff\u00e9rentes essences ont \u00e9t\u00e9 choisies pour maximiser le taux de survie des futurs arbres, la multiplicit\u00e9 des esp\u00e8ces permettant de pallier les potentielles attaques sanitaires. Un travail de longue haleine qui sert un projet taill\u00e9 pour le long terme, vou\u00e9 \u00e0 b\u00e9n\u00e9ficier \u00e0 la jeune g\u00e9n\u00e9ration. Pierre-Emmanuel Savatte, directeur de l&rsquo;agence territoriale \u00cele-de-France Ouest de l&rsquo;Office national des for\u00eats (Onf),\u00a0parle bien d&rsquo;un projet \u00ab\u00a0\u00e0 50 ans\u00a0\u00bb.<\/p>\n<p>Vendredi 28 novembre avait justement lieu la septi\u00e8me campagne de plantation de la for\u00eat de Maubuisson, \u00e0 Herblay-sur-Seine. Ici, \u00ab\u00a0le taux de survie, c&rsquo;est \u00e0 dire la reprise \u00e0 N+1, N+2\u00a0et N+5, est de 90 %, c&rsquo;est excellent\u00a0\u00bb, se r\u00e9jouit Pierre-Emmanuel Savatte, cit\u00e9 par le site d&rsquo;informations. Chaque ann\u00e9e, depuis le lancement du projet, environ 150 000 plants sont mis en terre au total. Depuis la premi\u00e8re plantation en 2019, \u00ab\u00a0703\u00a0000\u00a0arbres ou arbustes ont d\u00e9j\u00e0 \u00e9t\u00e9 mis en terre\u00a0\u00bb, abonde la Smapp. 240\u00a0000\u00a0nouveaux le seront d&rsquo;ici la fin de l&rsquo;hiver.<\/p>\n","protected":false},"excerpt":{"rendered":"Une immense for\u00eat de plus de 1\u00a0300\u00a0hectares prend forme dans le nord-parisien. Depuis la premi\u00e8re plantation il y&hellip;\n","protected":false},"author":2,"featured_media":582118,"comment_status":"","ping_status":"","sticky":false,"template":"","format":"standard","meta":{"footnotes":""},"categories":[1592],"tags":[1111,11,69589,51761,1777,674,51763,1011,27,662,51979,12,51767,626,25,104],"class_list":{"0":"post-582117","1":"post","2":"type-post","3":"status-publish","4":"format-standard","5":"has-post-thumbnail","7":"category-ile-de-france","8":"tag-actu","9":"tag-actualites","10":"tag-cms-linternaute-9373357","11":"tag-controller-content","12":"tag-eu","13":"tag-europe","14":"tag-format-papier","15":"tag-fr","16":"tag-france","17":"tag-ile-de-france","18":"tag-les-histoires-de-linternaute","19":"tag-news","20":"tag-parallaxeinfeed","21":"tag-paris","22":"tag-republique-francaise","23":"tag-societe"},"share_on_mastodon":{"url":"https:\/\/pubeurope.com\/@fr\/115672678700630474","error":""},"_links":{"self":[{"href":"https:\/\/www.europesays.com\/fr\/wp-json\/wp\/v2\/posts\/582117","targetHints":{"allow":["GET"]}}],"collection":[{"href":"https:\/\/www.europesays.com\/fr\/wp-json\/wp\/v2\/posts"}],"about":[{"href":"https:\/\/www.europesays.com\/fr\/wp-json\/wp\/v2\/types\/post"}],"author":[{"embeddable":true,"href":"https:\/\/www.europesays.com\/fr\/wp-json\/wp\/v2\/users\/2"}],"replies":[{"embeddable":true,"href":"https:\/\/www.europesays.com\/fr\/wp-json\/wp\/v2\/comments?post=582117"}],"version-history":[{"count":0,"href":"https:\/\/www.europesays.com\/fr\/wp-json\/wp\/v2\/posts\/582117\/revisions"}],"wp:featuredmedia":[{"embeddable":true,"href":"https:\/\/www.europesays.com\/fr\/wp-json\/wp\/v2\/media\/582118"}],"wp:attachment":[{"href":"https:\/\/www.europesays.com\/fr\/wp-json\/wp\/v2\/media?parent=582117"}],"wp:term":[{"taxonomy":"category","embeddable":true,"href":"https:\/\/www.europesays.com\/fr\/wp-json\/wp\/v2\/categories?post=582117"},{"taxonomy":"post_tag","embeddable":true,"href":"https:\/\/www.europesays.com\/fr\/wp-json\/wp\/v2\/tags?post=582117"}],"curies":[{"name":"wp","href":"https:\/\/api.w.org\/{rel}","templated":true}]}}