{"id":582125,"date":"2025-12-06T12:45:17","date_gmt":"2025-12-06T12:45:17","guid":{"rendered":"https:\/\/www.europesays.com\/fr\/582125\/"},"modified":"2025-12-06T12:45:17","modified_gmt":"2025-12-06T12:45:17","slug":"direct-challenge-cup-stade-francais-cardiff-paris-veut-bien-lancer-sa-campagne-face-a-des-gallois-en-forme-suivez-le-match-de-la-1e-journee","status":"publish","type":"post","link":"https:\/\/www.europesays.com\/fr\/582125\/","title":{"rendered":"Direct. Challenge Cup \u2013 Stade fran\u00e7ais \u2013 Cardiff\u00a0: Paris veut bien lancer sa campagne face \u00e0 des Gallois en forme\u2026 Suivez le match de la 1e journ\u00e9e"},"content":{"rendered":"<p>\n                Bonjour et bienvenue sur Rugbyrama pour suivre le direct comment\u00e9 de la rencontre qui oppose le Stade fran\u00e7ais \u00e0 Cardiff pour le compte de la 1e journ\u00e9e de Challenge Cup.\n            <\/p>\n<p>Pour sa premi\u00e8re rencontre de Challenge Cup cette saison, Paris voudra faire bonne figure et, en ce sens, alignera une \u00e9quipe plut\u00f4t comp\u00e9titive avec des joueurs de la trempe de Tanga, Marchant ou Abramishvili pour encadrer les jeunes Ibo ou\u00a0Asi.<\/p>\n<p>En face, se pr\u00e9sentera une \u00e9quipe de Cardiff qui r\u00e9alise une bonne premi\u00e8re partie de saison en URC et pointe dans les premi\u00e8res places de la division. Cet adversaire ne sera pas \u00e0 prendre \u00e0 la l\u00e9g\u00e8re.<\/p>\n<p>L\u2019arbitre de cette rencontre est Peter Martin.<\/p>\n","protected":false},"excerpt":{"rendered":"Bonjour et bienvenue sur Rugbyrama pour suivre le direct comment\u00e9 de la rencontre qui oppose le Stade fran\u00e7ais&hellip;\n","protected":false},"author":2,"featured_media":582126,"comment_status":"","ping_status":"","sticky":false,"template":"","format":"standard","meta":{"footnotes":""},"categories":[1888],"tags":[11,69590,1777,674,1011,27,12,626,25,68796],"class_list":{"0":"post-582125","1":"post","2":"type-post","3":"status-publish","4":"format-standard","5":"has-post-thumbnail","7":"category-paris","8":"tag-actualites","9":"tag-epcr-challenge-cup","10":"tag-eu","11":"tag-europe","12":"tag-fr","13":"tag-france","14":"tag-news","15":"tag-paris","16":"tag-republique-francaise","17":"tag-rugby-u00e0-xv"},"share_on_mastodon":{"url":"https:\/\/pubeurope.com\/@fr\/115672693126651249","error":""},"_links":{"self":[{"href":"https:\/\/www.europesays.com\/fr\/wp-json\/wp\/v2\/posts\/582125","targetHints":{"allow":["GET"]}}],"collection":[{"href":"https:\/\/www.europesays.com\/fr\/wp-json\/wp\/v2\/posts"}],"about":[{"href":"https:\/\/www.europesays.com\/fr\/wp-json\/wp\/v2\/types\/post"}],"author":[{"embeddable":true,"href":"https:\/\/www.europesays.com\/fr\/wp-json\/wp\/v2\/users\/2"}],"replies":[{"embeddable":true,"href":"https:\/\/www.europesays.com\/fr\/wp-json\/wp\/v2\/comments?post=582125"}],"version-history":[{"count":0,"href":"https:\/\/www.europesays.com\/fr\/wp-json\/wp\/v2\/posts\/582125\/revisions"}],"wp:featuredmedia":[{"embeddable":true,"href":"https:\/\/www.europesays.com\/fr\/wp-json\/wp\/v2\/media\/582126"}],"wp:attachment":[{"href":"https:\/\/www.europesays.com\/fr\/wp-json\/wp\/v2\/media?parent=582125"}],"wp:term":[{"taxonomy":"category","embeddable":true,"href":"https:\/\/www.europesays.com\/fr\/wp-json\/wp\/v2\/categories?post=582125"},{"taxonomy":"post_tag","embeddable":true,"href":"https:\/\/www.europesays.com\/fr\/wp-json\/wp\/v2\/tags?post=582125"}],"curies":[{"name":"wp","href":"https:\/\/api.w.org\/{rel}","templated":true}]}}