{"id":582135,"date":"2025-12-06T12:50:13","date_gmt":"2025-12-06T12:50:13","guid":{"rendered":"https:\/\/www.europesays.com\/fr\/582135\/"},"modified":"2025-12-06T12:50:13","modified_gmt":"2025-12-06T12:50:13","slug":"allemagne-investit-des-milliards-dans-la-modernisation-et-lextension-de-la-bundeswehr-business-am","status":"publish","type":"post","link":"https:\/\/www.europesays.com\/fr\/582135\/","title":{"rendered":"Allemagne investit des milliards dans la modernisation et l&rsquo;extension de la Bundeswehr &#8211; Business AM"},"content":{"rendered":"<p>Principaux renseignements<\/p>\n<ul class=\"wp-block-list\">\n<li><strong>L\u2019Allemagne pr\u00e9voit d\u2019investir plus de 2,5 milliards d\u2019euros dans la modernisation de son \u00e9quipement militaire.<\/strong><\/li>\n<li><strong>Cet investissement vise \u00e0 \u00e9quiper les soldats allemands d\u2019armes sophistiqu\u00e9es.<\/strong><\/li>\n<li><strong>L\u2019Allemagne souhaite augmenter les effectifs de son arm\u00e9e pour atteindre environ 460 000 soldats.<\/strong><\/li>\n<\/ul>\n<p>La commission parlementaire allemande charg\u00e9e du budget a donn\u00e9 son feu vert \u00e0 l\u2019achat de plus de 2,5 milliards d\u2019euros de nouveau mat\u00e9riel de d\u00e9fense, ce qui porte <a href=\"https:\/\/fr.businessam.be\/allemagne-renforce-sa-defense-avec-pres-de-3-milliards-deuros-de-contrats-dachat\/\" target=\"_blank\" rel=\"noreferrer noopener nofollow\">les d\u00e9penses pr\u00e9vues<\/a> pour le mat\u00e9riel militaire \u00e0 plus de 33 milliards d\u2019euros pour 2025, r\u00e9partis entre 73 grands projets.<\/p>\n<p>Modernisation<\/p>\n<p>Parmi les projets approuv\u00e9s figurent des am\u00e9liorations significatives de l\u2019arsenal de la Bundeswehr, notamment une augmentation de la commande de fusils d\u2019assaut G95, de nouveaux achats de missiles Joint Strike pour les futurs avions de combat F-35A et l\u2019int\u00e9gration de syst\u00e8mes de surveillance avanc\u00e9s aliment\u00e9s par l\u2019intelligence artificielle (IA).<\/p>\n<p>L\u2019approbation d\u2019URANOS AI, une plateforme innovante con\u00e7ue pour traiter de grandes quantit\u00e9s de donn\u00e9es de reconnaissance provenant de drones, de satellites et de stations radar le long du flanc est de l\u2019OTAN, illustre l\u2019int\u00e9r\u00eat croissant de l\u2019Allemagne pour le renseignement autonome sur le champ de bataille apr\u00e8s les observations faites pendant la guerre en Ukraine. URANOS AI sera d\u2019abord d\u00e9ploy\u00e9 au sein de la brigade blind\u00e9e 45 en Lituanie, avec des plans d\u2019int\u00e9gration finale dans toutes les brigades de l\u2019arm\u00e9e allemande.<\/p>\n<p>D\u2019autres approbations notables comprennent un contrat-cadre pour un grand nombre de drones de reconnaissance Aladin pour la surveillance \u00e0 courte distance, l\u2019achat de plus de 1 700 v\u00e9hicules militaires tout-terrain, et des remorques de transport lourd capables de d\u00e9placer des chars de combat principaux Leopard 2. Ces acquisitions soulignent l\u2019engagement de l\u2019Allemagne \u00e0 moderniser son \u00e9quipement et \u00e0 renforcer ses capacit\u00e9s logistiques.<\/p>\n<p>Expansion de la Bundeswehr<\/p>\n<p>Ces investissements substantiels s\u2019inscrivent dans le cadre d\u2019une strat\u00e9gie plus large visant \u00e0 accro\u00eetre consid\u00e9rablement les effectifs de la Bundeswehr pour les porter \u00e0 environ 460 000 personnes, dont 260 000 soldats d\u2019active. <\/p>\n<p>Le ministre de la D\u00e9fense <a href=\"https:\/\/fr.businessam.be\/lallemagne-va-tripler-ses-depenses-de-defense-dici-a-2029\/\" target=\"_blank\" rel=\"noreferrer noopener nofollow\">Boris Pistorius<\/a> a promis d\u2019augmenter les d\u00e9penses de d\u00e9fense \u00e0 3,5 pour cent du produit int\u00e9rieur brut (PIB) d\u2019ici \u00e0 2029, faisant ainsi de l\u2019Allemagne le leader europ\u00e9en en mati\u00e8re de d\u00e9penses militaires et montrant que le pays souhaite jouer un r\u00f4le plus important dans la s\u00e9curit\u00e9 europ\u00e9enne.<\/p>\n<p><a href=\"https:\/\/news.google.com\/publications\/CAowtseUCw?hl=fr&amp;gl=BE&amp;ceid=BE%3Afr\" target=\"_blank\" rel=\"nofollow noopener\">Suivez \u00e9galement Business AM sur Google Actualit\u00e9s<\/a><\/p>\n<p><a href=\"https:\/\/portalfr.businessam.be\/plans\/business-am-fr-offre-dete\/\" target=\"_blank\" rel=\"nofollow noopener\">Si vous souhaitez acc\u00e9der \u00e0 tous les articles, abonnez-vous ici!<\/a><\/p>\n","protected":false},"excerpt":{"rendered":"Principaux renseignements L\u2019Allemagne pr\u00e9voit d\u2019investir plus de 2,5 milliards d\u2019euros dans la modernisation de son \u00e9quipement militaire. Cet&hellip;\n","protected":false},"author":2,"featured_media":582136,"comment_status":"","ping_status":"","sticky":false,"template":"","format":"standard","meta":{"footnotes":""},"categories":[1587],"tags":[11,672,1804,7694,1805,554,1803,1777,674,1801,12,1802],"class_list":{"0":"post-582135","1":"post","2":"type-post","3":"status-publish","4":"format-standard","5":"has-post-thumbnail","7":"category-allemagne","8":"tag-actualites","9":"tag-allemagne","10":"tag-bundesrepublik-deutschland","11":"tag-bundeswehr","12":"tag-de","13":"tag-defense","14":"tag-deutschland","15":"tag-eu","16":"tag-europe","17":"tag-germany","18":"tag-news","19":"tag-republique-federale-dallemagne"},"share_on_mastodon":{"url":"https:\/\/pubeurope.com\/@fr\/115672712808046874","error":""},"_links":{"self":[{"href":"https:\/\/www.europesays.com\/fr\/wp-json\/wp\/v2\/posts\/582135","targetHints":{"allow":["GET"]}}],"collection":[{"href":"https:\/\/www.europesays.com\/fr\/wp-json\/wp\/v2\/posts"}],"about":[{"href":"https:\/\/www.europesays.com\/fr\/wp-json\/wp\/v2\/types\/post"}],"author":[{"embeddable":true,"href":"https:\/\/www.europesays.com\/fr\/wp-json\/wp\/v2\/users\/2"}],"replies":[{"embeddable":true,"href":"https:\/\/www.europesays.com\/fr\/wp-json\/wp\/v2\/comments?post=582135"}],"version-history":[{"count":0,"href":"https:\/\/www.europesays.com\/fr\/wp-json\/wp\/v2\/posts\/582135\/revisions"}],"wp:featuredmedia":[{"embeddable":true,"href":"https:\/\/www.europesays.com\/fr\/wp-json\/wp\/v2\/media\/582136"}],"wp:attachment":[{"href":"https:\/\/www.europesays.com\/fr\/wp-json\/wp\/v2\/media?parent=582135"}],"wp:term":[{"taxonomy":"category","embeddable":true,"href":"https:\/\/www.europesays.com\/fr\/wp-json\/wp\/v2\/categories?post=582135"},{"taxonomy":"post_tag","embeddable":true,"href":"https:\/\/www.europesays.com\/fr\/wp-json\/wp\/v2\/tags?post=582135"}],"curies":[{"name":"wp","href":"https:\/\/api.w.org\/{rel}","templated":true}]}}