{"id":582139,"date":"2025-12-06T12:52:33","date_gmt":"2025-12-06T12:52:33","guid":{"rendered":"https:\/\/www.europesays.com\/fr\/582139\/"},"modified":"2025-12-06T12:52:33","modified_gmt":"2025-12-06T12:52:33","slug":"moi-qui-ai-eu-5-20-au-bac-de-francais-lecrivain-aveyronnais-olivier-norek-entre-ministere-de-la-culture-et-vivement-dimanche","status":"publish","type":"post","link":"https:\/\/www.europesays.com\/fr\/582139\/","title":{"rendered":"Moi qui ai eu 5\/20 au bac de fran\u00e7ais\u00a0\u00bb : l&rsquo;\u00e9crivain aveyronnais Olivier Norek entre minist\u00e8re de la Culture et \u00ab\u00a0Vivement dimanche"},"content":{"rendered":"<p>\n                                                                L\u2019\u00e9crivain aubinois a re\u00e7u sa distinction de Chevalier des Arts et des Lettres, le 1er d\u00e9cembre au minist\u00e8re de la Culture. Quelques jours avant, il avait \u00e9t\u00e9 invit\u00e9 par Julien Clerc dans l\u2019\u00e9mission de Michel Drucker \u00ab\u00a0Vivement dimanche\u00a0\u00bb.\n                            <\/p>\n<p>Le 14 f\u00e9vrier dernier, l\u2019\u00e9crivain et sc\u00e9nariste aubinois Olivier Norek avait \u00e9t\u00e9 nomm\u00e9 Chevalier des Arts et des Lettres. Dans la foul\u00e9e, il avait re\u00e7u, en avril, le document officiel du minist\u00e8re de la Culture attestant de cette nomination. Il ne manquait plus que la remise de la distinction, compte tenu d\u2019un agenda tr\u00e8s rempli, en France comme en Europe, pour la promotion de son 8e roman multir\u00e9compens\u00e9 \u00ab\u00a0Les guerriers de l\u2019hiver\u00a0\u00bb (\u00e9ditions Michel Lafon). La c\u00e9r\u00e9monie officielle de remise s\u2019est d\u00e9roul\u00e9e, lundi 1er d\u00e9cembre au minist\u00e8re de la Culture o\u00f9 la ministre lui a \u00e9pingl\u00e9 la c\u00e9l\u00e8bre m\u00e9daille.<\/p>\n<p>Olivier Norek \u00e9tait entour\u00e9 de plusieurs de ses amis (Maxime Chattam, Alexis Laipsker, Nicolas Lebel, Am\u00e9lie Andrieux) de la Ligue de l\u2019imaginaire, un collectif d\u2019\u00e9crivains francophones.<\/p>\n<p>Rappelons que cet ordre honorifique r\u00e9compense \u00ab\u00a0les personnes qui se sont distingu\u00e9es par leurs cr\u00e9ations dans le domaine artistique ou litt\u00e9raire ou par la contribution qu\u2019elles ont apport\u00e9e au rayonnement des Arts et des Lettres en France et dans le monde\u00a0\u00bb.<\/p>\n<p>Olivier Norek nous avait dit en avril sa \u00ab\u00a0grande fiert\u00e9, car c\u2019est une reconnaissance, un aboutissement. Moi qui ai eu 5 sur 20 au Bac de fran\u00e7ais, qui \u00e9tait nul \u00e0 l\u2019\u00e9cole et qui ai eu le Bac au rattrapage, je n\u2019\u00e9tais pas du tout fait pour \u00e9crire. Et me voil\u00e0 dans une vie que j\u2019ai enti\u00e8rement gagn\u00e9e moi-m\u00eame\u00a0\u00bb.<\/p>\n<p>Aux c\u00f4t\u00e9s de Julien Clerc sur le plateau de Michel Drucker<\/p>\n<p>Une actualit\u00e9 charg\u00e9e pour Olivier Norek que l\u2019on a vu d\u00e9but novembre dans l\u2019\u00e9mission de Fr\u00e9d\u00e9ric Lopez \u00ab\u00a0Un dimanche \u00e0 la campagne\u00a0\u00bb sur France 2 ; puis le 23 novembre dernier, toujours sur France 2, dans la c\u00e9l\u00e8bre \u00e9mission de Michel Drucker \u00ab\u00a0Vivement dimanche\u00a0\u00bb o\u00f9 Olivier Norek avait \u00e9t\u00e9 invit\u00e9 par Julien Clerc, qui s\u2019est dit \u00ab\u00a0\u00e9norm\u00e9ment marqu\u00e9\u00a0\u00bb par la lecture des \u00ab\u00a0guerriers de l\u2019hiver\u00a0\u00bb.<\/p>\n<p>\u00ab\u00a0Ce livre qui parle d\u2019une guerre dont on a peu parl\u00e9, \u00e0 des r\u00e9sonances aujourd\u2019hui. Les Finlandais se sont battus contre les Russes avec une force incroyable. J\u2019ai choisi d\u2019inviter Olivier Norek car ce livre \u00e0 des r\u00e9sonances aujourd\u2019hui\u00a0\u00bb, a soulign\u00e9 le c\u00e9l\u00e8bre chanteur, tandis que Michel Drucker confiait lire \u00ab\u00a0Les guerriers de l\u2019hiver\u00a0\u00bb et de ne plus pouvoir l\u00e2cher le livre des mains. Michel Drucker rappelait aussi le carton d\u2019audience r\u00e9alis\u00e9 sur France 2 par la s\u00e9rie \u00ab\u00a0Surface\u00a0\u00bb, adaptation du roman \u00e9ponyme d\u2019Olivier Norek.<\/p>\n<p>Le bel hommage de l\u2019\u00e9crivain au chanteur<\/p>\n<p>Apr\u00e8s avoir \u00e9voqu\u00e9 les raisons pour lesquelles il a \u00e9crit \u00ab\u00a0Les guerriers de l\u2019hiver\u00a0\u00bb, l\u2019\u00e9crivain aubinois a saisi l\u2019occasion de l\u2019\u00e9mission pour rendre un bel hommage \u00e0 Julien Clerc.<\/p>\n<p>\u00ab\u00a0Je ne voulais pas quitter le canap\u00e9 rouge sans vous remercier. D\u00e9j\u00e0 d\u2019avoir compos\u00e9 la musique d\u2019Utile. Quand une chanson commence par \u00ab\u00a0\u00c0 quoi sert une chanson si elle est d\u00e9sarm\u00e9e ?\u00a0\u00bb, c\u2019est tellement beau qu\u2019on peut se dire qu\u2019\u00e0 ce moment-l\u00e0, on peut abandonner son piano, poser son stylo : on a contribu\u00e9 \u00e0 la beaut\u00e9 du monde\u2026 Vos chansons ont accompagn\u00e9 toute ma vie. Si un artiste ou un auteur comme moi est la somme de ce qu\u2019il a lu, de ce qu\u2019il a vu, de ce qu\u2019il a entendu, alors obligatoirement, il y a une partie de vous dans qui je suis, dans ma sensibilit\u00e9, dans mon \u00e9criture et dans mon roman, probablement, des atomes de vous. Merci. Parce que si vous n\u2019aviez pas chant\u00e9, j\u2019\u00e9crirais peut-\u00eatre diff\u00e9remment. Je suis particuli\u00e8rement honor\u00e9 de vous rencontrer et particuli\u00e8rement honor\u00e9 de savoir qu\u2019un jour, vous avez pos\u00e9 les yeux sur un de mes bouquins\u00a0\u00bb.<\/p>\n<p>L\u2019\u00e9mission \u00ab\u00a0Vivement dimanche\u00a0\u00bb peut \u00eatre revue en replay sur la plateforme <a href=\"http:\/\/france.tv\" target=\"_blank\" rel=\"nofollow noopener\">france.tv<\/a><\/p>\n","protected":false},"excerpt":{"rendered":"L\u2019\u00e9crivain aubinois a re\u00e7u sa distinction de Chevalier des Arts et des Lettres, le 1er d\u00e9cembre au minist\u00e8re&hellip;\n","protected":false},"author":2,"featured_media":582140,"comment_status":"","ping_status":"","sticky":false,"template":"","format":"standard","meta":{"footnotes":""},"categories":[1586],"tags":[11,18483,872,69132,1777,674,1779,1011,27,12,25,1778,364],"class_list":{"0":"post-582139","1":"post","2":"type-post","3":"status-publish","4":"format-standard","5":"has-post-thumbnail","7":"category-europe","8":"tag-actualites","9":"tag-aveyron","10":"tag-culture-et-loisirs","11":"tag-decazeville","12":"tag-eu","13":"tag-europe","14":"tag-european-union","15":"tag-fr","16":"tag-france","17":"tag-news","18":"tag-republique-francaise","19":"tag-ue","20":"tag-union-europeenne"},"share_on_mastodon":{"url":"https:\/\/pubeurope.com\/@fr\/115672720554678849","error":""},"_links":{"self":[{"href":"https:\/\/www.europesays.com\/fr\/wp-json\/wp\/v2\/posts\/582139","targetHints":{"allow":["GET"]}}],"collection":[{"href":"https:\/\/www.europesays.com\/fr\/wp-json\/wp\/v2\/posts"}],"about":[{"href":"https:\/\/www.europesays.com\/fr\/wp-json\/wp\/v2\/types\/post"}],"author":[{"embeddable":true,"href":"https:\/\/www.europesays.com\/fr\/wp-json\/wp\/v2\/users\/2"}],"replies":[{"embeddable":true,"href":"https:\/\/www.europesays.com\/fr\/wp-json\/wp\/v2\/comments?post=582139"}],"version-history":[{"count":0,"href":"https:\/\/www.europesays.com\/fr\/wp-json\/wp\/v2\/posts\/582139\/revisions"}],"wp:featuredmedia":[{"embeddable":true,"href":"https:\/\/www.europesays.com\/fr\/wp-json\/wp\/v2\/media\/582140"}],"wp:attachment":[{"href":"https:\/\/www.europesays.com\/fr\/wp-json\/wp\/v2\/media?parent=582139"}],"wp:term":[{"taxonomy":"category","embeddable":true,"href":"https:\/\/www.europesays.com\/fr\/wp-json\/wp\/v2\/categories?post=582139"},{"taxonomy":"post_tag","embeddable":true,"href":"https:\/\/www.europesays.com\/fr\/wp-json\/wp\/v2\/tags?post=582139"}],"curies":[{"name":"wp","href":"https:\/\/api.w.org\/{rel}","templated":true}]}}