{"id":582143,"date":"2025-12-06T12:55:19","date_gmt":"2025-12-06T12:55:19","guid":{"rendered":"https:\/\/www.europesays.com\/fr\/582143\/"},"modified":"2025-12-06T12:55:19","modified_gmt":"2025-12-06T12:55:19","slug":"lyon-les-commercants-tirent-la-langue-pendant-la-fete-des-lumieres-le-pire-week-end","status":"publish","type":"post","link":"https:\/\/www.europesays.com\/fr\/582143\/","title":{"rendered":"Lyon. Les commer\u00e7ants tirent la langue pendant la F\u00eate des Lumi\u00e8res : \u00ab\u00a0Le pire week-end\u00a0\u00bb"},"content":{"rendered":"<p>                    Par<br \/>\n        <strong><br \/>\n            <a href=\"https:\/\/actu.fr\/auteur\/nicolas-zaugra\" title=\"Consulter tous les articles de Nicolas Zaugra\" target=\"_blank\" rel=\"noopener\">Nicolas Zaugra<\/a><br \/>\n                    <\/strong><\/p>\n<p>        Publi\u00e9 le<\/p>\n<p>            6 d\u00e9c. 2025 \u00e0 9h08        <\/p>\n<p>\u00ab\u00a0On est sur un week-end o\u00f9 on a h\u00e2te que \u00e7a se termine\u00a0\u00bb : Johanna Benedetti, pr\u00e9sidente de l\u2019<strong>association commer\u00e7ante My Presqu\u2019\u00eele<\/strong> (la plus importante de <a href=\"https:\/\/actu.fr\/auvergne-rhone-alpes\/lyon_69123\" target=\"_blank\" rel=\"noopener\">Lyon<\/a> avec 500 commerces membres) n\u2019est pas tendre avec la <a href=\"https:\/\/actu.fr\/tag\/fete-des-lumieres-de-lyon\" target=\"_blank\" rel=\"noopener\">F\u00eate des Lumi\u00e8res<\/a> actuelle. Selon elle, le format sur quatre jours o\u00f9 2 millions de personnes se pressent dans le centre-ville de Lyon sur quatre soir\u00e9es pour assister \u00e0 des illuminations gratuites est<strong> \u00e0 bout de souffle<\/strong>. L\u2019organisation actuelle p\u00e8se trop sur les commer\u00e7ants et leur chiffre d\u2019affaires vingt jours avant No\u00ebl. Elle appelle \u00e0 compl\u00e8tement r\u00e9inventer le mod\u00e8le de la F\u00eate des Lumi\u00e8res\u2026<\/p>\n<p>\u00ab\u00a0Le pire week-end de l\u2019ann\u00e9e en p\u00e9riode de temps forts\u00a0\u00bb<\/p>\n<p class=\" wall-content\">Pour la pr\u00e9sidente de l\u2019association aussi commer\u00e7ante, le week-end de la F\u00eate des Lumi\u00e8res \u00ab\u00a0est le pire de l\u2019ann\u00e9e\u00a0\u00bb <strong>en mati\u00e8re de temps forts<\/strong> (soldes, Black Friday, p\u00e9riode de No\u00ebl). Selon elle, c\u2019est tr\u00e8s paradoxal puisque des centaines de milliers de personnes se pressent dans le centre de Lyon.<\/p>\n<blockquote class=\"ac-article-quote wall-content\">\n<p>On a fait une \u00e9tude sur 2024 pour comparer cette \u00e9dition sur les cinq pr\u00e9c\u00e9dentes \u00e9ditions, et elle a \u00e9t\u00e9 la pire en terme de retomb\u00e9es \u00e9conomiques pour le commerce du centre-ville. Cela fait r\u00e9fl\u00e9chir. <\/p>\n<p>    <strong>Johanna Benedetti, pr\u00e9sidente de l&rsquo;association commer\u00e7ante My Presqu&rsquo;\u00eele<\/strong>\n            <\/p><\/blockquote>\n<p class=\" wall-content\">Selon elle, les <strong>contraintes s\u00e9curitaires<\/strong> \u00ab\u00a0qui sont l\u00e9gitimes\u00a0\u00bb deviennent trop lourdes pour le commerce. \u00ab\u00a0Dans les pentes o\u00f9 il y a \u00e9norm\u00e9ment de portes d\u2019entr\u00e9es et de fouilles, les commerces ne travaillent pas du tout. Devant ma boutique, c\u2019est boucl\u00e9 d\u00e8s 16h avec des militaires en arme et des gendarmes partout, personne ne veut entrer dans une telle rue !\u00a0\u00bb, d\u00e9plore-t-elle.<\/p>\n<p>C\u2019est surtout le secteur du tourisme qui sourit<\/p>\n<p class=\" wall-content\">La pr\u00e9sidente de My Presqu\u2019\u00eele estime que les flux de la F\u00eate profitent uniquement aux h\u00f4teliers, restaurateurs et \u00e0 quelques activit\u00e9s touristiques. Mais pas aux autres commerces. \u00ab\u00a0Dans la p\u00e9riode actuelle, on a besoin de tous les week-ends de d\u00e9cembre pour travailler \u00e0 plein avant No\u00ebl\u00a0\u00bb, dit-elle.<\/p>\n<blockquote class=\"ac-article-quote wall-content\">\n<p>On pense que cette ann\u00e9e, la fr\u00e9quentation sera plut\u00f4t bonne puisque les premiers chiffres qui nous sont remont\u00e9s en termes de r\u00e9servation h\u00f4teli\u00e8re, notamment, sont 22% au-del\u00e0 de ce que nous avions vu l&rsquo;ann\u00e9e derni\u00e8re.<\/p>\n<p>    <strong>Gr\u00e9gory Doucet, maire de Lyon<\/strong>\n            <\/p><\/blockquote>\n<p>Votre r\u00e9gion, votre actu !<\/p>\n<p>Recevez chaque jour les infos qui comptent pour vous.<\/p>\n<p>\t<a href=\"https:\/\/actu.fr\/newsletter\" class=\"ac-btn ac-btn--corner ac-btn--medium ac-btn--blue800\" target=\"_blank\" rel=\"noopener\">S&rsquo;incrire<\/a><br \/>\n\u00ab\u00a0Il faut r\u00e9inventer la F\u00eate des Lumi\u00e8res\u00a0\u00bb<\/p>\n<p class=\" wall-content\">La repr\u00e9sentante des commer\u00e7ants estime qu\u2019<strong>on arrive \u00e0 la fin d\u2019un mod\u00e8le<\/strong>. \u00ab\u00a0La FDL est en train de s\u2019essouffler. La Presqu\u2019\u00eele se vide de ses salari\u00e9s, de ses habitants\u2026 c\u2019est aussi mauvais pour le commerce\u00a0\u00bb, dit-elle. \u00ab\u00a0D\u2019autres secteurs du centre sont aussi les grands oubli\u00e9s, comme Bellecour sud.\u00a0\u00bb<\/p>\n<p class=\" wall-content\">Johanna Benedetti appelle \u00e0 \u00ab\u00a0r\u00e9inventer\u00a0\u00bb compl\u00e8tement cette f\u00eate. \u00ab\u00a0Elle a retrouv\u00e9 son niveau de fr\u00e9quentation d\u2019avant Covid, mais les retomb\u00e9es pour le commerce ne sont pas bonnes.\u00a0\u00bb<\/p>\n<p>    <img   decoding=\"async\" loading=\"lazy\" src=\"https:\/\/www.europesays.com\/fr\/wp-content\/uploads\/2025\/12\/fete-des-lumieres-2023-perimetre-de-securite-rues-interdites-commercants-en-colere-oublies-dispositi.png\" alt=\"Tr\u00e8s commer\u00e7ante, la rue Puits-Gaillot est priv\u00e9e chaque ann\u00e9e du flot de visiteurs qui d\u00e9couvrent les illuminations de la F\u00eate des Lumi\u00e8res \u00e0 Lyon.\" width=\"960\" height=\"640\"\/><br \/>\n    Tr\u00e8s commer\u00e7ante, la rue Puits-Gaillot est priv\u00e9e chaque ann\u00e9e du flot de visiteurs et de clients qui d\u00e9couvrent les illuminations de la F\u00eate des Lumi\u00e8res \u00e0 Lyon. (\u00a9Th\u00e9o Zuili \/ actu Lyon)<\/p>\n<p class=\" wall-content\">Selon elle, il faut tout remettre \u00e0 plat et \u00ab\u00a0int\u00e9grer une r\u00e9flexion pour tout le mois de d\u00e9cembre\u00a0\u00bb. La commer\u00e7ante glisse l\u2019id\u00e9e <strong>d\u2019\u00e9taler des illuminations<\/strong> sur l\u2019ensemble du mois. \u00ab\u00a0Pourquoi pas des \u0153uvres visibles p\u00e9rennes, ouvrir \u00e0 d\u2019autres arrondissements qui sont oubli\u00e9s.\u00a0\u00bb<\/p>\n<p class=\" wall-content\">Les <a href=\"https:\/\/actu.fr\/auvergne-rhone-alpes\/lyon_69123\/lyon-fete-des-lumieres-sur-deux-semaines-le-projet-ambitieux-de-nathalie-perrin-gilbert_63525084.html\" target=\"_blank\" rel=\"noopener\">id\u00e9es avanc\u00e9es par la candidate \u00e0 la mairie Nathalie Perrin-Gilbert<\/a> sont \u00ab\u00a0\u00e0 entendre et \u00e9couter\u00a0\u00bb, affirme Johanna Benedetti. L\u2019ancienne adjointe \u00e0 la Culture propose une <strong>\u00e9dition de 15 jours<\/strong>, avec des \u0153uvres de la cit\u00e9 internationale \u00e0 Confluence.<\/p>\n<p>\u00ab\u00a0Un \u00e9v\u00e9nement froid\u00a0\u00bb, \u00ab\u00a0triste\u00a0\u00bb<\/p>\n<p class=\" wall-content\">Johanna Benedetti consid\u00e8re qu\u2019il est aussi urgent de tout revoir car l\u2019\u00e9v\u00e9nement est devenu \u00ab\u00a0froid\u00a0\u00bb, \u00ab\u00a0triste\u00a0\u00bb et a perdu \u00ab\u00a0son caract\u00e8re traditionnel\u00a0\u00bb.<\/p>\n<p class=\" wall-content\">Elle regrette que la municipalit\u00e9 actuelle ne se soit pas saisie de le <strong>transformer en profondeur<\/strong>. \u00ab\u00a0D\u00e8s la premi\u00e8re r\u00e9union il y a six ans lors d\u2019une assembl\u00e9e g\u00e9n\u00e9rale de My Presqu\u2019\u00eele, on a \u00e9voqu\u00e9 ce projet. On nous a r\u00e9pondu qu\u2019il n\u2019\u00e9tait pas question de toucher au format.\u00a0\u00bb<\/p>\n<p class=\" wall-content\">\u00ab\u00a0Il faut \u00e0 nouveau enchanter Lyon tout le mois de d\u00e9cembre\u00a0\u00bb, dit-elle. La campagne des municipales est en tout cas l\u2019occasion d\u2019en d\u00e9battre.<\/p>\n<p class=\" wall-content\">Outre les propositions de Nathalie Perrin-Gilbert, le candidat <a href=\"https:\/\/actu.fr\/auvergne-rhone-alpes\/lyon_69123\/lyon-jean-michel-aulas-l-interview-evenement-ses-promesses-exclusives-s-il-est-maire_63489342.html\" target=\"_blank\" rel=\"noopener\">Jean-Michel Aulas<\/a> a aussi promis dans une interview accord\u00e9e \u00e0 actu Lyon d\u2019augmenter nettement le budget de l\u2019\u00e9v\u00e9nement et d\u2019en faire \u00ab\u00a0une f\u00eate europ\u00e9enne, voire mondiale\u00a0\u00bb. Il n\u2019est pas entr\u00e9 dans les d\u00e9tails. Mais Fran\u00e7ois Gaillard, ancien grand patron du tourisme \u00e0 Lyon et soutien d\u2019Aulas, a d\u00e9j\u00e0 <a href=\"https:\/\/actu.fr\/auvergne-rhone-alpes\/lyon_69123\/fete-des-lumieres-a-lyon-l-ancien-patron-du-tourisme-sort-du-silence-et-regrette-un-aveu-d-echec_63460777.html\" target=\"_blank\" rel=\"noopener\">r\u00e9v\u00e9l\u00e9 quelques pistes de changements<\/a>.<\/p>\n<p class=\" wall-content\">Personnalisez votre actualit\u00e9 en ajoutant vos villes et m\u00e9dias en favori avec <a href=\"https:\/\/moncompte.actu.fr\" title=\"D\u00e9couvez Mon Actu\" rel=\"nofollow noopener\" data-trk=\"{&quot;cta&quot;:{&quot;action&quot;:&quot;https:\\\/\\\/moncompte.actu.fr&quot;,&quot;category&quot;:&quot;mon compte&quot;,&quot;from&quot;:&quot;article footer&quot;,&quot;name&quot;:&quot;Mon actu&quot;,&quot;type&quot;:&quot;cta&quot;}}\" target=\"_blank\">Mon Actu<\/a>.<\/p>\n","protected":false},"excerpt":{"rendered":"Par Nicolas Zaugra Publi\u00e9 le 6 d\u00e9c. 2025 \u00e0 9h08 \u00ab\u00a0On est sur un week-end o\u00f9 on a&hellip;\n","protected":false},"author":2,"featured_media":582144,"comment_status":"","ping_status":"","sticky":false,"template":"","format":"standard","meta":{"footnotes":""},"categories":[2],"tags":[11,215,33,48837,1011,27,12,25],"class_list":{"0":"post-582143","1":"post","2":"type-post","3":"status-publish","4":"format-standard","5":"has-post-thumbnail","7":"category-actualites","8":"tag-actualites","9":"tag-commerce","10":"tag-economie","11":"tag-fete-des-lumieres-de-lyon","12":"tag-fr","13":"tag-france","14":"tag-news","15":"tag-republique-francaise"},"share_on_mastodon":{"url":"https:\/\/pubeurope.com\/@fr\/115672733479430946","error":""},"_links":{"self":[{"href":"https:\/\/www.europesays.com\/fr\/wp-json\/wp\/v2\/posts\/582143","targetHints":{"allow":["GET"]}}],"collection":[{"href":"https:\/\/www.europesays.com\/fr\/wp-json\/wp\/v2\/posts"}],"about":[{"href":"https:\/\/www.europesays.com\/fr\/wp-json\/wp\/v2\/types\/post"}],"author":[{"embeddable":true,"href":"https:\/\/www.europesays.com\/fr\/wp-json\/wp\/v2\/users\/2"}],"replies":[{"embeddable":true,"href":"https:\/\/www.europesays.com\/fr\/wp-json\/wp\/v2\/comments?post=582143"}],"version-history":[{"count":0,"href":"https:\/\/www.europesays.com\/fr\/wp-json\/wp\/v2\/posts\/582143\/revisions"}],"wp:featuredmedia":[{"embeddable":true,"href":"https:\/\/www.europesays.com\/fr\/wp-json\/wp\/v2\/media\/582144"}],"wp:attachment":[{"href":"https:\/\/www.europesays.com\/fr\/wp-json\/wp\/v2\/media?parent=582143"}],"wp:term":[{"taxonomy":"category","embeddable":true,"href":"https:\/\/www.europesays.com\/fr\/wp-json\/wp\/v2\/categories?post=582143"},{"taxonomy":"post_tag","embeddable":true,"href":"https:\/\/www.europesays.com\/fr\/wp-json\/wp\/v2\/tags?post=582143"}],"curies":[{"name":"wp","href":"https:\/\/api.w.org\/{rel}","templated":true}]}}