{"id":582149,"date":"2025-12-06T13:00:14","date_gmt":"2025-12-06T13:00:14","guid":{"rendered":"https:\/\/www.europesays.com\/fr\/582149\/"},"modified":"2025-12-06T13:00:14","modified_gmt":"2025-12-06T13:00:14","slug":"coupe-davis-voici-dans-quelle-ville-bulgare-les-fans-belges-devront-se-rendre-en-fevrier-prochain","status":"publish","type":"post","link":"https:\/\/www.europesays.com\/fr\/582149\/","title":{"rendered":"Coupe Davis\u00a0: voici dans quelle ville bulgare les fans belges devront se rendre en f\u00e9vrier prochain"},"content":{"rendered":"<p class=\"ap-StoryElement ap-StoryElement--mb ap-StoryText\">La F\u00e9d\u00e9ration bulgare de tennis n&rsquo;a pas perdu de temps. <a href=\"https:\/\/www.dhnet.be\/sports\/tennis\/2025\/11\/23\/coupe-davis-2026-on-connait-ladversaire-de-la-belgique-au-premier-tour-des-qualifications-et-il-y-a-une-mauvaise-nouvelle-CJTZ5C7FABBUJLC4I5NXVPTTMI\/\" target=\"_self\" rel=\"noopener\">Moins de deux semaines apr\u00e8s le tirage au sort du premier tour des qualifications de la Coupe Davis<\/a>, elle a choisi son stade pour la rencontre face \u00e0 la Belgique.<\/p>\n<p class=\"ap-StoryElement ap-StoryElement--mb ap-StoryText\">Pour supporter les joueurs de Steve Darcis, les fans belges devront se rendre \u00e0 Plovdiv, deuxi\u00e8me ville de Bulgarie, situ\u00e9e \u00e0 environ 150 kilom\u00e8tres au sud-est de Sofia.<\/p>\n<p class=\"ap-StoryElement ap-StoryElement--mb ap-StoryText\">Les matchs se d\u00e9rouleront au Koludrama, hall omnisports en activit\u00e9 depuis 2015, pouvant accueillir jusqu&rsquo;\u00e0 6 000 spectateurs environ et abritant \u00e9galement un v\u00e9lodrome. \u00ab\u00a0Nous esp\u00e9rons remplir la salle et soutenir l&rsquo;\u00e9quipe bulgare\u00a0\u00bb, a d\u00e9clar\u00e9 le maire de Plovdiv, Kostadin Dimitrov, cit\u00e9 par l&rsquo;agence de presse nationale bulgare.<\/p>\n","protected":false},"excerpt":{"rendered":"La F\u00e9d\u00e9ration bulgare de tennis n&rsquo;a pas perdu de temps. Moins de deux semaines apr\u00e8s le tirage au&hellip;\n","protected":false},"author":2,"featured_media":582150,"comment_status":"","ping_status":"","sticky":false,"template":"","format":"standard","meta":{"footnotes":""},"categories":[1415],"tags":[38865,4178,68020,11170,1011,27,68021,68022,452,60,1467],"class_list":{"0":"post-582149","1":"post","2":"type-post","3":"status-publish","4":"format-standard","5":"has-post-thumbnail","7":"category-tennis","8":"tag-1-2","9":"tag-coupe-davis","10":"tag-davis-cup","11":"tag-demi-finale","12":"tag-fr","13":"tag-france","14":"tag-halve-finale","15":"tag-italia","16":"tag-italie","17":"tag-sports","18":"tag-tennis"},"share_on_mastodon":{"url":"https:\/\/pubeurope.com\/@fr\/115672752035031374","error":""},"_links":{"self":[{"href":"https:\/\/www.europesays.com\/fr\/wp-json\/wp\/v2\/posts\/582149","targetHints":{"allow":["GET"]}}],"collection":[{"href":"https:\/\/www.europesays.com\/fr\/wp-json\/wp\/v2\/posts"}],"about":[{"href":"https:\/\/www.europesays.com\/fr\/wp-json\/wp\/v2\/types\/post"}],"author":[{"embeddable":true,"href":"https:\/\/www.europesays.com\/fr\/wp-json\/wp\/v2\/users\/2"}],"replies":[{"embeddable":true,"href":"https:\/\/www.europesays.com\/fr\/wp-json\/wp\/v2\/comments?post=582149"}],"version-history":[{"count":0,"href":"https:\/\/www.europesays.com\/fr\/wp-json\/wp\/v2\/posts\/582149\/revisions"}],"wp:featuredmedia":[{"embeddable":true,"href":"https:\/\/www.europesays.com\/fr\/wp-json\/wp\/v2\/media\/582150"}],"wp:attachment":[{"href":"https:\/\/www.europesays.com\/fr\/wp-json\/wp\/v2\/media?parent=582149"}],"wp:term":[{"taxonomy":"category","embeddable":true,"href":"https:\/\/www.europesays.com\/fr\/wp-json\/wp\/v2\/categories?post=582149"},{"taxonomy":"post_tag","embeddable":true,"href":"https:\/\/www.europesays.com\/fr\/wp-json\/wp\/v2\/tags?post=582149"}],"curies":[{"name":"wp","href":"https:\/\/api.w.org\/{rel}","templated":true}]}}