{"id":582153,"date":"2025-12-06T13:05:16","date_gmt":"2025-12-06T13:05:16","guid":{"rendered":"https:\/\/www.europesays.com\/fr\/582153\/"},"modified":"2025-12-06T13:05:16","modified_gmt":"2025-12-06T13:05:16","slug":"salah-se-prend-un-nouveau-coup-de-pression","status":"publish","type":"post","link":"https:\/\/www.europesays.com\/fr\/582153\/","title":{"rendered":"Salah se prend un nouveau coup de pression"},"content":{"rendered":"<p>La d\u00e9fense du titre de Liverpool est<br \/>\ncompromise apr\u00e8s une s\u00e9rie catastrophique de six d\u00e9faites en 14<br \/>\nmatchs, les rel\u00e9guant \u00e0 la neuvi\u00e8me place du classement de Premier<br \/>\nLeague.<\/p>\n<p>Le capitaine des Reds, Virgil van Dijk, a fustig\u00e9 les cadres de<br \/>\nl\u2019\u00e9quipe, affirmant qu\u2019aucun d\u2019entre eux ne pouvait consid\u00e9rer sa<br \/>\nplace de titulaire comme acquise. Mo Salah a d\u00fb \u00eatre laiss\u00e9 sur le<br \/>\nbanc lors des deux derniers matchs de Liverpool et a \u00e9t\u00e9 averti que<br \/>\nses performances devaient imp\u00e9rativement s\u2019am\u00e9liorer.<\/p>\n<p><a href=\"https:\/\/www.football365.fr\/wp-content\/uploads\/se\/2025\/10\/ICONSPORT_274558_0014.jpg\" target=\"_blank\" rel=\"noopener\"><br \/>\n<img loading=\"lazy\" decoding=\"async\" aria-describedby=\"caption-attachment-10261083\" class=\"wp-image-10261083 size-full\" src=\"https:\/\/www.europesays.com\/fr\/wp-content\/uploads\/2025\/12\/ICONSPORT_274558_0014.jpg\" alt=\"\" width=\"1280\" height=\"670\"  \/><br \/>\n<\/a><\/p>\n<p id=\"caption-attachment-10261083\" class=\"wp-caption-text\">Les<br \/>\nReds connaissent un d\u00e9but de saison difficile.<\/p>\n<p>Liverpool a subi sept d\u00e9faites lors de ses dix derniers matchs<br \/>\ntoutes comp\u00e9titions confondues, une s\u00e9rie noire marqu\u00e9e notamment<br \/>\npar une lourde d\u00e9faite 4-1 \u00e0 domicile face au PSV Eindhoven en<br \/>\nLigue des Champions et une \u00e9limination 3-0 en Coupe de la Ligue<br \/>\ncontre Crystal Palace. Les performances de leur joueur vedette,<br \/>\nSalah, sont au c\u0153ur de ces difficult\u00e9s. La saison derni\u00e8re, il<br \/>\n\u00e9tait \u00e9lu Joueur de l\u2019Ann\u00e9e avec 29 buts et 18 passes d\u00e9cisives en<br \/>\nPremier League, mais cette saison, le joueur de 33 ans n\u2019a inscrit<br \/>\nque quatre buts et d\u00e9livr\u00e9 deux passes d\u00e9cisives en 13 apparitions<br \/>\nen championnat. Sa baisse de forme, conjugu\u00e9e \u00e0 un changement de<br \/>\nr\u00f4le sous les ordres d\u2019Arne Slot, l\u2019a conduit \u00e0 \u00eatre \u00e9cart\u00e9 du onze<br \/>\nde d\u00e9part pour les r\u00e9cents matchs contre West Ham et Sunderland. Il<br \/>\nn\u2019est plus que l\u2019ombre de lui-m\u00eame, peinant \u00e0 trouver son<br \/>\nefficacit\u00e9 devant le but et \u00e0 avoir un impact global, ce qui<br \/>\nrefl\u00e8te les probl\u00e8mes plus g\u00e9n\u00e9raux de l\u2019\u00e9quipe et son manque de<br \/>\ncoh\u00e9sion.<\/p>\n<p>Et bien que le capitaine Van Dijk soit convaincu que Salah<br \/>\nrestera un \u00e9l\u00e9ment important du club, il a exhort\u00e9 l\u2019ic\u00f4ne<br \/>\n\u00e9gyptienne \u00e0 \u00e9lever son niveau de jeu.<\/p>\n<p>Van Dijk : \u00ab J\u2019ai besoin de lui comme leader. \u00bb<\/p>\n<p>Van Dijk a d\u00e9clar\u00e9 : \u00ab On ne peut pas se permettre d\u2019\u00eatre<br \/>\nsur un pi\u00e9destal, chacun doit \u00eatre performant. Mo l\u2019a \u00e9t\u00e9 jusqu\u2019\u00e0<br \/>\npr\u00e9sent, mais le manager a pris cette d\u00e9cision lors des deux<br \/>\nderniers matchs. Nous voulons tous le meilleur pour le club. Je<br \/>\nsuis persuad\u00e9 que Mo restera un \u00e9l\u00e9ment cl\u00e9 de notre projet, car<br \/>\nc\u2019est un joueur exceptionnel qui l\u2019a prouv\u00e9 \u00e0 maintes reprises.<br \/>\nMais nous cherchons tous \u00e0 gagner en r\u00e9gularit\u00e9, et il a besoin que<br \/>\nnous soyons au top de notre forme, tout comme nous avons besoin de<br \/>\nlui. C\u2019est ce que nous essayons tous d\u2019atteindre. \u00bb<\/p>\n<p>Il a ajout\u00e9\u00a0: \u00ab\u00a0Il reste un joueur fantastique et<br \/>\nil ne faut pas oublier que son succ\u00e8s au sein du club n\u2019est pas le<br \/>\nfruit du hasard, et nous devons le respecter. J\u2019ai besoin de lui<br \/>\ncomme l\u2019un des leaders. Je ne suis pas inquiet. Il est d\u00e9\u00e7u, mais<br \/>\nc\u2019est tout \u00e0 fait normal. Si on n\u2019est pas d\u00e9\u00e7u de ne pas jouer deux<br \/>\nmatchs d\u2019affil\u00e9e, c\u2019est qu\u2019il y a un probl\u00e8me.\u00a0\u00bb<\/p>\n<p>EN BREF<\/p>\n<ul class=\"bloc_resume_post_list\">\n<li>Liverpool est en difficult\u00e9 apr\u00e8s avoir perdu six de ses 14<br \/>\npremiers matchs de Premier League, se retrouvant \u00e0 la neuvi\u00e8me<br \/>\nplace, avec Virgil van Dijk et Mo Salah comme figures centrales de<br \/>\nla crise.<\/li>\n<li>Les Reds ont subi sept d\u00e9faites en dix matchs toutes<br \/>\ncomp\u00e9titions confondues, avec Salah, qui a marqu\u00e9 seulement quatre<br \/>\nbuts en 13 matchs de championnat, \u00e9tant \u00e9cart\u00e9 du onze de d\u00e9part<br \/>\nr\u00e9cemment.<\/li>\n<li>Van Dijk reste confiant dans le potentiel de Salah, l&rsquo;exhortant<br \/>\n\u00e0 retrouver son niveau de jeu pour redevenir un leader essentiel de<br \/>\nl&rsquo;\u00e9quipe.<\/li>\n<\/ul>\n","protected":false},"excerpt":{"rendered":"La d\u00e9fense du titre de Liverpool est compromise apr\u00e8s une s\u00e9rie catastrophique de six d\u00e9faites en 14 matchs,&hellip;\n","protected":false},"author":2,"featured_media":582154,"comment_status":"","ping_status":"","sticky":false,"template":"","format":"standard","meta":{"footnotes":""},"categories":[1410],"tags":[63,1011,27,60],"class_list":{"0":"post-582153","1":"post","2":"type-post","3":"status-publish","4":"format-standard","5":"has-post-thumbnail","7":"category-football","8":"tag-football","9":"tag-fr","10":"tag-france","11":"tag-sports"},"share_on_mastodon":{"url":"https:\/\/pubeurope.com\/@fr\/115672772675517251","error":""},"_links":{"self":[{"href":"https:\/\/www.europesays.com\/fr\/wp-json\/wp\/v2\/posts\/582153","targetHints":{"allow":["GET"]}}],"collection":[{"href":"https:\/\/www.europesays.com\/fr\/wp-json\/wp\/v2\/posts"}],"about":[{"href":"https:\/\/www.europesays.com\/fr\/wp-json\/wp\/v2\/types\/post"}],"author":[{"embeddable":true,"href":"https:\/\/www.europesays.com\/fr\/wp-json\/wp\/v2\/users\/2"}],"replies":[{"embeddable":true,"href":"https:\/\/www.europesays.com\/fr\/wp-json\/wp\/v2\/comments?post=582153"}],"version-history":[{"count":0,"href":"https:\/\/www.europesays.com\/fr\/wp-json\/wp\/v2\/posts\/582153\/revisions"}],"wp:featuredmedia":[{"embeddable":true,"href":"https:\/\/www.europesays.com\/fr\/wp-json\/wp\/v2\/media\/582154"}],"wp:attachment":[{"href":"https:\/\/www.europesays.com\/fr\/wp-json\/wp\/v2\/media?parent=582153"}],"wp:term":[{"taxonomy":"category","embeddable":true,"href":"https:\/\/www.europesays.com\/fr\/wp-json\/wp\/v2\/categories?post=582153"},{"taxonomy":"post_tag","embeddable":true,"href":"https:\/\/www.europesays.com\/fr\/wp-json\/wp\/v2\/tags?post=582153"}],"curies":[{"name":"wp","href":"https:\/\/api.w.org\/{rel}","templated":true}]}}