{"id":582155,"date":"2025-12-06T13:06:12","date_gmt":"2025-12-06T13:06:12","guid":{"rendered":"https:\/\/www.europesays.com\/fr\/582155\/"},"modified":"2025-12-06T13:06:12","modified_gmt":"2025-12-06T13:06:12","slug":"mika-lache-de-tous-le-chanteur-revele-avoir-fait-faillite","status":"publish","type":"post","link":"https:\/\/www.europesays.com\/fr\/582155\/","title":{"rendered":"Mika l\u00e2ch\u00e9 de tous : le chanteur r\u00e9v\u00e8le avoir \u00ab\u00a0fait faillite\u00a0\u00bb"},"content":{"rendered":"<p>      R\u00e9sum\u00e9<\/p>\n<p>Mika a r\u00e9v\u00e9l\u00e9 avoir fait faillite \u00e0 ses d\u00e9buts, apr\u00e8s un investissement trop ambitieux au Parc des Princes malgr\u00e9 le succ\u00e8s initial de son premier album.<\/p>\n<p>        Sommaire<\/p>\n<p><strong>Tout n&rsquo;a pas \u00e9t\u00e9 tout le temps rose pour Mika<\/strong>. Si le chanteur cartonne depuis bient\u00f4t vingt ans, les d\u00e9buts se sont r\u00e9v\u00e9l\u00e9s laborieux. En effet, ce vendredi 5 d\u00e9cembre, le chanteur \u00e9tait l&rsquo;invit\u00e9 exceptionnel de Yann Barth\u00e8s sur TMC. Dans Quotidien, <a href=\"https:\/\/www.public.fr\/mika-torse-nu-l-ancien-coach-de-the-voice-fait-encore-une-fois-tomber-le-haut-pour-le-plus-grand-plaisir-de-ses-fans\" target=\"_blank\" rel=\"noopener\">l&rsquo;ex-coach de The Voice<\/a> n&rsquo;\u00e9tait pas venu seul puisqu&rsquo;accompagn\u00e9 de <strong><a href=\"https:\/\/www.public.fr\/mika-the-voice-ce-n-est-possible-qu-avec-lui-l-etonnante-declaration-de-marc-olivier-fogiel-completement-sous-le-charme\" target=\"_blank\" rel=\"noopener\">son grand ami Marc-Olivier Fogiel<\/a><\/strong>. Les deux hommes, qui se sont rencontr\u00e9s il y a une quinzaine d&rsquo;ann\u00e9es, cultivent depuis <a href=\"https:\/\/vsd.fr\/3464-afterwork-petite-soiree-entre-amis-pour-mika-marc-olivier-fogiel-brigitte-et-emmanuel\/\" target=\"_blank\" rel=\"noopener\">une belle et longue amiti\u00e9<\/a>.<\/p>\n<p>Invit\u00e9 pour assurer la promotion de <strong>son nouvel album<\/strong> <strong>Hyperlove<\/strong>, \u00e0 para\u00eetre d\u00e8s f\u00e9vrier, Mika est revenu sur les d\u00e9boires qu&rsquo;il a connus \u00e0 ses d\u00e9buts. Si tout s&rsquo;est envol\u00e9 en 2007 gr\u00e2ce au tube <strong>Relax ! Take It Easy<\/strong>, les pr\u00e9mices de sa carri\u00e8re flamboyante n&rsquo;\u00e9taient gu\u00e8re reluisants. Pour la premi\u00e8re fois, le chanteur de 42 ans a r\u00e9v\u00e9l\u00e9 avoir \u00e9t\u00e9 confront\u00e9 \u00e0 une faillite \u00e0 la suite de mauvaises d\u00e9cisions.<\/p>\n<p>Mika a vu les choses en grand, trop vite, trop jeune<\/p>\n<p>En effet, en 2008, alors qu&rsquo;il rencontre un succ\u00e8s retentissant gr\u00e2ce \u00e0 son premier album, <strong>Mika se d\u00e9cide \u00e0 faire le Parc des Princes<\/strong>. Pour l&rsquo;\u00e9v\u00e8nement, l&rsquo;artiste, alors \u00e2g\u00e9 de seulement 26 ans, voit trop grand&#8230; Et alors qu&rsquo;il d\u00e9marre \u00e0 peine et rencontre un joli succ\u00e8s, tout s&rsquo;effondre en raison d&rsquo;un co\u00fbt financier astronomique qu&rsquo;il n&rsquo;avait pas calcul\u00e9.<\/p>\n<p>\u00ab\u00a0<strong>J&rsquo;ai fait faillite ! Je n&rsquo;avais pas l&rsquo;argent pour payer ce que j&rsquo;avais d\u00e9pens\u00e9<\/strong>, et je ne l&rsquo;ai jamais annonc\u00e9. Je me suis retrouv\u00e9, tout jeune, j&rsquo;avais \u00e0 peine re\u00e7u les droits de mon premier album et j&rsquo;avais d\u00e9pens\u00e9 une somme hallucinante. Une somme que je ne connaissais pas dans ma vie\u00a0\u00bb se rappelle Mika. Alors que son premier album, Life in Carton Motion, <strong>est un carton plan\u00e9taire et s&rsquo;\u00e9coule \u00e0 5,5 millions d&rsquo;exemplaires<\/strong> (il est aussi le plus vendu en 2007 en France), Mika perd tout !<\/p>\n<p>5,5 millions d&rsquo;albums partis en fum\u00e9e<\/p>\n<p>\u00ab\u00a0J&rsquo;ai fait faillite. <strong>Ma maison de disques aux \u00c9tats-Unis a d\u00fb me prot\u00e9ger<\/strong> pour ne pas officiellement me d\u00e9clarer bankrupt (en faillite, ndlr)\u00a0\u00bb se souvient-il. Le chanteur reviendra finalement deux ans plus tard avec The Boy Who Knew Too Much, qui rencontrera un succ\u00e8s moindre en France avec 400 000 exemplaires, et<strong> dans le monde \u00e0 deux millions \u00e9coul\u00e9s<\/strong>. Une le\u00e7on de vie pour celui qui, aujourd&rsquo;hui, fait bien plus attention aux projets qu&rsquo;il valide !<\/p>\n<p>\n          Hits &amp; People en continu\n        <\/p>\n<p>\n          Public Radio\n        <\/p>\n<p>      Mentionn\u00e9s dans cet article<\/p>\n<p>      Sur le m\u00eame sujet<\/p>\n","protected":false},"excerpt":{"rendered":"R\u00e9sum\u00e9 Mika a r\u00e9v\u00e9l\u00e9 avoir fait faillite \u00e0 ses d\u00e9buts, apr\u00e8s un investissement trop ambitieux au Parc des&hellip;\n","protected":false},"author":2,"featured_media":582156,"comment_status":"","ping_status":"","sticky":false,"template":"","format":"standard","meta":{"footnotes":""},"categories":[1359],"tags":[1261,58,59,28068,1011,27,45959,973,1404],"class_list":{"0":"post-582155","1":"post","2":"type-post","3":"status-publish","4":"format-standard","5":"has-post-thumbnail","7":"category-people","8":"tag-argent","9":"tag-divertissement","10":"tag-entertainment","11":"tag-fortune","12":"tag-fr","13":"tag-france","14":"tag-mika","15":"tag-people","16":"tag-quotidien"},"share_on_mastodon":{"url":"https:\/\/pubeurope.com\/@fr\/115672775727085198","error":""},"_links":{"self":[{"href":"https:\/\/www.europesays.com\/fr\/wp-json\/wp\/v2\/posts\/582155","targetHints":{"allow":["GET"]}}],"collection":[{"href":"https:\/\/www.europesays.com\/fr\/wp-json\/wp\/v2\/posts"}],"about":[{"href":"https:\/\/www.europesays.com\/fr\/wp-json\/wp\/v2\/types\/post"}],"author":[{"embeddable":true,"href":"https:\/\/www.europesays.com\/fr\/wp-json\/wp\/v2\/users\/2"}],"replies":[{"embeddable":true,"href":"https:\/\/www.europesays.com\/fr\/wp-json\/wp\/v2\/comments?post=582155"}],"version-history":[{"count":0,"href":"https:\/\/www.europesays.com\/fr\/wp-json\/wp\/v2\/posts\/582155\/revisions"}],"wp:featuredmedia":[{"embeddable":true,"href":"https:\/\/www.europesays.com\/fr\/wp-json\/wp\/v2\/media\/582156"}],"wp:attachment":[{"href":"https:\/\/www.europesays.com\/fr\/wp-json\/wp\/v2\/media?parent=582155"}],"wp:term":[{"taxonomy":"category","embeddable":true,"href":"https:\/\/www.europesays.com\/fr\/wp-json\/wp\/v2\/categories?post=582155"},{"taxonomy":"post_tag","embeddable":true,"href":"https:\/\/www.europesays.com\/fr\/wp-json\/wp\/v2\/tags?post=582155"}],"curies":[{"name":"wp","href":"https:\/\/api.w.org\/{rel}","templated":true}]}}