{"id":582160,"date":"2025-12-06T13:10:14","date_gmt":"2025-12-06T13:10:14","guid":{"rendered":"https:\/\/www.europesays.com\/fr\/582160\/"},"modified":"2025-12-06T13:10:14","modified_gmt":"2025-12-06T13:10:14","slug":"mireille-mathieu-a-fete-ses-60-ans-de-carriere-a-avignon","status":"publish","type":"post","link":"https:\/\/www.europesays.com\/fr\/582160\/","title":{"rendered":"Mireille Mathieu a f\u00eat\u00e9 ses 60 ans de\u00a0carri\u00e8re \u00e0 Avignon"},"content":{"rendered":"<p>Plus de 1 000 spectateurs \u00e9taient pr\u00e9sents ce vendredi 5 d\u00e9cembre en soir\u00e9e \u00e0 la salle Confluence \u00e0 Avignon pour le concert des 60 ans de carri\u00e8re de Mireille Mathieu.\u00a0C\u2019est dans la cit\u00e9 des papes, qui l\u2019a vue na\u00eetre et o\u00f9 elle garde des attaches familiales et amicales, que la chanteuse clot sa tourn\u00e9e triomphale des 60 ans de carri\u00e8re \u00e0 travers la France. Elle sera \u00e0 nouveau sur sc\u00e8ne ce samedi soir, \u00e0 guichet ferm\u00e9.<\/p>\n","protected":false},"excerpt":{"rendered":"Plus de 1 000 spectateurs \u00e9taient pr\u00e9sents ce vendredi 5 d\u00e9cembre en soir\u00e9e \u00e0 la salle Confluence \u00e0&hellip;\n","protected":false},"author":2,"featured_media":582161,"comment_status":"","ping_status":"","sticky":false,"template":"","format":"standard","meta":{"footnotes":""},"categories":[1355],"tags":[6184,1687,58,3859,59,107,1011,27,5325,2798,1361,873,273,24292,4520],"class_list":{"0":"post-582160","1":"post","2":"type-post","3":"status-publish","4":"format-standard","5":"has-post-thumbnail","7":"category-musique","8":"tag-avignon","9":"tag-culture-loisirs","10":"tag-divertissement","11":"tag-edition-provencale","12":"tag-entertainment","13":"tag-fil-info","14":"tag-fr","15":"tag-france","16":"tag-galerie-media","17":"tag-galerie-photo","18":"tag-music","19":"tag-musique","20":"tag-selection-de-la-redaction","21":"tag-selection-de-la-redaction-84","22":"tag-vaucluse"},"share_on_mastodon":{"url":"https:\/\/pubeurope.com\/@fr\/115672791451103455","error":""},"_links":{"self":[{"href":"https:\/\/www.europesays.com\/fr\/wp-json\/wp\/v2\/posts\/582160","targetHints":{"allow":["GET"]}}],"collection":[{"href":"https:\/\/www.europesays.com\/fr\/wp-json\/wp\/v2\/posts"}],"about":[{"href":"https:\/\/www.europesays.com\/fr\/wp-json\/wp\/v2\/types\/post"}],"author":[{"embeddable":true,"href":"https:\/\/www.europesays.com\/fr\/wp-json\/wp\/v2\/users\/2"}],"replies":[{"embeddable":true,"href":"https:\/\/www.europesays.com\/fr\/wp-json\/wp\/v2\/comments?post=582160"}],"version-history":[{"count":0,"href":"https:\/\/www.europesays.com\/fr\/wp-json\/wp\/v2\/posts\/582160\/revisions"}],"wp:featuredmedia":[{"embeddable":true,"href":"https:\/\/www.europesays.com\/fr\/wp-json\/wp\/v2\/media\/582161"}],"wp:attachment":[{"href":"https:\/\/www.europesays.com\/fr\/wp-json\/wp\/v2\/media?parent=582160"}],"wp:term":[{"taxonomy":"category","embeddable":true,"href":"https:\/\/www.europesays.com\/fr\/wp-json\/wp\/v2\/categories?post=582160"},{"taxonomy":"post_tag","embeddable":true,"href":"https:\/\/www.europesays.com\/fr\/wp-json\/wp\/v2\/tags?post=582160"}],"curies":[{"name":"wp","href":"https:\/\/api.w.org\/{rel}","templated":true}]}}