{"id":582188,"date":"2025-12-06T13:25:15","date_gmt":"2025-12-06T13:25:15","guid":{"rendered":"https:\/\/www.europesays.com\/fr\/582188\/"},"modified":"2025-12-06T13:25:15","modified_gmt":"2025-12-06T13:25:15","slug":"nolwenn-giardina-en-dedicace-a-la-fnac-toulon","status":"publish","type":"post","link":"https:\/\/www.europesays.com\/fr\/582188\/","title":{"rendered":"Nolwenn Giardina en d\u00e9dicace \u00e0 la Fnac Toulon"},"content":{"rendered":"<p>Nolwenn Giardina est designer graphiste. Passionn\u00e9e de voyage, elle conna\u00eet bien la Cor\u00e9e qu\u2019elle a sillonn\u00e9e de part et d\u2019autre. Elle sera l\u2019invit\u00e9e de la Fnac Toulon \u00e0 l\u2019occasion d\u2019une d\u00e9dicace de son carnet de bord intitul\u00e9 \u00ab\u00a0Cor\u00e9e du Sud \u2013 Journal de voyage d\u2019une jeune Fran\u00e7aise\u00a0\u00bb, tenu jour apr\u00e8s jour, au pays du matin calme. Rendez-vous le samedi 13 d\u00e9cembre \u00e0 15h00 en librairie pour la rencontrer et repartir avec votre ouvrage d\u00e9dicac\u00e9\u2026<\/p>\n<p>Entre une nature pr\u00e9serv\u00e9e offrant des paysages \u00e9poustouflants et une culture oscillant entre traditions ancestrales et \u00e9nergie d\u00e9brid\u00e9e de la K-pop, la Cor\u00e9e se r\u00e9v\u00e8le \u00e9tonnante, parfois loufoque mais toujours belle et attachante.\u00a0<\/p>\n<p>Nolwenn Giardina est designer graphiste. Passionn\u00e9e de voyage et tr\u00e8s sportive, elle allie ses deux passions en explorant les pays qu\u2019elle visite gr\u00e2ce \u00e0 la randonn\u00e9e. Elle s\u2019int\u00e9resse depuis toujours aux pays asiatiques. Elle d\u2019abord d\u00e9couvert le Japon mais tr\u00e8s vite, elle a \u00e9t\u00e9 attir\u00e9e par la Cor\u00e9e, notamment par sa musique, et elle a voulu en apprendre davantage sur la culture de ce pays : son histoire, sa gastronomie, et surtout son architecture et ses paysages. Plus jeune, elle ne pouvait pas s\u2019offrir les posters de ses personnages ; alors elle a commenc\u00e9 \u00e0 les dessiner, pour d\u00e9corer sa chambre ! Aujourd\u2019hui, elle retranscrit ses voyages en couleurs ; son m\u00e9dium de pr\u00e9dilection reste l\u2019aquarelle, mais elle r\u00e9alise aussi des illustrations num\u00e9riques.\u00a0<\/p>\n<p>        <img decoding=\"async\" src=\"https:\/\/www.europesays.com\/fr\/wp-content\/uploads\/2025\/04\/logo-rse.png\" alt=\"Logo RSE\" loading=\"lazy\" width=\"84\" height=\"116\"\/><\/p>\n<p>\n        La Fnac s\u2019engage activement dans les initiatives de responsabilit\u00e9 soci\u00e9tale des entreprises (RSE).\n    <\/p>\n<p>\n        Aidez-nous en choisissant la mobilit\u00e9 douce en privil\u00e9giant par exemple le v\u00e9lo (pistes cyclables et stationnements \u00e0 disposition), les transports en commun ou le covoiturage pour nous rejoindre. Ainsi, vous contribuez \u00e0 r\u00e9duire les \u00e9missions de gaz \u00e0 effet de serre et \u00e0 am\u00e9liorer notre qualit\u00e9 de l\u2019air. Pour plus d\u2019information, consultez la fiche du magasin.<br \/>Tous nos \u00e9v\u00e8nements sont en acc\u00e8s gratuit, dans la limite des places disponibles.\n    <\/p>\n","protected":false},"excerpt":{"rendered":"Nolwenn Giardina est designer graphiste. Passionn\u00e9e de voyage, elle conna\u00eet bien la Cor\u00e9e qu\u2019elle a sillonn\u00e9e de part&hellip;\n","protected":false},"author":2,"featured_media":582189,"comment_status":"","ping_status":"","sticky":false,"template":"","format":"standard","meta":{"footnotes":""},"categories":[9619],"tags":[1111,11,1777,674,1011,27,2003,12,882,25,2310,586],"class_list":{"0":"post-582188","1":"post","2":"type-post","3":"status-publish","4":"format-standard","5":"has-post-thumbnail","7":"category-toulon","8":"tag-actu","9":"tag-actualites","10":"tag-eu","11":"tag-europe","12":"tag-fr","13":"tag-france","14":"tag-livre","15":"tag-news","16":"tag-provence-alpes-cote-dazur","17":"tag-republique-francaise","18":"tag-toulon","19":"tag-voyage"},"share_on_mastodon":{"url":"https:\/\/pubeurope.com\/@fr\/115672851037408073","error":""},"_links":{"self":[{"href":"https:\/\/www.europesays.com\/fr\/wp-json\/wp\/v2\/posts\/582188","targetHints":{"allow":["GET"]}}],"collection":[{"href":"https:\/\/www.europesays.com\/fr\/wp-json\/wp\/v2\/posts"}],"about":[{"href":"https:\/\/www.europesays.com\/fr\/wp-json\/wp\/v2\/types\/post"}],"author":[{"embeddable":true,"href":"https:\/\/www.europesays.com\/fr\/wp-json\/wp\/v2\/users\/2"}],"replies":[{"embeddable":true,"href":"https:\/\/www.europesays.com\/fr\/wp-json\/wp\/v2\/comments?post=582188"}],"version-history":[{"count":0,"href":"https:\/\/www.europesays.com\/fr\/wp-json\/wp\/v2\/posts\/582188\/revisions"}],"wp:featuredmedia":[{"embeddable":true,"href":"https:\/\/www.europesays.com\/fr\/wp-json\/wp\/v2\/media\/582189"}],"wp:attachment":[{"href":"https:\/\/www.europesays.com\/fr\/wp-json\/wp\/v2\/media?parent=582188"}],"wp:term":[{"taxonomy":"category","embeddable":true,"href":"https:\/\/www.europesays.com\/fr\/wp-json\/wp\/v2\/categories?post=582188"},{"taxonomy":"post_tag","embeddable":true,"href":"https:\/\/www.europesays.com\/fr\/wp-json\/wp\/v2\/tags?post=582188"}],"curies":[{"name":"wp","href":"https:\/\/api.w.org\/{rel}","templated":true}]}}