{"id":582190,"date":"2025-12-06T13:26:13","date_gmt":"2025-12-06T13:26:13","guid":{"rendered":"https:\/\/www.europesays.com\/fr\/582190\/"},"modified":"2025-12-06T13:26:13","modified_gmt":"2025-12-06T13:26:13","slug":"la-mosquee-de-la-misericorde-va-revivre-sur-un-nouveau-site-deux-promesses-de-vente-signees-par-le-maire-de-montpellier-a-la-mosson","status":"publish","type":"post","link":"https:\/\/www.europesays.com\/fr\/582190\/","title":{"rendered":"La mosqu\u00e9e de la Mis\u00e9ricorde va revivre sur un nouveau site\u00a0: deux promesses de vente sign\u00e9es par le maire de Montpellier \u00e0 la Mosson"},"content":{"rendered":"<p>\n                                                                Actuellement situ\u00e9e dans l\u2019immeuble Font Del Rey, promis \u00e0 la d\u00e9molition, la mosqu\u00e9e de la Mis\u00e9ricorde emm\u00e9nagera dans un nouveau b\u00e2timent du quartier de la Mosson, en 2028.\n                            <\/p>\n<p>La mosqu\u00e9e de la Mis\u00e9ricorde est situ\u00e9e sur le Grand Mail de la Mosson, dans l\u2019immeuble Font Del Rey qui sera d\u00e9moli en 2028.<\/p>\n<p>L\u2019association cultuelle de la Mis\u00e9ricorde (ACDM), qui g\u00e8re cette mosqu\u00e9e, va b\u00e9n\u00e9ficier d\u2019un terrain, avenue de Barcelone, \u00e0 la place de l\u2019ancienne tour Catalogne, pour b\u00e2tir une nouvelle mosqu\u00e9e en 2028.<\/p>\n<p>Celle-ci sera plus grande (1\u00a0000\u00a0m2 contre 700\u00a0m2) et pourra accueillir 800 personnes contre 486 actuellement.<\/p>\n<p>Elle sera \u00e9difi\u00e9e face \u00e0 un projet d\u2019\u00e9quipement de sant\u00e9 de proximit\u00e9, actuellement en cours d\u2019\u00e9laboration avec des professionnels de sant\u00e9 du territoire.<\/p>\n<p>Font Del Rey, symbole du logement indigne<\/p>\n<p>La relocalisation de cette mosqu\u00e9e permettra de lib\u00e9rer Font Del Rey, qui \u00e9tait devenu le symbole du logement indigne exploit\u00e9 par les marchands de sommeil.<\/p>\n<p>Ce jeudi 4\u00a0d\u00e9cembre, Micha\u00ebl Delafosse, maire et pr\u00e9sident de la M\u00e9tropole, C\u00e9dric Grail, directeur g\u00e9n\u00e9ral de la SA3M, et Ahmed Bouzaoui, pr\u00e9sident de l\u2019ACDM, ont proc\u00e9d\u00e9 \u00e0 la signature des deux promesses de vente permettant ces op\u00e9rations immobili\u00e8res.<\/p>\n","protected":false},"excerpt":{"rendered":"Actuellement situ\u00e9e dans l\u2019immeuble Font Del Rey, promis \u00e0 la d\u00e9molition, la mosqu\u00e9e de la Mis\u00e9ricorde emm\u00e9nagera dans&hellip;\n","protected":false},"author":2,"featured_media":582191,"comment_status":"","ping_status":"","sticky":false,"template":"","format":"standard","meta":{"footnotes":""},"categories":[9599],"tags":[1111,11,1777,674,1011,27,7089,2208,12,2680,25,1857,1352],"class_list":{"0":"post-582190","1":"post","2":"type-post","3":"status-publish","4":"format-standard","5":"has-post-thumbnail","7":"category-montpellier","8":"tag-actu","9":"tag-actualites","10":"tag-eu","11":"tag-europe","12":"tag-fr","13":"tag-france","14":"tag-herault","15":"tag-montpellier","16":"tag-news","17":"tag-occitanie","18":"tag-republique-francaise","19":"tag-sociu00e9tu00e9","20":"tag-urbanisme"},"share_on_mastodon":{"url":"https:\/\/pubeurope.com\/@fr\/115672854378217551","error":""},"_links":{"self":[{"href":"https:\/\/www.europesays.com\/fr\/wp-json\/wp\/v2\/posts\/582190","targetHints":{"allow":["GET"]}}],"collection":[{"href":"https:\/\/www.europesays.com\/fr\/wp-json\/wp\/v2\/posts"}],"about":[{"href":"https:\/\/www.europesays.com\/fr\/wp-json\/wp\/v2\/types\/post"}],"author":[{"embeddable":true,"href":"https:\/\/www.europesays.com\/fr\/wp-json\/wp\/v2\/users\/2"}],"replies":[{"embeddable":true,"href":"https:\/\/www.europesays.com\/fr\/wp-json\/wp\/v2\/comments?post=582190"}],"version-history":[{"count":0,"href":"https:\/\/www.europesays.com\/fr\/wp-json\/wp\/v2\/posts\/582190\/revisions"}],"wp:featuredmedia":[{"embeddable":true,"href":"https:\/\/www.europesays.com\/fr\/wp-json\/wp\/v2\/media\/582191"}],"wp:attachment":[{"href":"https:\/\/www.europesays.com\/fr\/wp-json\/wp\/v2\/media?parent=582190"}],"wp:term":[{"taxonomy":"category","embeddable":true,"href":"https:\/\/www.europesays.com\/fr\/wp-json\/wp\/v2\/categories?post=582190"},{"taxonomy":"post_tag","embeddable":true,"href":"https:\/\/www.europesays.com\/fr\/wp-json\/wp\/v2\/tags?post=582190"}],"curies":[{"name":"wp","href":"https:\/\/api.w.org\/{rel}","templated":true}]}}