{"id":582194,"date":"2025-12-06T13:29:24","date_gmt":"2025-12-06T13:29:24","guid":{"rendered":"https:\/\/www.europesays.com\/fr\/582194\/"},"modified":"2025-12-06T13:29:24","modified_gmt":"2025-12-06T13:29:24","slug":"rn-lfi-ps-trois-hommes-pour-un-fauteuil-aux-elections-municipales-du-grand-quevilly","status":"publish","type":"post","link":"https:\/\/www.europesays.com\/fr\/582194\/","title":{"rendered":"RN, LFI, PS&#8230; Trois hommes pour un fauteuil aux \u00e9lections municipales du Grand-Quevilly"},"content":{"rendered":"<p>                    Par<br \/>\n        <strong><br \/>\n            <a href=\"https:\/\/actu.fr\/auteur\/yann-rivallan\" title=\"Consulter tous les articles de Yann Rivallan\" rel=\"nofollow noopener\" target=\"_blank\">Yann Rivallan<\/a><br \/>\n                    <\/strong><\/p>\n<p>        Publi\u00e9 le<\/p>\n<p>            6 d\u00e9c. 2025 \u00e0 8h29        <\/p>\n<p>Il a \u00e9t\u00e9 le premier \u00e0 se d\u00e9clarer candidat. Dans le bastion socialiste du <a href=\"https:\/\/actu.fr\/normandie\/le-grand-quevilly_76322\" rel=\"nofollow noopener\" target=\"_blank\">Grand-Quevilly<\/a>, <strong>Nicolas Rouly, maire sortant<\/strong>, est pr\u00eat \u00e0 rempiler pour un nouveau mandat. \u00ab\u00a0Maintenant, j\u2019ai l\u2019exp\u00e9rience\u00a0\u00bb, assure-t-il avec un grand sourire au lendemain de son tout premier mandat de maire. Face \u00e0 lui, <strong>deux listes se dessinent<\/strong>. Peut-\u00eatre trois.<br \/>L\u2019une conduite par Olivier Bruneau, militant de la France Insoumise. Une autre par Math\u00e9o De Souza, un jeune adh\u00e9rent du Rassemblement National, pr\u00eat \u00e0 capitaliser sur les bons r\u00e9sultats de son parti dans la commune. Et une potentielle derni\u00e8re qui se fait attendre avec les \u00e9lus d\u2019opposition au conseil municipal, emmen\u00e9s par Eve Froger, ancienne militante du Rassemblement National et de Reconqu\u00eate.<\/p>\n<p>Nicolas Rouly veut \u00ab\u2009\u00e9crire le tome 2\u2009\u00bb<br \/>\n    <img   decoding=\"async\" loading=\"lazy\" src=\"https:\/\/www.europesays.com\/fr\/wp-content\/uploads\/2025\/12\/nicolas-rouly-maire-grand-quevilly-municipales-960x640.jpg\" alt=\"Le maire sortant du Grand-Quevilly, Nicolas Rouly, veut \u00e9crire \" width=\"960\" height=\"640\"\/><br \/>\n    Le maire sortant du Grand-Quevilly, Nicolas Rouly, veut \u00ab\u2009\u00e9crire le tome 2\u2009\u00bb apr\u00e8s un premier mandat. (\u00a9YR\/76actu)<\/p>\n<p class=\" wall-content\">Si une chose semble s\u00fbre depuis des d\u00e9cennies au Grand-Quevilly, c\u2019est que le parti socialiste y est particuli\u00e8rement bien implant\u00e9. Berceau de la \u00ab\u2009fabiusie\u2009\u00bb, comme le disent ses d\u00e9tracteurs, Grand-Quevilly a toujours fait la part belle au parti \u00e0 la rose dans les scrutins municipaux.<\/p>\n<p class=\" wall-content\">Si bien que Nicolas Rouly ne para\u00eet <strong>pas inqui\u00e9t\u00e9<\/strong> par les scores importants de l\u2019extr\u00eame droite lors des derni\u00e8res \u00e9ch\u00e9ances \u00e9lectorales (41,77\u2009% pour le RN au premier tour des l\u00e9gislatives anticip\u00e9es de 2024).<\/p>\n<p class=\" wall-content\">Car, il le sait, les \u00e9lections municipales ont tendance \u00e0 d\u00e9passer les \u00e9tiquettes politiques. D\u2019ailleurs, \u00ab\u2009nous sommes une liste de gauche plurielle\u2009\u00bb, avance Nicolas Rouly. Il \u00ab\u2009assume\u2009\u00bb \u00e9videmment son adh\u00e9sion au PS, mais il est \u00e9galement accompagn\u00e9 d\u2019adh\u00e9rents au PCF ou \u00e0 Place Publique, voire par des gens \u00ab\u2009qui ne sont pas encart\u00e9s\u2009\u00bb, assure-t-il.<\/p>\n<p>Vid\u00e9os : en ce moment sur Actu<\/p>\n<blockquote class=\"ac-article-quote wall-content\">\n<p>Nous rendons les cl\u00e9s de la mairie avec une dette quasiment \u00e0 z\u00e9ro.<\/p>\n<p>    <strong>Nicolas Rouly<\/strong><br \/>\n        Maire sortant du Grand-Quevilly    <\/p><\/blockquote>\n<p class=\" wall-content\">Son objectif est clair\u2009: <strong>\u00ab\u2009\u00e9crire le tome 2\u2009\u00bb<\/strong>\u00a0de son projet municipal. S\u2019il tire un bilan satisfaisant, le maire du Grand-Quevilly estime avoir encore du travail \u00e0 poursuivre, notamment du c\u00f4t\u00e9 de gros chantiers comme <strong>la r\u00e9novation de la piscine ou du th\u00e9\u00e2tre<\/strong>. Des travaux qui ont \u00e9t\u00e9 \u00ab\u2009d\u00e9cal\u00e9s par les diff\u00e9rentes crises\u2009\u00bb, fait-il remarquer.<\/p>\n<p>Votre r\u00e9gion, votre actu !<\/p>\n<p>Recevez chaque jour les infos qui comptent pour vous.<\/p>\n<p>\t<a href=\"https:\/\/actu.fr\/newsletter\" class=\"ac-btn ac-btn--corner ac-btn--medium ac-btn--blue800\" rel=\"nofollow noopener\" target=\"_blank\">S&rsquo;incrire<\/a><br \/>\n\u00ab\u2009La seule alternative r\u00e9publicaine\u2009\u00bb<\/p>\n<p class=\" wall-content\">Le reste du programme, le maire sortant le d\u00e9voilera dans les prochaines semaines. Car il souhaite \u00ab\u2009co-construire\u2009\u00bb ce nouveau projet avec les habitants. Il se livre en ce moment \u00e0 une s\u00e9rie de r\u00e9unions publiques et de rendez-vous d\u2019appartements pour l\u2019\u00e9laborer.<\/p>\n<p class=\" wall-content\">Face \u00e0 deux partis aux antipodes sur le spectre politique (La France Insoumise et le Rassemblement National), le candidat du PS estime \u00eatre <strong>\u00ab\u2009la seule alternative r\u00e9publicaine\u2009\u00bb<\/strong>.<\/p>\n<p class=\" wall-content\">Une affirmation qui fait doucement rire Olivier Bruneau, militant LFI et t\u00eate de liste pour les prochaines \u00e9lections municipales dans la commune\u2009: \u00ab\u2009C\u2019est honteux de dire \u00e7a. En 2020, alors que je pr\u00e9parais une liste pour les municipales, M. Rouly est venu me demander de me retirer pour ne pas diviser la gauche\u2009\u00bb.<\/p>\n<p class=\" wall-content\">Alors, quand on lui demande s\u2019il pense que sa candidature pourrait faire le jeu du Rassemblement National, il reste intransigeant\u2009: \u00ab\u2009Avec ou sans nous, il y a un risque de voir l\u2019extr\u00eame droite l\u2019emporter, assure-t-il. Nous voulons proposer <strong>une v\u00e9ritable alternative<\/strong> \u00e0 gauche pour retrouver de la proximit\u00e9 et de la transparence.\u2009\u00bb<\/p>\n<p>Les Insoumis veulent \u00ab\u2009vraiment\u2009\u00bb consulter les habitants<br \/>\n    <img   decoding=\"async\" loading=\"lazy\" src=\"https:\/\/www.europesays.com\/fr\/wp-content\/uploads\/2025\/12\/olivier-bruneau-valerie-tanchon-lfi-grand-quevilly-960x640.jpg\" alt=\"Olivier Bruneau et sa co-cheffe de liste Val\u00e9rie Tanchon veulent proposer une alternative \u00e0 gauche.\" width=\"960\" height=\"640\"\/><br \/>\n    Olivier Bruneau et sa co-cheffe de liste Val\u00e9rie Tanchon veulent proposer une alternative \u00e0 gauche. (\u00a9Document transmis)<\/p>\n<p class=\" wall-content\">Son programme, il compte l\u2019axer sur <strong>\u00ab\u2009la d\u00e9mocratie directe\u2009\u00bb<\/strong>. Et \u00e0 l\u2019inverse de Nicolas Rouly, cet ancien adh\u00e9rent du Parti socialiste et Gilet jaune de la premi\u00e8re heure, compte consulter \u00ab\u2009vraiment\u2009\u00bb les habitants en leur donnant davantage la parole lors de consultations citoyennes.<\/p>\n<p class=\" wall-content\">Avec sa co-cheffe de liste Val\u00e9rie Tanchon, ils veulent axer leur programme autour de l\u2019\u00e9ducation, en venant en aide aux \u00e9l\u00e8ves en d\u00e9crochage scolaire, par exemple, mais aussi autour du logement et de l\u2019\u00e9cologie.<\/p>\n<p class=\" wall-content\">\u00ab\u2009Il y a beaucoup de difficult\u00e9s avec les bailleurs sociaux\u2009\u00bb, soulignent-ils. Et ils aimeraient s\u2019en occuper pleinement, pourquoi pas \u00ab\u2009en faisant un audit du parc social\u2009\u00bb, imaginent-ils. Sur l\u2019environnement, ils veulent accentuer le d\u00e9veloppement des \u00ab\u2009mobilit\u00e9s vertes\u2009\u00bb avec, par exemple, la cr\u00e9ation d\u2019un ramassage scolaire pour les enfants des \u00e9coles maternelles et primaires.<\/p>\n<p class=\" wall-content\">Et enfin, sur la s\u00e9curit\u00e9, ils aimeraient \u00ab\u2009un retour au dialogue\u2009\u00bb entre la police municipale et les habitants pour \u00ab\u2009redorer son image\u2009\u00bb. Ils veulent prioriser l\u2019augmentation des effectifs plut\u00f4t qu\u2019une nouvelle salve d\u2019installations de cam\u00e9ras. Et pour retrouver le dialogue, ils proposent \u00e9galement la mise en place de m\u00e9diateurs dans les quartiers.<\/p>\n<p>Le Rassemblement National pr\u00eat \u00e0 capitaliser sur ses r\u00e9sultats<br \/>\n    <img   decoding=\"async\" loading=\"lazy\" src=\"https:\/\/www.europesays.com\/fr\/wp-content\/uploads\/2025\/12\/matheo-de-souza-rassemblement-national-grand-quevilly-960x640.jpeg\" alt=\"Math\u00e9o De Souza, candidat du Rassemblement National, axe son programme sur la s\u00e9curit\u00e9.\" width=\"960\" height=\"640\"\/><br \/>\n    Math\u00e9o De Souza, candidat du Rassemblement National, axe son programme sur la s\u00e9curit\u00e9. (\u00a9Document transmis)<\/p>\n<p class=\" wall-content\">De l\u2019autre c\u00f4t\u00e9 du spectre politique, le Rassemblement National et sa t\u00eate de liste Math\u00e9o De Souza veulent profiter de <strong>leur dynamique \u00e9lectorale<\/strong>. Ces derni\u00e8res ann\u00e9es, le parti de Marine Le\u00a0Pen a r\u00e9alis\u00e9 de bons scores dans la commune.<\/p>\n<p class=\" wall-content\">\u00c0 seulement 22\u00a0ans, c\u2019est d\u00e9j\u00e0 la deuxi\u00e8me exp\u00e9rience \u00e9lectorale de Math\u00e9o De Souza. Il avait pu profiter d\u2019une premi\u00e8re exp\u00e9rience lors des l\u00e9gislatives anticip\u00e9es de 2024 en tant que suppl\u00e9ant de Guillaume Pennelle dans la 4e circonscription.<\/p>\n<p class=\" wall-content\">\u00ab\u2009Tr\u00e8s attach\u00e9 \u00e0 Grand-Quevilly\u2009\u00bb, assure-t-il, Math\u00e9o De Souza dit avoir vu \u00ab\u2009la commune se d\u00e9grader de plus en plus sur l\u2019aspect s\u00e9curit\u00e9 ces derni\u00e8res ann\u00e9es\u2009\u00bb. C\u2019est donc logiquement qu\u2019il fera de cette th\u00e9matique sa priorit\u00e9 pour le scrutin de mars\u00a02026. Par exemple, il veut donner <strong>\u00ab\u2009plus de moyens \u00e0 la police municipale<\/strong> et vise un doublement des effectifs dans les prochaines ann\u00e9es, m\u00eame si cela repr\u00e9sente un co\u00fbt\u2009\u00bb.<\/p>\n<p class=\" wall-content\">C\u00f4t\u00e9 commerce, le candidat du RN veut \u00ab\u2009dynamiser Grand-Quevilly\u2009\u00bb en mettant davantage en valeur les petits commerces ou en cr\u00e9ant un \u00ab\u2009v\u00e9ritable march\u00e9 de No\u00ebl inspir\u00e9 de ce qui se fait \u00e0 Rouen\u2009\u00bb.<\/p>\n<p>L\u2019opposition municipale se fait attendre<\/p>\n<p class=\" wall-content\">Aujourd\u2019hui, cette liste port\u00e9e par le Rassemblement National est la seule d\u00e9clar\u00e9e du c\u00f4t\u00e9 de l\u2019extr\u00eame droite. L\u2019opposition municipale, emmen\u00e9e par Eve Froger, ancienne candidate du RN, pass\u00e9e ensuite par Reconqu\u00eate et proche de Nicolas Bay, n\u2019a <strong>toujours pas annonc\u00e9 de candidature<\/strong>.<\/p>\n<p class=\" wall-content\">Selon nos informations, des \u00e9changes entre le RN et l\u2019opposition de Grand-Quevilly ont bien eu lieu, sans aboutir \u00e0 un quelconque accord pour le moment. Math\u00e9o De Souza dit ne pas \u00ab\u2009fermer la porte\u2009\u00bb aux \u00e9lus d\u2019opposition\u2009: \u00ab\u2009Je les invite \u00e0 rejoindre notre liste.\u2009\u00bb<\/p>\n<p class=\" wall-content\">Contact\u00e9e en ce sens, Eve Froger annonce qu\u2019il est encore \u00ab\u2009un peu t\u00f4t\u2009\u00bb pour parler d\u2019une candidature. De ce c\u00f4t\u00e9, le suspense reste entier.<\/p>\n<p>Suivez l\u2019actualit\u00e9 de Rouen <a href=\"https:\/\/www.whatsapp.com\/channel\/0029VaKfnf99hXF2ddApFB1D\" rel=\"nofollow noopener\" target=\"_blank\">sur notre cha\u00eene WhatsApp<\/a> et <a href=\"https:\/\/www.tiktok.com\/@76actu.fr?lang=fr\" rel=\"nofollow noopener\" target=\"_blank\">sur notre compte TikTok<\/a><\/p>\n<p class=\" wall-content\">Personnalisez votre actualit\u00e9 en ajoutant vos villes et m\u00e9dias en favori avec <a href=\"https:\/\/moncompte.actu.fr\" title=\"D\u00e9couvez Mon Actu\" rel=\"nofollow noopener\" data-trk=\"{&quot;cta&quot;:{&quot;action&quot;:&quot;https:\\\/\\\/moncompte.actu.fr&quot;,&quot;category&quot;:&quot;mon compte&quot;,&quot;from&quot;:&quot;article footer&quot;,&quot;name&quot;:&quot;Mon actu&quot;,&quot;type&quot;:&quot;cta&quot;}}\" target=\"_blank\">Mon Actu<\/a>.<\/p>\n<p>                    <script async src=\"\/\/www.tiktok.com\/embed.js\"><\/script><\/p>\n","protected":false},"excerpt":{"rendered":"Par Yann Rivallan Publi\u00e9 le 6 d\u00e9c. 2025 \u00e0 8h29 Il a \u00e9t\u00e9 le premier \u00e0 se d\u00e9clarer&hellip;\n","protected":false},"author":2,"featured_media":582195,"comment_status":"","ping_status":"","sticky":false,"template":"","format":"standard","meta":{"footnotes":""},"categories":[9587],"tags":[1111,11,4188,1777,674,1011,27,3434,12,5161,4484,316,25,9590],"class_list":{"0":"post-582194","1":"post","2":"type-post","3":"status-publish","4":"format-standard","5":"has-post-thumbnail","7":"category-rouen","8":"tag-actu","9":"tag-actualites","10":"tag-elections-municipales","11":"tag-eu","12":"tag-europe","13":"tag-fr","14":"tag-france","15":"tag-municipales-2026","16":"tag-news","17":"tag-normandie","18":"tag-parti-socialiste-ps","19":"tag-politique","20":"tag-republique-francaise","21":"tag-rouen"},"share_on_mastodon":{"url":"https:\/\/pubeurope.com\/@fr\/115672868459996017","error":""},"_links":{"self":[{"href":"https:\/\/www.europesays.com\/fr\/wp-json\/wp\/v2\/posts\/582194","targetHints":{"allow":["GET"]}}],"collection":[{"href":"https:\/\/www.europesays.com\/fr\/wp-json\/wp\/v2\/posts"}],"about":[{"href":"https:\/\/www.europesays.com\/fr\/wp-json\/wp\/v2\/types\/post"}],"author":[{"embeddable":true,"href":"https:\/\/www.europesays.com\/fr\/wp-json\/wp\/v2\/users\/2"}],"replies":[{"embeddable":true,"href":"https:\/\/www.europesays.com\/fr\/wp-json\/wp\/v2\/comments?post=582194"}],"version-history":[{"count":0,"href":"https:\/\/www.europesays.com\/fr\/wp-json\/wp\/v2\/posts\/582194\/revisions"}],"wp:featuredmedia":[{"embeddable":true,"href":"https:\/\/www.europesays.com\/fr\/wp-json\/wp\/v2\/media\/582195"}],"wp:attachment":[{"href":"https:\/\/www.europesays.com\/fr\/wp-json\/wp\/v2\/media?parent=582194"}],"wp:term":[{"taxonomy":"category","embeddable":true,"href":"https:\/\/www.europesays.com\/fr\/wp-json\/wp\/v2\/categories?post=582194"},{"taxonomy":"post_tag","embeddable":true,"href":"https:\/\/www.europesays.com\/fr\/wp-json\/wp\/v2\/tags?post=582194"}],"curies":[{"name":"wp","href":"https:\/\/api.w.org\/{rel}","templated":true}]}}