{"id":582198,"date":"2025-12-06T13:33:25","date_gmt":"2025-12-06T13:33:25","guid":{"rendered":"https:\/\/www.europesays.com\/fr\/582198\/"},"modified":"2025-12-06T13:33:25","modified_gmt":"2025-12-06T13:33:25","slug":"gorillaz-a-musilac-mais-quelle-edition","status":"publish","type":"post","link":"https:\/\/www.europesays.com\/fr\/582198\/","title":{"rendered":"Gorillaz \u00e0 Musilac : mais quelle \u00e9dition !"},"content":{"rendered":"<p>03\/12\/2025 &#8211; 15:39<\/p>\n<p>\t\t\t\t\t\t\t\t&#13;<br \/>\n&#13;<br \/>\n&#13;<br \/>\n&#13;<br \/>\n&#13;<\/p>\n<p>Musilac n\u2019en finit plus de cr\u00e9er l\u2019\u00e9v\u00e9nement ! Le plus grand festival pop-rock de la r\u00e9gion, organis\u00e9 par l&rsquo;\u00e9quipe grenobloise de RPO, affole plusieurs g\u00e9n\u00e9rations au fil des coups d&rsquo;\u00e9clat : apr\u00e8s Katy Perry, OrelSan, Jamiroquai et Bigflo &amp; Oli, c\u2019est une \u00e9norme annonce qui vient de tomber : Gorillaz se produira \u00e0 Aix-les-Bains !<\/p>\n<p><strong>Gorillaz + Jamiroquai : une affiche d\u00e9j\u00e0 l\u00e9gendaire<\/strong><\/p>\n<p>Jusqu\u2019ici, <strong>aucune date fran\u00e7aise n\u2019\u00e9tait pr\u00e9vue<\/strong> pour le side project embl\u00e9matique de <strong>Damon Albarn<\/strong> (fondateur et chanteur du groupe <strong>Blur<\/strong>)\u2014 seulement le Luxembourg et la Belgique figuraient au calendrier. \u00ab\u00a0Musilac est pour l&rsquo;instant la seule sc\u00e8ne fran\u00e7aise \u00e0 accueillir le collectif britannique\u00a0\u00bb, explique l&rsquo;\u00e9quipe de RPO. Et cerise sur le g\u00e2teau : <strong>Gorillaz<\/strong> jouera <strong>le m\u00eame soir que Jamiroquai <\/strong>au bord du Lac du Bourget, le<strong> samedi 11 juillet<\/strong>. Un combo in\u00e9dit, qui pourrait bien faire de cette soir\u00e9e l\u2019un des moments les plus courus de cette \u00e9dition.<\/p>\n<p>Gorillaz viendra notamment pr\u00e9senter son <strong>nouvel album, The Mountain<\/strong>, dont la sortie est annonc\u00e9e pour le <strong>20 mars 2026<\/strong> : un opus polyglotte de 15 titres chant\u00e9s en cinq langues, pens\u00e9 comme un miroir des fractures et collisions du monde. Une tourn\u00e9e britannique est d\u00e9j\u00e0 pr\u00e9vue, avec un concert g\u00e9ant au Tottenham Hotspur Stadium dans la foul\u00e9e.<\/p>\n<p><strong>Une \u00e9dition 2026 qui s\u2019annonce monumentale<\/strong><\/p>\n<p>Si l\u2019annonce de Gorillaz secoue d\u00e9j\u00e0 la sph\u00e8re musicale, elle vient s\u2019ajouter \u00e0 <strong>un line-up particuli\u00e8rement solide<\/strong> :<\/p>\n<p><strong>Jeudi 9 juillet : Katy Perry<\/strong>, <a href=\"https:\/\/www.telegrenoble.net\/informations-grenoble\/actualite\/katy-perry-a-musilac-en-juillet-2026_7320.html\" target=\"_blank\" rel=\"noopener\">de retour en France avec plusieurs dates estivales<\/a>.<br \/><strong>Vendredi 10 juillet : OrelSan<\/strong>, qui d\u00e9voilera en d\u00e9but d\u2019ann\u00e9e son nouvel album avant une tourn\u00e9e tr\u00e8s attendue.<br \/><strong>Samedi 11 juillet : Jamiroquai + Gorillaz,<\/strong> un duo rare qui promet un v\u00e9ritable raz-de-mar\u00e9e sur les bords du lac.<br \/><strong>Dimanche 12 juillet : Bigflo &amp; Oli<\/strong>, charg\u00e9s de conclure en beaut\u00e9 cette \u00e9dition qui pourrait bien rester dans les annales.<\/p>\n<p>Et on attend la suite ! O\u00f9 s&rsquo;arr\u00eatera ce mill\u00e9sime ? T\u00e9l\u00e9Grenoble, reste \u00e0 l&rsquo;aff\u00fbt des annonces de son voisin de la rue d&rsquo;en face <strong>R\u00e9mi Perrier et toute son \u00e9quipe de RPO<\/strong> !\u00a0 Une r\u00e9ussite qui fait la fiert\u00e9 des Grenoblois, et continue de faire rayonner la sc\u00e8ne musicale dans toute la r\u00e9gion&#8230;<\/p>\n","protected":false},"excerpt":{"rendered":"03\/12\/2025 &#8211; 15:39 &#13; &#13; &#13; &#13; &#13; Musilac n\u2019en finit plus de cr\u00e9er l\u2019\u00e9v\u00e9nement ! Le plus&hellip;\n","protected":false},"author":2,"featured_media":582199,"comment_status":"","ping_status":"","sticky":false,"template":"","format":"standard","meta":{"footnotes":""},"categories":[9566],"tags":[1111,11,2430,1777,674,1011,27,2731,12,25],"class_list":{"0":"post-582198","1":"post","2":"type-post","3":"status-publish","4":"format-standard","5":"has-post-thumbnail","7":"category-grenoble","8":"tag-actu","9":"tag-actualites","10":"tag-auvergne-rhone-alpes","11":"tag-eu","12":"tag-europe","13":"tag-fr","14":"tag-france","15":"tag-grenoble","16":"tag-news","17":"tag-republique-francaise"},"share_on_mastodon":{"url":"https:\/\/pubeurope.com\/@fr\/115672881910592633","error":""},"_links":{"self":[{"href":"https:\/\/www.europesays.com\/fr\/wp-json\/wp\/v2\/posts\/582198","targetHints":{"allow":["GET"]}}],"collection":[{"href":"https:\/\/www.europesays.com\/fr\/wp-json\/wp\/v2\/posts"}],"about":[{"href":"https:\/\/www.europesays.com\/fr\/wp-json\/wp\/v2\/types\/post"}],"author":[{"embeddable":true,"href":"https:\/\/www.europesays.com\/fr\/wp-json\/wp\/v2\/users\/2"}],"replies":[{"embeddable":true,"href":"https:\/\/www.europesays.com\/fr\/wp-json\/wp\/v2\/comments?post=582198"}],"version-history":[{"count":0,"href":"https:\/\/www.europesays.com\/fr\/wp-json\/wp\/v2\/posts\/582198\/revisions"}],"wp:featuredmedia":[{"embeddable":true,"href":"https:\/\/www.europesays.com\/fr\/wp-json\/wp\/v2\/media\/582199"}],"wp:attachment":[{"href":"https:\/\/www.europesays.com\/fr\/wp-json\/wp\/v2\/media?parent=582198"}],"wp:term":[{"taxonomy":"category","embeddable":true,"href":"https:\/\/www.europesays.com\/fr\/wp-json\/wp\/v2\/categories?post=582198"},{"taxonomy":"post_tag","embeddable":true,"href":"https:\/\/www.europesays.com\/fr\/wp-json\/wp\/v2\/tags?post=582198"}],"curies":[{"name":"wp","href":"https:\/\/api.w.org\/{rel}","templated":true}]}}