{"id":58220,"date":"2025-04-28T02:42:09","date_gmt":"2025-04-28T02:42:09","guid":{"rendered":"https:\/\/www.europesays.com\/fr\/58220\/"},"modified":"2025-04-28T02:42:09","modified_gmt":"2025-04-28T02:42:09","slug":"la-coree-du-nord-confirme-pour-la-premiere-fois-le-deploiement-de-troupes-en-russie","status":"publish","type":"post","link":"https:\/\/www.europesays.com\/fr\/58220\/","title":{"rendered":"La Cor\u00e9e du Nord confirme pour la premi\u00e8re fois le d\u00e9ploiement de troupes en Russie"},"content":{"rendered":"<p>Depuis plusieurs mois, Kiev, Sud-Cor\u00e9ens et Occidentaux d\u00e9non\u00e7aient la participation de plusieurs milliers de soldats nord-cor\u00e9ens dans les combats, ce que Moscou et Pyongyang avaient toujours refus\u00e9 d\u2019admettre.<\/p>\n<p class=\"fig-paragraph\">La\u00a0<a href=\"http:\/\/www.lefigaro.fr\/international\/dossier\/coree-du-nord-le-monde-face-aux-provocations-de-kim-jong-un\" data-fig-type=\"Topic\" data-gtm-custom-categorie=\"navigation\" data-gtm-custom-action=\"crossclick\" data-gtm-custom-label=\"Contextuel\" data-gtm-event=\"customEventSPE\" data-fig-domain=\"LEFIGARO\" rel=\"nofollow noopener\" target=\"_blank\">Cor\u00e9e du Nord<\/a>\u00a0a confirm\u00e9 pour la premi\u00e8re fois avoir envoy\u00e9 des troupes en Russie, rapporte l&rsquo;agence d&rsquo;\u00c9tat KCNA lundi, affirmant que ses soldats avaient aid\u00e9\u00a0<a href=\"http:\/\/www.lefigaro.fr\/international\/dossier\/attentat-de-moscou-nos-reportages-et-analyses-pour-tout-comprendre\" data-fig-type=\"Topic\" data-gtm-custom-categorie=\"navigation\" data-gtm-custom-action=\"crossclick\" data-gtm-custom-label=\"Contextuel\" data-gtm-event=\"customEventSPE\" data-fig-domain=\"LEFIGARO\" rel=\"nofollow noopener\" target=\"_blank\">Moscou\u00a0<\/a>\u00e0 reprendre les zones de la r\u00e9gion russe de Koursk sous contr\u00f4le ukrainien pendant des mois.<\/p>\n<p class=\"fig-paragraph\">KCNA a expliqu\u00e9 que des \u00absous-unit\u00e9s\u00bb des \u00abforces arm\u00e9es\u00bb nord-cor\u00e9ennes avaient \u00abparticip\u00e9 aux op\u00e9rations de lib\u00e9ration des zones de Koursk\u00bb occup\u00e9es, assurant que l&rsquo;effort de guerre de ces soldats s&rsquo;\u00e9tait \u00abconclu victorieusement\u00bb. \u00abCeux qui se sont battus pour la justice sont tous des h\u00e9ros et des repr\u00e9sentants de l&rsquo;honneur de la patrie\u00bb, a d\u00e9clar\u00e9 le dirigeant nord-cor\u00e9en Kim Jong Un, cit\u00e9 par KCNA. Il a ajout\u00e9 qu&rsquo;un monument comm\u00e9morant les \u00abexploits de la bataille\u00bb serait bient\u00f4t \u00e9rig\u00e9 dans la capitale Pyongyang.<\/p>\n<p class=\"fig-paragraph\">Depuis plusieurs mois, Kiev, Sud-Cor\u00e9ens et Occidentaux d\u00e9non\u00e7aient la participation de plusieurs milliers de soldats nord-cor\u00e9ens dans les combats, ce que Moscou et Pyongyang avaient toujours refus\u00e9 d&rsquo;admettre. La Russie et la Cor\u00e9e du Nord ont sign\u00e9 en juin 2024 un accord de partenariat strat\u00e9gique commun qui pr\u00e9voit une aide militaire \u00abmutuelle\u00bb en cas d&rsquo;attaque contre l&rsquo;un des deux pays.<\/p>\n<p>\u00abCourage et d\u2019h\u00e9ro\u00efsme\u00bb<\/p>\n<p class=\"fig-paragraph\">Cette premi\u00e8re confirmation nord-cor\u00e9enne du d\u00e9ploiement de troupes en Russie survient apr\u00e8s que Moscou a revendiqu\u00e9 samedi la reprise compl\u00e8te de sa r\u00e9gion frontali\u00e8re de Koursk, Kiev qualifiant de \u00abfausses\u00bb et de \u00abpropagande\u00bb cette annonce.<\/p>\n<p class=\"fig-paragraph\">Dans son discours, le chef d&rsquo;\u00e9tat-major russe Val\u00e9ri Gu\u00e9rassimov a salu\u00e9 samedi \u00abl&rsquo;h\u00e9ro\u00efsme\u00bb des combattants nord-cor\u00e9ens mobilis\u00e9s pour reprendre cette r\u00e9gion, premi\u00e8re confirmation officielle de Moscou de \u00abla participation\u00bb, d&rsquo;apr\u00e8s ses mots, de ses soldats aux hostilit\u00e9s dans cette zone. \u00abLes soldats et les officiers de l&rsquo;arm\u00e9e nord-cor\u00e9enne, qui ont combattu aux c\u00f4t\u00e9s des militaires russes, ont fait preuve d&rsquo;un grand professionnalisme, de r\u00e9silience, de courage et d&rsquo;h\u00e9ro\u00efsme pour repousser l&rsquo;invasion ukrainienne\u00bb, a-t-il dit, se f\u00e9licitant de \u00abl&rsquo;aide importante\u00bb apport\u00e9e.<\/p>\n<p class=\"fig-paragraph\">Depuis plusieurs semaines, les troupes ukrainiennes \u00e9taient sur le recul dans cette zone du front, l&rsquo;arm\u00e9e russe reprenant petit \u00e0 petit du territoire. Elles occupaient initialement depuis ao\u00fbt 2024 plusieurs centaines de kilom\u00e8tres carr\u00e9s, avant que la poche sous son contr\u00f4le ne se r\u00e9duise \u00e0 peau de chagrin ces derniers jours.<\/p>\n","protected":false},"excerpt":{"rendered":"Depuis plusieurs mois, Kiev, Sud-Cor\u00e9ens et Occidentaux d\u00e9non\u00e7aient la participation de plusieurs milliers de soldats nord-cor\u00e9ens dans les&hellip;\n","protected":false},"author":2,"featured_media":58221,"comment_status":"","ping_status":"","sticky":false,"template":"","format":"standard","meta":{"footnotes":""},"categories":[1591],"tags":[259,11,260,13987,1887,131,14,261,12,262,1885,1886,132],"class_list":{"0":"post-58220","1":"post","2":"type-post","3":"status-publish","4":"format-standard","5":"has-post-thumbnail","7":"category-russie","8":"tag-actualite-internationale","9":"tag-actualites","10":"tag-affaires-etrangeres","11":"tag-coree-du-nord","12":"tag-federation-de-russie","13":"tag-guerre-en-ukraine","14":"tag-international","15":"tag-ministere-des-affaires-etrangeres","16":"tag-news","17":"tag-politique-etrangere","18":"tag-russia","19":"tag-russian-federation","20":"tag-russie"},"share_on_mastodon":{"url":"https:\/\/pubeurope.com\/@fr\/114413289129557727","error":""},"_links":{"self":[{"href":"https:\/\/www.europesays.com\/fr\/wp-json\/wp\/v2\/posts\/58220","targetHints":{"allow":["GET"]}}],"collection":[{"href":"https:\/\/www.europesays.com\/fr\/wp-json\/wp\/v2\/posts"}],"about":[{"href":"https:\/\/www.europesays.com\/fr\/wp-json\/wp\/v2\/types\/post"}],"author":[{"embeddable":true,"href":"https:\/\/www.europesays.com\/fr\/wp-json\/wp\/v2\/users\/2"}],"replies":[{"embeddable":true,"href":"https:\/\/www.europesays.com\/fr\/wp-json\/wp\/v2\/comments?post=58220"}],"version-history":[{"count":0,"href":"https:\/\/www.europesays.com\/fr\/wp-json\/wp\/v2\/posts\/58220\/revisions"}],"wp:featuredmedia":[{"embeddable":true,"href":"https:\/\/www.europesays.com\/fr\/wp-json\/wp\/v2\/media\/58221"}],"wp:attachment":[{"href":"https:\/\/www.europesays.com\/fr\/wp-json\/wp\/v2\/media?parent=58220"}],"wp:term":[{"taxonomy":"category","embeddable":true,"href":"https:\/\/www.europesays.com\/fr\/wp-json\/wp\/v2\/categories?post=58220"},{"taxonomy":"post_tag","embeddable":true,"href":"https:\/\/www.europesays.com\/fr\/wp-json\/wp\/v2\/tags?post=58220"}],"curies":[{"name":"wp","href":"https:\/\/api.w.org\/{rel}","templated":true}]}}