{"id":582200,"date":"2025-12-06T13:34:53","date_gmt":"2025-12-06T13:34:53","guid":{"rendered":"https:\/\/www.europesays.com\/fr\/582200\/"},"modified":"2025-12-06T13:34:53","modified_gmt":"2025-12-06T13:34:53","slug":"pro-d2-le-bateau-prend-leau-on-est-tres-malades-a-grenoble-un-naufrage-qui-pose-question","status":"publish","type":"post","link":"https:\/\/www.europesays.com\/fr\/582200\/","title":{"rendered":"Pro D2 \u2013 \u00ab\u00a0Le bateau prend l\u2019eau\u00a0\u00bb, \u00ab\u00a0On est tr\u00e8s malades\u00a0\u00bb\u00a0: \u00e0 Grenoble, un naufrage qui pose question"},"content":{"rendered":"<p>\n                Toujours dans le match \u00e0 l\u2019heure de jeu, les Grenoblois de Bastien Soury ont coul\u00e9 dans les 20 derni\u00e8res minutes pour finalement encaisser le plus lourd revers de leur saison (43-7). Comme l\u2019assument Romain Fusier et l\u2019entra\u00eeneur principal Jeff Dubois, le FCG est dans le dur et va vite devoir trouver des solutions pour ne pas sombrer.\n            <\/p>\n<p>Les saisons se suivent, mais ne se ressemblent pas pour Grenoble. Finaliste malheureux des trois derni\u00e8res \u00e9ditions, les Is\u00e9rois sont enlis\u00e9s dans le ventre mou du Pro D2 et la d\u00e9route \u00e0 Colomiers en ouverture de la 13e journ\u00e9e n\u2019est pas pour rassurer. Pourtant, face \u00e0 un h\u00f4te aux id\u00e9es de jeu port\u00e9es sur l\u2019offensive, les conditions m\u00e9t\u00e9orologiques \u00e9taient une pr\u00e9cieuse aide pour d\u00e9crocher, enfin, cette premi\u00e8re victoire \u00e0 l\u2019ext\u00e9rieur depuis l\u2019arriv\u00e9e de Jeff Dubois aux commandes. Le plan semblait clair\u00a0: capitaliser sur les erreurs d\u2019une \u00e9quipe colum\u00e9rine joueuse et maladroite la semaine pr\u00e9c\u00e9dente \u00e0 Brive, ce qui fut le cas pendant soixante minutes, jusqu\u2019\u00e0 cette occasion manqu\u00e9e apr\u00e8s une belle perc\u00e9e de Costa Storti, imm\u00e9diatement punie par un essai en contre\u00a0: \u00ab\u00a0C\u2019est le coup de massue qui nous a fait plonger, reconna\u00eet Bastien Soury. Apr\u00e8s \u00e7a, c\u2019est la descente aux enfers. C\u2019est l\u2019explosion compl\u00e8te. Et \u00e7a, ce n\u2019est pas normal.\u00a0\u00bb<\/p>\n<p>Le talonneur qui f\u00eatait son premier capitanat avec le FCG est lucide. Apr\u00e8s l\u2019heure de jeu, la lumi\u00e8re s\u2019est brusquement \u00e9teinte et avec 21 points encaiss\u00e9s en 19 minutes, l\u2019addition est sal\u00e9e\u00a0: \u00ab\u00a0Je n\u2019explique pas comment on a pu baisser les bras, rembobine le trois-quarts centre Romain Fusier. On n\u2019est pas en confiance, cela se voit, mais je peux vous dire qu\u2019on travaille \u00e0 l\u2019entra\u00eenement. Peut-\u00eatre pas assez, mais on fait les efforts pour revenir sur nos standards de la saison pass\u00e9e.\u00a0\u00bb \u00ab\u00a0C\u2019est incompr\u00e9hensible, abonde Jeff Dubois. Ce n\u2019est pas le score qui me d\u00e9\u00e7oit en soi, c\u2019est plut\u00f4t le fait qu\u2019on s\u2019\u00e9croule alors qu\u2019on \u00e9tait dedans, et je veux comprendre pourquoi. Il y a des mauvais choix, certes, mais l\u2019\u00e9tat d\u2019esprit est d\u00e9cevant.\u00a0\u00bb<\/p>\n<p>Des attitudes en question<\/p>\n<p>Constamment pr\u00e9sent dans le top 4 du championnat lors des trois derni\u00e8res saisons, le FCG n\u2019y est plus. Et des attitudes ne trompent pas, \u00e0 l\u2019image d\u2019une fin de match galvaud\u00e9e o\u00f9 certains joueurs \u2013 apr\u00e8s le sixi\u00e8me essai encaiss\u00e9 \u00e0 la sir\u00e8ne \u2013 semblaient bien press\u00e9s de rejoindre le vestiaire. Pour la premi\u00e8re fois de la saison, les Grenoblois ont l\u00e2ch\u00e9 dans les t\u00eates, et au-del\u00e0 de la d\u00e9faite, c\u2019est ce qui semblait le plus difficile \u00e0 accepter\u00a0: \u00ab\u00a0C\u2019est ce qui d\u00e9range tout le monde, nous en avons discut\u00e9 apr\u00e8s le match tous ensemble car depuis que je suis arriv\u00e9, je n\u2019avais jamais senti le groupe l\u00e2cher, pose Soury. Il faut que tout le monde se regarde. Nous sommes sur le terrain, nous devons assumer la responsabilit\u00e9.\u00a0\u00bb<\/p>\n<p>Si la d\u00e9route est totale, reste que Grenoble a eu des occasions pour faire douter cette \u00e9quipe colum\u00e9rine. Par deux fois, Raffaele Costa Storti est parvenu \u00e0 breaker la d\u00e9fense sans pour autant finir les actions. Une responsabilit\u00e9 difficile \u00e0 imputer au seul ailier, tant il fut le seul v\u00e9ritable danger de l\u2019attaque grenobloise. D\u00e8s lors, la sortie\u00a0un brin accusatrice\u00a0de Romain Fusier \u00e0 l\u2019encontre de son co\u00e9quipier d\u00e9tonne, et en dit long sur la frustration qui anime une \u00e9quipe\u00a0cens\u00e9e \u00e9voluer avec les autres cadors de la D2\u00a0: \u00ab\u00a0Deux fois je crois que c\u2019est &lsquo;Raffa&rsquo; qui va pour marquer, et je ne comprends pas comment on fait pour ne pas scorer. \u00c0 chaud comme \u00e7a pour moi c\u2019est une erreur de sa part. On verra \u00e7a \u00e0 la vid\u00e9o, mais on a clairement deux \u00ab\u00a0p\u00e9naltys\u00a0\u00bb qu\u2019on ne met pas au fond, c\u2019est dommageable. Je suis d\u00e9\u00e7u car si on avait mis ces essais, le r\u00e9sultat n\u2019aurait pas \u00e9t\u00e9 le m\u00eame.\u00a0\u00bb<\/p>\n<p>Ce groupe qui mena\u00e7ait de faire gr\u00e8ve il y a deux mois en marge de la 6e journ\u00e9e a-t-il dig\u00e9r\u00e9 le d\u00e9part du tr\u00e8s appr\u00e9ci\u00e9 Nicolas Nadau\u00a0? Est-il align\u00e9 sur le nouveau projet port\u00e9 par l\u2019ex-entra\u00eeneur de Dax\u00a0? Et plus largement, a-t-il la force de se relever apr\u00e8s trois finales et autant d\u2019access-matchs perdus\u00a0? Pr\u00e9sent aussi pour assumer, Jeff Dubois semblait \u00e0 la fois attrist\u00e9 des manques de son \u00e9quipe, songeur quant aux raisons de cet abandon, mais pas pour autant fataliste\u00a0: \u00ab\u00a0Recentrer le groupe\u00a0? C\u2019est une bonne question. J\u2019ai plus envie qu\u2019il continue \u00e0 vivre malgr\u00e9 le fait que certains aient la t\u00eate ailleurs, m\u00eame si ce ne sont pas forc\u00e9ment ces joueurs-l\u00e0 qui sont pass\u00e9s \u00e0 c\u00f4t\u00e9 ce soir. Je pense simplement qu\u2019il faut se dire les choses. Repartir de z\u00e9ro. Tourner la page du pass\u00e9. Des cadres ont pris la parole, il faut que tout le monde s\u2019exprime. Mais on ne peut pas continuer comme \u00e7a.\u00a0\u00bb<\/p>\n<p>Une r\u00e9action attendue<\/p>\n<p>S\u2019il s\u2019est laiss\u00e9 le temps du trajet retour en bus jusqu\u2019\u00e0 Grenoble pour la r\u00e9flexion, Jeff Dubois a promis de rapidement \u00ab\u00a0changer des choses\u00a0\u00bb car son \u00e9quipe est \u00ab\u00a0tr\u00e8s malade\u00a0\u00bb selon ses propres dires. Il le faut, car la suite s\u2019annonce ardue pour le FCG. Un \u00ab\u00a0derby\u00a0\u00bb chez le voisin Valence Romans \u2013 r\u00e9v\u00e9lation de cette premi\u00e8re partie de tableau \u2013, avant la r\u00e9ception de Dax, et un d\u00e9placement \u00e0 Aix-en-Provence. Rien n\u2019est d\u00e9finitif, \u00e9videmment, pour la qualification, mais la crise de r\u00e9sultats et de confiance est bel et bien l\u00e0. \u00ab\u00a0On est dans le dur, assume Soury, et c\u2019est \u00e0 nous de d\u00e9cider maintenant, d\u2019abord en se regardant individuellement, tous, moi le premier, puis en \u00e9tant en capacit\u00e9 de se dire les choses. Il va falloir r\u00e9agir en \u00e9quipe si on ne veut pas que la saison soit tr\u00e8s longue. Nous sommes dans le m\u00eame bateau, et il est en train de prendre l\u2019eau.\u00a0\u00bb<\/p>\n<p>Orgueil, fiert\u00e9, amour du club\u00a0: tous les ressorts seront bons pour aller chercher une r\u00e9action que tous appellent de leurs v\u0153ux. Car si les Grenoblois en ont vu d\u2019autres, la Pro D2 n\u2019attend pas et s\u2019est d\u00e9j\u00e0 montr\u00e9e intraitable avec d\u2019anciens pr\u00e9tendants \u00e0 la mont\u00e9e. \u00c0 eux d\u00e9sormais de trouver les ressources pour se relever comme ils l\u2019ont d\u00e9j\u00e0 d\u00e9montr\u00e9 par le pass\u00e9 afin de ne pas hypoth\u00e9quer leurs ambitions de qualification.<\/p>\n","protected":false},"excerpt":{"rendered":"Toujours dans le match \u00e0 l\u2019heure de jeu, les Grenoblois de Bastien Soury ont coul\u00e9 dans les 20&hellip;\n","protected":false},"author":2,"featured_media":582201,"comment_status":"","ping_status":"","sticky":false,"template":"","format":"standard","meta":{"footnotes":""},"categories":[9566],"tags":[1111,11,2430,1777,674,1011,27,2731,12,2308,25,68796],"class_list":{"0":"post-582200","1":"post","2":"type-post","3":"status-publish","4":"format-standard","5":"has-post-thumbnail","7":"category-grenoble","8":"tag-actu","9":"tag-actualites","10":"tag-auvergne-rhone-alpes","11":"tag-eu","12":"tag-europe","13":"tag-fr","14":"tag-france","15":"tag-grenoble","16":"tag-news","17":"tag-pro-d2","18":"tag-republique-francaise","19":"tag-rugby-u00e0-xv"},"share_on_mastodon":{"url":"https:\/\/pubeurope.com\/@fr\/115672889613872255","error":""},"_links":{"self":[{"href":"https:\/\/www.europesays.com\/fr\/wp-json\/wp\/v2\/posts\/582200","targetHints":{"allow":["GET"]}}],"collection":[{"href":"https:\/\/www.europesays.com\/fr\/wp-json\/wp\/v2\/posts"}],"about":[{"href":"https:\/\/www.europesays.com\/fr\/wp-json\/wp\/v2\/types\/post"}],"author":[{"embeddable":true,"href":"https:\/\/www.europesays.com\/fr\/wp-json\/wp\/v2\/users\/2"}],"replies":[{"embeddable":true,"href":"https:\/\/www.europesays.com\/fr\/wp-json\/wp\/v2\/comments?post=582200"}],"version-history":[{"count":0,"href":"https:\/\/www.europesays.com\/fr\/wp-json\/wp\/v2\/posts\/582200\/revisions"}],"wp:featuredmedia":[{"embeddable":true,"href":"https:\/\/www.europesays.com\/fr\/wp-json\/wp\/v2\/media\/582201"}],"wp:attachment":[{"href":"https:\/\/www.europesays.com\/fr\/wp-json\/wp\/v2\/media?parent=582200"}],"wp:term":[{"taxonomy":"category","embeddable":true,"href":"https:\/\/www.europesays.com\/fr\/wp-json\/wp\/v2\/categories?post=582200"},{"taxonomy":"post_tag","embeddable":true,"href":"https:\/\/www.europesays.com\/fr\/wp-json\/wp\/v2\/tags?post=582200"}],"curies":[{"name":"wp","href":"https:\/\/api.w.org\/{rel}","templated":true}]}}