{"id":582206,"date":"2025-12-06T13:38:12","date_gmt":"2025-12-06T13:38:12","guid":{"rendered":"https:\/\/www.europesays.com\/fr\/582206\/"},"modified":"2025-12-06T13:38:12","modified_gmt":"2025-12-06T13:38:12","slug":"le-personnel-du-college-pasteur-appele-a-la-greve-mardi-9-decembre","status":"publish","type":"post","link":"https:\/\/www.europesays.com\/fr\/582206\/","title":{"rendered":"Le personnel du coll\u00e8ge Pasteur appel\u00e9 \u00e0 la gr\u00e8ve mardi 9 d\u00e9cembre"},"content":{"rendered":"<p class=\"wp-block-post-excerpt__excerpt\">Les repr\u00e9sentants du personnel du coll\u00e8ge Pasteur \u00e0 Strasbourg appellent \u00e0 la gr\u00e8ve mardi 9 d\u00e9cembre 2025. L\u2019acad\u00e9mie de Strasbourg a ajout\u00e9 une classe mais sans moyens humains suppl\u00e9mentaires qui complique le suivi des \u00e9l\u00e8ves et la gestion de l\u2019\u00e9tablissement. <\/p>\n<p class=\"font-sans\">\n\t\t\tCet article est en acc\u00e8s libre. Pour soutenir Rue89 Strasbourg,<br \/>\n\t\t\t<a class=\"underline\" href=\"https:\/\/www.rue89strasbourg.com\/abonnement\" target=\"_blank\" rel=\"noopener\">abonnez-vous<\/a>.\n\t\t<\/p>\n<p>Eva Chibane<\/p>\n<p>Publi\u00e9 le 6 d\u00e9cembre 2025\u00a0\u00a0\u00b7\u00a0\u00a0<\/p>\n<p>Imprim\u00e9 le 6 d\u00e9cembre 2025 \u00e0 13h52\u00a0\u00a0\u00b7\u00a0\u00a0<\/p>\n<p>\t\t\t\t\t2\u00a0minutes\n<\/p>\n<p>\u00ab\u00a0Deux tiers des professeurs seront en gr\u00e8ve mardi (9 d\u00e9cembre, NDLR)\u00ab\u00a0, explique Fran\u00e7ois Lecourt, repr\u00e9sentant du personnel au coll\u00e8ge Pasteur \u00e0 Strasbourg, qui appelle \u00e0 un rassemblement de toute la communaut\u00e9 \u00e9ducative et des parents devant l\u2019\u00e9tablissement.<\/p>\n<p>\u00ab\u00a0Nous n\u2019avons plus rien pour aider les jeunes en difficult\u00e9, ce n\u2019est pas g\u00e9rable pour la communaut\u00e9 \u00e9ducative\u00a0\u00bb, d\u00e9taille Fran\u00e7ois Lecourt. Depuis la rentr\u00e9e scolaire, le personnel estime souffrir de nombreux manques de moyens humains. Le coll\u00e8ge a fait sa rentr\u00e9e sans assistante sociale, sans psychologue scolaire, \u00ab\u00a0alors que les besoins d\u2019accompagnement des \u00e9l\u00e8ves sont en forte hausse\u00a0\u00bb. Il manque un poste de conseiller principal d\u2019\u00e9ducation sur les deux pr\u00e9vus pour 640 \u00e9l\u00e8ves, ainsi que trois assistants d\u2019\u00e9ducation et AESH, \u00ab\u00a0laissant plusieurs \u00e9l\u00e8ves en situation de handicap sans accompagnement adapt\u00e9\u00a0\u00bb. Tout cela, dans un \u00e9tablissement qui accueille des \u00e9l\u00e8ves \u00ab\u00a0en situation de pr\u00e9carit\u00e9\u00a0\u00bb. Deux tiers d\u2019entre eux sont boursiers, selon le repr\u00e9sentant du personnel.<\/p>\n<p>\t\tUne journ\u00e9e \u00ab\u00a0coll\u00e8ge mort\u00a0\u00bb envisag\u00e9e<\/p>\n<p>\u00ab\u00a0Le personnel n\u2019est pas habitu\u00e9 \u00e0 faire gr\u00e8ve mais il a d\u00e9cid\u00e9 de se mobiliser car il y a eu une goutte d\u2019eau, quelque chose qu\u2019on a pris pour de la provocation\u00a0\u00bb, poursuit Fran\u00e7ois Lecourt. Cette goutte d\u2019eau, c\u2019est la cr\u00e9ation, au mois de novembre 2025, d\u2019une classe de 3e redoublants, avec seulement 12 heures de cours par semaine pour ces \u00e9l\u00e8ves au lieu de 24\u00a0:<\/p>\n<blockquote class=\"wp-block-quote is-layout-flow wp-block-quote-is-layout-flow\">\n<p>\u00ab\u00a0Au printemps 2025, nous avons alert\u00e9 le rectorat de l\u2019acad\u00e9mie sur notre situation. Nous demandions en outre une classe de redoublants d\u00e8s la rentr\u00e9e scolaire. Nous n\u2019avons pas \u00e9t\u00e9 \u00e9cout\u00e9s et voil\u00e0 que d\u00e9barque cette classe, au second trimestre\u00a0!\u00a0\u00bb <\/p>\n<\/blockquote>\n<p>R\u00e9sultat : ce seront des professeurs contractuels qui accompagneront les \u00e9l\u00e8ves tandis que les jeunes n\u2019auront que 12 heures de cours par semaine, au lieu de 24. \u00ab\u00a0\u00c7a ne suffira pas pour accompagner ces jeunes\u00a0\u00bb, soupire Fran\u00e7ois Lecourt. L\u2019acad\u00e9mie de Strasbourg a d\u00e9bloqu\u00e9 en outre un demi-poste d\u2019assistant d\u2019\u00e9ducation et la pr\u00e9sence d\u2019une assistante sociale un jour par semaine jusqu\u2019en f\u00e9vrier. Mais \u00ab\u00a0c\u2019est tr\u00e8s loin de couvrir les besoins identifi\u00e9s et remont\u00e9s par les \u00e9quipes\u00a0\u00bb, poursuit le repr\u00e9sentant du personnel.<\/p>\n<p>La communaut\u00e9 \u00e9ducative r\u00e9clame \u00e0 l\u2019acad\u00e9mie de Strasbourg un renforcement \u00ab\u00a0imm\u00e9diat et significatif des moyens humains\u00a0\u00bb. \u00ab\u00a0Nous savons que nous ne sommes pas les seuls dans cette situation mais nous voulons mettre l\u2019Institution face \u00e0 ses promesses.\u00a0\u00bb Une journ\u00e9e \u00ab\u00a0coll\u00e8ge mort\u00a0\u00bb est envisag\u00e9e si la journ\u00e9e d\u2019action de mardi 9 d\u00e9cembre ne suffit pas.<\/p>\n<p>Y <strong>aller<\/strong><\/p>\n<p><strong>Rassemblement devant le coll\u00e8gue Pasteur,<\/strong> mardi 9 d\u00e9cembre 2025 \u00e0 9\u00a0h, rue Averro\u00e8s \u00e0 Strasbourg \u2013 Heyritz.<\/p>\n","protected":false},"excerpt":{"rendered":"Les repr\u00e9sentants du personnel du coll\u00e8ge Pasteur \u00e0 Strasbourg appellent \u00e0 la gr\u00e8ve mardi 9 d\u00e9cembre 2025. L\u2019acad\u00e9mie&hellip;\n","protected":false},"author":2,"featured_media":582207,"comment_status":"","ping_status":"","sticky":false,"template":"","format":"standard","meta":{"footnotes":""},"categories":[2820],"tags":[1111,11,1126,1777,674,1011,27,775,6151,2088,12,25,640],"class_list":{"0":"post-582206","1":"post","2":"type-post","3":"status-publish","4":"format-standard","5":"has-post-thumbnail","7":"category-strasbourg","8":"tag-actu","9":"tag-actualites","10":"tag-education-nationale","11":"tag-eu","12":"tag-europe","13":"tag-fr","14":"tag-france","15":"tag-grand-est","16":"tag-greve","17":"tag-manifestation","18":"tag-news","19":"tag-republique-francaise","20":"tag-strasbourg"},"share_on_mastodon":{"url":"https:\/\/pubeurope.com\/@fr\/115672901538776817","error":""},"_links":{"self":[{"href":"https:\/\/www.europesays.com\/fr\/wp-json\/wp\/v2\/posts\/582206","targetHints":{"allow":["GET"]}}],"collection":[{"href":"https:\/\/www.europesays.com\/fr\/wp-json\/wp\/v2\/posts"}],"about":[{"href":"https:\/\/www.europesays.com\/fr\/wp-json\/wp\/v2\/types\/post"}],"author":[{"embeddable":true,"href":"https:\/\/www.europesays.com\/fr\/wp-json\/wp\/v2\/users\/2"}],"replies":[{"embeddable":true,"href":"https:\/\/www.europesays.com\/fr\/wp-json\/wp\/v2\/comments?post=582206"}],"version-history":[{"count":0,"href":"https:\/\/www.europesays.com\/fr\/wp-json\/wp\/v2\/posts\/582206\/revisions"}],"wp:featuredmedia":[{"embeddable":true,"href":"https:\/\/www.europesays.com\/fr\/wp-json\/wp\/v2\/media\/582207"}],"wp:attachment":[{"href":"https:\/\/www.europesays.com\/fr\/wp-json\/wp\/v2\/media?parent=582206"}],"wp:term":[{"taxonomy":"category","embeddable":true,"href":"https:\/\/www.europesays.com\/fr\/wp-json\/wp\/v2\/categories?post=582206"},{"taxonomy":"post_tag","embeddable":true,"href":"https:\/\/www.europesays.com\/fr\/wp-json\/wp\/v2\/tags?post=582206"}],"curies":[{"name":"wp","href":"https:\/\/api.w.org\/{rel}","templated":true}]}}